{"id":23204,"date":"2011-12-28T15:04:36","date_gmt":"2011-12-28T20:04:36","guid":{"rendered":"http:\/\/diarioelpopular.com\/?p=23204"},"modified":"2011-12-28T15:04:36","modified_gmt":"2011-12-28T20:04:36","slug":"notas-del-futbol-hispano-24","status":"publish","type":"post","link":"https:\/\/diarioelpopular.com\/index.php\/2011\/12\/28\/notas-del-futbol-hispano-24\/","title":{"rendered":"Notas del f\u00fatbol hispano"},"content":{"rendered":"<p><em>Esto se acaba, se\u00f1ores, esto se va a acabar, esto se acab\u00f3. S\u00ed, en tres d\u00edas m\u00e1s estaremos en el nuevo a\u00f1o 2012, que nos traer\u00e1 sorpresas agradables y algunas no muy buenas, pero quisi\u00e9ramos que para los lectores de estas columnas todo fueran buenas noticias, es nuestro real pensamiento. Creemos que las personas que hacen deportes, en nuestro caso el f\u00fatbol o indoor soccer, tienen un gran sentido de responsabilidad no solo en las canchas tambi\u00e9n en sus vidas particulares, con sus familias y personas que los rodean. Por eso a todos aquellos deportistas respetuosos les deseamos un gran a\u00f1o 2012, muy venturoso y de grandes \u00e9xitos.<\/em><\/p>\n<p>Fotogaler\u00eda:<\/p>\n<p>[portfolio_slideshow exclude=&#8221;23226,23225,23224,23223,23222,23221,23219,23218&#8243;]<\/p>\n<p>Para comenzar el a\u00f1o 2012 tenemos un gran notici\u00f3n &#8220;exclusivo&#8221;: Dos importantes ligas se unir\u00e1n en un solo torneo a partir de la primera semana de enero. Ambas instituciones, que son comandadas por dirigentes salvadore\u00f1os, han llegado a un acuerdo en las programaciones, tratando de mantener a los equipos con el puntaje que tiene hasta la \u00faltima fecha, que se jug\u00f3 las semanas anteriores. \u201cEs un tema complejo\u201d, dijo uno de los socios en esta aventura nueva, \u201cHay algunos delegados de los equipos que no quieren esta \u201cuni\u00f3n\u201d porque no comparten algunas ideas con uno u otro organizador, adem\u00e1s que no se les consult\u00f3 oportunamente sobre esta nueva liga\u201d. La \u201cCentrina Salvasur\u201d, nombre que llevar\u00e1 esta nueva liga unificada comenzar\u00e1 sus actividades en un gimnasio moderno en el centro de Toronto que tiene carpeta y medidas con especificaciones FIFA (que no da\u00f1a al deslizarse sobre ella) para el desarrollo del indoor soccer. En lo que respecta a la opini\u00f3n de nuestro diario y de quien escribe estas notas, lo hacemos saber al final de \u201cNotas del F\u00fatbol\u201d. Usted amigo lector puede comentar y opinar sobre esta ins\u00f3lita complicidad deportiva que afectar\u00e1 a nuestros deportistas locales.<\/p>\n<p>Don Carlos Brizuela dio por finalizada la competencia de la liga \u201cBurocr\u00e1tica Comercial\u201d con una concurrida jornada el viernes 23, reci\u00e9n pasado, la novedad fue ver a don Carlos, vestido de corto con la camiseta de \u201cT &amp; T\u201d adem\u00e1s que marc\u00f3 un golazo en el empate con \u201cIlobasco Roble\u201d dando la sorpresa al empatarle a dos goles, que lo hizo bajar del segundo al tercer lugar en la tabla de posiciones. La Liga \u201cBurocr\u00e1tica Comercial\u201d hace llegar a todos los integrantes de los equipos registrado en el torneo \u201cT\u00edpico Centroamericano\u201d un Feliz y Prospero A\u00f1o Nuevo.<\/p>\n<p>Don Sa\u00fal Varela, tambi\u00e9n se viste de corto rememorando su pasado en el f\u00fatbol de su pa\u00eds, pero lo hace en una liga cerca de su hogar, por all\u00e1 lejos en el norte de Toronto. La liga \u201cCentro Sur La Original\u201d donde se juega por el torneo \u201cTaca Airlines\u201d retorna a las actividades el s\u00e1bado 7 de enero 2012 con doce atractivos partidos en todas las categor\u00edas. Nos pide el activo dirigente que enviemos un gran saludo de A\u00f1o Nuevo, a nombre de toda su familia, a los participantes en el torneo \u201cTaca Airlines\u201d, que los \u00e9xitos deportivos y familiares los acompa\u00f1en por siempre.<\/p>\n<div id=\"attachment_23218\" style=\"width: 310px\" class=\"wp-caption alignright\"><a href=\"https:\/\/diarioelpopular.com\/wp-content\/uploads\/2011\/12\/FOTO-3-DIEGO-SIMEONE.jpg\"><img loading=\"lazy\" decoding=\"async\" aria-describedby=\"caption-attachment-23218\" class=\"size-medium wp-image-23218\" title=\"DIEGO SIMEONE\" src=\"https:\/\/diarioelpopular.com\/wp-content\/uploads\/2011\/12\/FOTO-3-DIEGO-SIMEONE-300x282.jpg\" alt=\"\" width=\"300\" height=\"282\" \/><\/a><p id=\"caption-attachment-23218\" class=\"wp-caption-text\">Diego Simeone ya est\u00e1 en el Atl\u00e9tico de Madrid<\/p><\/div>\n<p>El presidente del Atl\u00e9tico de Madrid, Enrique Cerezo, anunci\u00f3 que el club ha &#8220;mandado una oferta al Cholo Simeone&#8221;, que est\u00e1 &#8220;encantado&#8221; de haberla recibido, pero precis\u00f3 que &#8220;ahora hay que negociar el contrato&#8221;. &#8220;Simeone es lo que nosotros queremos y lo que la gente quiere en estos momentos&#8221;, se\u00f1al\u00f3 Cerezo. &#8220;Entre esta semana tendremos la contestaci\u00f3n&#8221;, agreg\u00f3. El presidente del Atl\u00e9tico de Madrid consider\u00f3 que el argentino Diego Pablo Simeone era &#8220;la mejor elecci\u00f3n&#8221; que ten\u00eda la entidad &#8220;en estos momentos&#8221;, y a\u00f1adi\u00f3 que no han contactado &#8220;con ning\u00fan otro entrenador&#8221;. &#8220;Es una buena opci\u00f3n, sobre todo por la ilusi\u00f3n y el cari\u00f1o con los que quiere venir&#8221;, La noticia de \u00faltima hora es que el \u201ccholo\u201d ya es el DT del Atl\u00e9tico Madrid.<\/p>\n<p>En la \u00faltima fecha de la liga \u201cBurocr\u00e1tica Comercial\u201d las escuadras de \u201cTrikeros\u201d y Mexi-Cans\u201d posaron juntos para el lente de \u201cEl Popular\u201d en una muestra de amistad deportiva y como un saludo a todos los deportista de nuestra comunidad` hispana. Para ellos y para sus familias Feliz 2012.<\/p>\n<div id=\"attachment_23219\" style=\"width: 310px\" class=\"wp-caption alignleft\"><a href=\"https:\/\/diarioelpopular.com\/wp-content\/uploads\/2011\/12\/FOTO-5-ANDRES-INIESTA.jpg\"><img loading=\"lazy\" decoding=\"async\" aria-describedby=\"caption-attachment-23219\" class=\"size-medium wp-image-23219\" title=\"ANDRES INIESTA\" src=\"https:\/\/diarioelpopular.com\/wp-content\/uploads\/2011\/12\/FOTO-5-ANDRES-INIESTA-300x248.jpg\" alt=\"\" width=\"300\" height=\"248\" \/><\/a><p id=\"caption-attachment-23219\" class=\"wp-caption-text\">Dos semanas estar\u00e1 Andr\u00e9s Iniesta apartado del Barcelona, por una lesi\u00f3n<\/p><\/div>\n<p>Andr\u00e9s Iniesta se perder\u00e1 al menos dos semanas de acci\u00f3n con el Barcelona, luego de lastimarse el muslo derecho el jueves pasado, en un partido de la Copa del Rey. El mediocampista se lesion\u00f3 al atorarse su pierna en un choque con el arquero del Hospitalet, Carlos Cravioto, a los 18 minutos del encuentro, y fue sustituido dos minutos despu\u00e9s, mientras el t\u00e9cnico Pep Guardiola se llevaba las manos a la cabeza, temiendo un problema m\u00e1s grave. El seleccionado espa\u00f1ol tiene un largo historial de problemas musculares en las piernas, y se perdi\u00f3 casi un mes de esta temporada por una lesi\u00f3n en el muslo izquierdo. Iniesta, quien anot\u00f3 a los 19 minutos, dif\u00edcilmente volver\u00e1 a jugar antes del 8 de enero, cuando su equipo se mide al Espanyol en el cl\u00e1sico de Barcelona, debido al desgarro muscular.<\/p>\n<div id=\"attachment_21906\" style=\"width: 310px\" class=\"wp-caption alignright\"><a href=\"https:\/\/diarioelpopular.com\/wp-content\/uploads\/2011\/12\/Lesi%C3%B3n-de-David-Villa.jpg\"><img loading=\"lazy\" decoding=\"async\" aria-describedby=\"caption-attachment-21906\" class=\"size-medium wp-image-21906\" title=\"Lesi\u00f3n de David Villa\" src=\"https:\/\/diarioelpopular.com\/wp-content\/uploads\/2011\/12\/Lesi%C3%B3n-de-David-Villa-300x180.jpg\" alt=\"\" width=\"300\" height=\"180\" \/><\/a><p id=\"caption-attachment-21906\" class=\"wp-caption-text\">El delantero del FC Barcelona David Villa se retuerce de dolor despu\u00e9s de fracturarse la tibia izquierda en una jugada fortuita, durante el partido de semifinales del Mundial de Clubes. Foto: Kimimasa Mayama \/ Efe<\/p><\/div>\n<p>El delantero barcelonista David Villa ha recibido el alta hospitalaria, cinco d\u00edas despu\u00e9s de que fuera intervenido quir\u00fargicamente de una fractura en la tibia izquierda, seg\u00fan ha informado el club espa\u00f1ol. A Villa, que se lesion\u00f3 durante la semifinal del Mundial de Clubes ante el Al Sadd catar\u00ed, le redujeron la fractura mediante osteos\u00edntesis (colocaci\u00f3n de un clavo endomedular), y, seg\u00fan los cirujanos que lo operaron, estar\u00e1 de baja entre cuatro y cinco meses. Los m\u00e9dicos determinaron que Villa estar\u00eda unos d\u00edas en el hospital antes de recibir el alta hospitalaria para poder pasar las fiestas de fin de ano en su domicilio y posteriormente iniciar la recuperaci\u00f3n funcional.-<\/p>\n<p>La escuadra de \u201cTazumal\u201d que participa en el torneo de la liga \u201cBurocr\u00e1tica Comercial\u201d se mantiene en el segundo lugar de la tabla de posiciones con 24 puntos en la categor\u00eda Maestros. El equipo lo integran, Roberto Mart\u00ednez, Daniel Rivas, Pedro Garc\u00eda, Jos\u00e9 Garc\u00eda, Dio Garc\u00eda, Miguel Valdivieso, Omar Carranza, Carlos Herrera, Eulogio, Eleazar Garc\u00eda y Arnoldo Carranza.- Feliz 2012 para ellos y sus respectivas familias.<\/p>\n<div id=\"attachment_23221\" style=\"width: 259px\" class=\"wp-caption alignleft\"><a href=\"https:\/\/diarioelpopular.com\/wp-content\/uploads\/2011\/12\/FOTO-10-RODAMEL-FALCAO.jpg\"><img loading=\"lazy\" decoding=\"async\" aria-describedby=\"caption-attachment-23221\" class=\"size-full wp-image-23221\" title=\"RODAMEL FALCAO\" src=\"https:\/\/diarioelpopular.com\/wp-content\/uploads\/2011\/12\/FOTO-10-RODAMEL-FALCAO.jpg\" alt=\"\" width=\"249\" height=\"292\" \/><\/a><p id=\"caption-attachment-23221\" class=\"wp-caption-text\">Rodamel Falcao, premiado en Colombia como el \u201cDeportista del A\u00f1o\u201d<\/p><\/div>\n<p>El delantero del Atl\u00e9tico de Madrid, Radamel Falcao Garc\u00eda, fue escogido como el Deportista del A\u00f1o por el diario colombiano <em>El Tiempo,<\/em> por sus triunfos con el Porto de Portugal y la liga de Europa. \u00a0Al conocer la noticia, el jugador dijo al peri\u00f3dico de mayor tiraje en Colombia que la distinci\u00f3n &#8220;es un motivo de orgullo&#8221; y lo &#8220;motiva m\u00e1s ayudar a construir una imagen positiva del pa\u00eds en el mundo&#8221;.\u00a0 Al escogerlo como el Deportista del A\u00f1o, el rotativo asegur\u00f3 que Falcao Garc\u00eda &#8220;gan\u00f3 todo con Porto, fue goleador hist\u00f3rico de la Liga de Europa y fue el fichaje colombiano m\u00e1s caro&#8221; hecho hasta ahora.<\/p>\n<div id=\"attachment_23222\" style=\"width: 178px\" class=\"wp-caption alignright\"><a href=\"https:\/\/diarioelpopular.com\/wp-content\/uploads\/2011\/12\/FOTO-12-EDO-VARGAS.jpg\"><img loading=\"lazy\" decoding=\"async\" aria-describedby=\"caption-attachment-23222\" class=\"size-full wp-image-23222 \" title=\"EDO VARGAS\" src=\"https:\/\/diarioelpopular.com\/wp-content\/uploads\/2011\/12\/FOTO-12-EDO-VARGAS.jpg\" alt=\"\" width=\"168\" height=\"168\" \/><\/a><p id=\"caption-attachment-23222\" class=\"wp-caption-text\">Eduardo Vargas, el goleador de la \u201cU\u201d de Chile, traspasado al \u201cNapoli\u201d italiano<\/p><\/div>\n<p>El presidente del Napoli, Aurelio De Laurentis, confirm\u00f3 el viernes pasado la contrataci\u00f3n del delantero chileno Eduardo Vargas. &#8220;Hemos firmado el contrato y hemos derrotado a clubes muy poderosos que quer\u00edan al jugador&#8221;, afirm\u00f3. &#8220;Estamos continuamente en la b\u00fasqueda de j\u00f3venes talentos en el mundo, que puedan aportar al crecimiento de nuestra escuadra&#8221;. El traspaso procedente de Universidad de Chile hab\u00eda sido fijado en 14,7 millones de d\u00f3lares y el jugador recibir\u00eda un salario 1,4 millones de d\u00f3lares anuales, seg\u00fan la prensa italiana. Vargas, de 22 a\u00f1os, fue el goleador de la reciente Copa Sudamericana que gan\u00f3 la &#8220;U&#8221;, y es la gran figura del plantel que se clasific\u00f3 a la final del torneo Clausura, donde busca su segundo t\u00edtulo chileno consecutivo.<\/p>\n<div id=\"attachment_23223\" style=\"width: 310px\" class=\"wp-caption alignleft\"><a href=\"https:\/\/diarioelpopular.com\/wp-content\/uploads\/2011\/12\/FOTO-14-KAKA.jpg\"><img loading=\"lazy\" decoding=\"async\" aria-describedby=\"caption-attachment-23223\" class=\"size-medium wp-image-23223\" title=\"KAKA\" src=\"https:\/\/diarioelpopular.com\/wp-content\/uploads\/2011\/12\/FOTO-14-KAKA-300x204.jpg\" alt=\"\" width=\"300\" height=\"204\" \/><\/a><p id=\"caption-attachment-23223\" class=\"wp-caption-text\">El h\u00e1bil jugador del \u201cReal Madrid\u201d Kak\u00e1 podr\u00eda irse al \u201cPar\u00eds Saint-Germain\u201d no estar\u00e1 en los planes de Jos\u00e9 \u201cZapatos de Plomo\u201d Mourinho<\/p><\/div>\n<p>El brasile\u00f1o Kak\u00e1 es el pr\u00f3ximo objetivo del Par\u00eds Saint-Germain para el pr\u00f3ximo mercado de fichajes, tras haberse asegurado la llegada del ingl\u00e9s David Beckham y del entrenador italiano Carlo Ancelotti, seg\u00fan afirma la prensa de Paris. El jugador del Real Madrid aparece como la prioridad del reclutamiento invernal del director deportivo del PSG, el brasile\u00f1o Leonardo, para reforzar al equipo. Kak\u00e1, de 29 a\u00f1os y con contrato con el Madrid hasta 2015, no es la primera opci\u00f3n de Jos\u00e9 Mourinho en el once inicial, lo que puede llevarle a pensarse la salida, asegura el rotativo. Comprado por 67 millones de euros al Mil\u00e1n, el club franc\u00e9s espera negociar su traspaso por algo menos de 40 millones.<\/p>\n<p>El centrocampista internacional espa\u00f1ol del Barcelona Cesc F\u00e1bregas ha declarado que si en el futuro tuviera que marcharse del club azulgrana, su deseo ser\u00eda regresar al Arsenal ingl\u00e9s. &#8220;Si tuviera que marcharme del Barcelona, me gustar\u00eda regresar al Arsenal. No me cuesta decir que el d\u00eda que me march\u00e9 (del Arsenal) s\u00f3lo pude decir &#8216;muchas gracias&#8217;. No pod\u00eda decir otra cosa&#8221;, ha declarado Cesc, que dej\u00f3 este verano a los Gunners para incorporarse al equipo catal\u00e1n. &#8220;Estuve a punto de llorar&#8221;, ha afirmado Cesc, de 24 a\u00f1os, al recordar su salida del Arsenal.<\/p>\n<p>La escuadra de \u201cSport Boys\u201d en el torneo \u201cTaca Airlines\u201d de la liga \u201cCentro Sur La Original\u201d en la divisi\u00f3n de M\u00e1ster tiene como sus integrantes a los experimentados jugadores Antonio Garc\u00eda, Carlos Garc\u00eda, Cesar Arana, Edgard Espinoza, Felipe Uculmana, Johnny Mu\u00f1oz, Jos\u00e9 Palomo, Joseph Ramos, Juan Solar, Julio Ledesma, Martin Garc\u00eda, Miguel Espinoza y Martin Rivera. A este elenco le ha faltado un poco de fortuna en algunos encuentros y seguramente ser\u00e1 un equipo que pronto estar\u00e1 entre los primeros lugares.-<\/p>\n<p>El verdadero h\u00e9roe del f\u00fatbol italiano en estos d\u00edas no es un jugador que dio la victoria a su equipo en el \u00faltimo minuto, ni el que marc\u00f3 el tanto m\u00e1s espectacular, sino Simone Farina, hasta ahora un desconocido defensa que milita en el Gubbio de la segunda divisi\u00f3n italiana. La gran acci\u00f3n de Farina no ha sido en los terrenos de juegos sino en los tribunales, pues el defensa, de 29 a\u00f1os, rechaz\u00f3 una importante cifra para ama\u00f1ar un encuentro de su equipo y denunci\u00f3 todo. Su gesto le ha valido la admiraci\u00f3n del todo el mundo del deporte e incluso la convocatoria &#8220;simb\u00f3lica&#8221; del seleccionador italiano, Cesare Prandelli. De esta denuncia parti\u00f3 una investigaci\u00f3n que ha permitido a los investigadores desmantelar una red que ama\u00f1aba encuentros con la colaboraci\u00f3n de algunos futbolistas para conseguir ganancias de las apuestas. En la operaci\u00f3n se detuvieron a 17 personas, entre ellas el ex capit\u00e1n de Atalanta y ex jugador del Mallorca espa\u00f1ol Cristiano Doni y otros cuatro futbolistas de divisiones inferiores del campeonato de f\u00fatbol italiano, tambi\u00e9n se sospecha de ama\u00f1os en encuentros de la Serie A (primera divisi\u00f3n) de la temporada 2010-2011.<\/p>\n<p>El excapit\u00e1n del Atalanta Cristiano Doni y otras 16 personas fueron arrestadas en toda Italia en una actual investigaci\u00f3n sobre los arreglos de partidos y de apuestas ilegales, seg\u00fan se inform\u00f3. La agencias noticiosas informaron que la investigaci\u00f3n abarc\u00f3 varios partidos de la Serie B en las \u00faltimas dos temporadas, con tres de los partidos inclusive tres de los partidos del lunes de la semana pasada. Los partidos investigados son: Brescia-Bari, Brescia-Lecce y Napoli-Sampdoria. Los partidos de la Serie A de la temporada pasada tambi\u00e9n est\u00e1n bajo investigaci\u00f3n. Entre otros arrestados figuran el ex jugador del Inter Mil\u00e1n y jugador del Roma, Luigi Luigi Sartor; otro ex jugador de la Serie B y Alessandro Zamperini y Carlo Gervasoni de Piacenza y Filippo Carobbio del Spezia. Se les acus\u00f3 de asociaci\u00f3n criminal y de fraude deportivo.<\/p>\n<div id=\"attachment_23224\" style=\"width: 210px\" class=\"wp-caption alignright\"><a href=\"https:\/\/diarioelpopular.com\/wp-content\/uploads\/2011\/12\/FOTO-18-ROMARIO.jpg\"><img loading=\"lazy\" decoding=\"async\" aria-describedby=\"caption-attachment-23224\" class=\"size-full wp-image-23224\" title=\"ROMARIO\" src=\"https:\/\/diarioelpopular.com\/wp-content\/uploads\/2011\/12\/FOTO-18-ROMARIO.jpg\" alt=\"\" width=\"200\" height=\"210\" \/><\/a><p id=\"caption-attachment-23224\" class=\"wp-caption-text\">Romario, en entredichos con la FIFA por el mundial de futbol del 2014<\/p><\/div>\n<p>La Confederaci\u00f3n Brasile\u00f1a de Futbol (CBF) donar\u00e1 32.000 entradas a partidos del Mundial del 2014 a igual n\u00famero de discapacitados, anunciaron los ex futbolistas Romario y Ronaldo. La Confederaci\u00f3n distribuir\u00e1 entre los discapacitados 500 entradas para cada partido, a\u00f1adieron. La donaci\u00f3n fue anunciada en una rueda de prensa en R\u00edo de Janeiro ofrecida por Ronaldo, miembro del consejo administrador del Comit\u00e9 Organizador Local (COL) del Mundial de 2014, y Romario en su condici\u00f3n de integrante del Frente Parlamentario de Defensa de las Personas con Deficiencias. Las entradas gratuitas ven\u00edan siendo negociadas por Romario, diputado federal del estado de R\u00edo de Janeiro, pero las conversaciones se aceleraron este mes, cuando Ronaldo fue nombrado miembro del COL. Desde que asumi\u00f3 su mandato como parlamentario, en febrero pasado, el ex goleador del Barcelona espa\u00f1ol se ha caracterizado por su trabajo en defensa de los discapacitados y por su labor como fiscalizador de la organizaci\u00f3n del Mundial.<\/p>\n<p>El exastro del f\u00fatbol brasile\u00f1o Romario, actualmente diputado del Congreso de su Pa\u00eds, denunci\u00f3 que la selecci\u00f3n de Brasil arriesga no pasar de la primera fase en el pr\u00f3ximo Mundial de F\u00fatbol 2014. &#8220;Si Brasil sigue jugando el f\u00fatbol que ha venido presentando, hay riesgo de que no pasemos ni de la primera fase&#8221;, dijo Romario en declaraciones divulgadas por la prensa brasilera. El ex goleador de la selecci\u00f3n brasile\u00f1a Romario de Souza Faria ha adoptado una posici\u00f3n cr\u00edtica con la organizaci\u00f3n del Mundial, sobre todo ante las exigencias de la FIFA. El gobierno brasile\u00f1o y la FIFA han polemizado sobre un proyecto de ley general de la Copa que est\u00e1 siendo considerado en el congreso brasile\u00f1o, el cual prev\u00e9 cobrar media entrada para mayores de 65 a\u00f1os y estudiantes -tal como establecen las leyes brasile\u00f1as- y proh\u00edbe la venta de bebidas alcoh\u00f3licas en los estadios, entre otras cosas.<\/p>\n<p>El ex futbolista brasile\u00f1o Edson Arantes do Nascimento, &#8216;Pel\u00e9&#8217;, ha mandado un mensaje de \u00e1nimo a su antiguo rival en los terrenos de juego Eusebio da Silva Ferreira, que se encuentra ingresado desde el pasado mi\u00e9rcoles en un hospital lisboeta por una neumon\u00eda. &#8220;Lamento mucho que uno de los mejores jugadores europeos de todos los tiempos est\u00e9 en el hospital. Somos muy amigos. Hace poco estuvimos juntos en Angola, pude hablar con \u00e9l y abrazarle personalmente. Espero que Eusebio se recupere r\u00e1pidamente y est\u00e9 con Dios&#8221;, asegur\u00f3 en declaraciones a la prensa. Eusebio, conocido como &#8216;La Pantera Negra&#8217;, fue hospitalizado por una neumon\u00eda el pasado mi\u00e9rcoles y tras dos d\u00edas en cuidados intensivos pas\u00f3 a planta, pero por precauci\u00f3n pasar\u00e1 la Navidad ingresado en el hospital Da Luz de Lisboa.<\/p>\n<div id=\"attachment_23225\" style=\"width: 310px\" class=\"wp-caption alignleft\"><a href=\"https:\/\/diarioelpopular.com\/wp-content\/uploads\/2011\/12\/FOTO-20-PLATINI.jpg\"><img loading=\"lazy\" decoding=\"async\" aria-describedby=\"caption-attachment-23225\" class=\"size-medium wp-image-23225\" title=\"PLATINI\" src=\"https:\/\/diarioelpopular.com\/wp-content\/uploads\/2011\/12\/FOTO-20-PLATINI-300x225.jpg\" alt=\"\" width=\"300\" height=\"225\" \/><\/a><p id=\"caption-attachment-23225\" class=\"wp-caption-text\">Para el presidente de la UEFA, Michel Platini, el mejor partido del a\u00f1o fue la final del Mundial de Clubes entre el \u201cF. C. Barcelona\u201d y el \u201cManchester United\u201d<\/p><\/div>\n<p>El presidente de la UEFA, Michel Platini, considera que la final de la Liga de Campeones, que disputaron el pasado 28 de mayo el Barcelona y el Manchester United (3-1)\u00a0 es el gran momento del a\u00f1o futbol\u00edstico del a\u00f1o 2011. En su carta de felicitaci\u00f3n navide\u00f1a, el dirigente de la UEFA, afirma que &#8220;2011 ha sido un a\u00f1o en el que el f\u00fatbol ha necesitado de una protecci\u00f3n especial&#8221; y que ha subrayado la importancia de su organizaci\u00f3n &#8220;como uno de los garantes de los valores, la estabilidad y la equidad de este deporte&#8221;. El exjugador franc\u00e9s, no obstante, resalta la final disputada entre Barcelona y Manchester, que coron\u00f3 como rey de Europa al conjunto de &#8216;Pep&#8217; Guardiola, como el gran momento futbol\u00edstico del a\u00f1o. Sin embargo, si tuviera que escoger uno ser\u00eda la final de la UEFA &#8216;Champions League&#8217; celebrada en Wembley. No s\u00f3lo fue un partido legendario, tambi\u00e9n nos record\u00f3 porque estamos todos aqu\u00ed, al servicio del f\u00fatbol y de los jugadores, sin los cuales nada ser\u00eda posible ya que hacen que este sue\u00f1o se haga realidad&#8221;, agreg\u00f3.<\/p>\n<div id=\"attachment_23226\" style=\"width: 256px\" class=\"wp-caption alignright\"><a href=\"https:\/\/diarioelpopular.com\/wp-content\/uploads\/2011\/12\/FOTO-21-ALFIO-BASILE.jpg\"><img loading=\"lazy\" decoding=\"async\" aria-describedby=\"caption-attachment-23226\" class=\"size-medium wp-image-23226\" title=\"Alfio Basile\" src=\"https:\/\/diarioelpopular.com\/wp-content\/uploads\/2011\/12\/FOTO-21-ALFIO-BASILE-246x300.jpg\" alt=\"\" width=\"246\" height=\"300\" \/><\/a><p id=\"caption-attachment-23226\" class=\"wp-caption-text\">El director t\u00e9cnico Alfio Basile vuelve al \u201cRacing Club\u201d de Argentina. Foto: AFP<\/p><\/div>\n<p>El\u00a0director t\u00e9cnico\u00a0argentino Alfio Basile ha acordado &#8216;de palabra&#8217; su regreso al Racing Club, al que ya dirigi\u00f3 tres veces, aseguraron este s\u00e1bado fuentes del equipo bonaerense. Norberto Recassens, representante del t\u00e9cnico, se reuni\u00f3 el viernes pasado con el presidente del Racing Club, Gast\u00f3n Cogorno, y en el encuentro se convinieron pr\u00e1cticamente todos los detalles para sellar el regreso de Basile. &#8216;Coco&#8217; Basile, de 68 a\u00f1os, dirigi\u00f3 al equipo &#8216;blanquiceleste&#8217; en 1977, entre 1985 y 1989, y entre 1996 y 1997. Con el Racing ascendi\u00f3 de categor\u00eda en 1985 y gan\u00f3 la Supercopa en 1988. De concretarse el fichaje, el experimentado entrenador sustituir\u00eda en el cargo a Diego Simeone. \u2013<\/p>\n<p>Si usted quiere saber algo m\u00e1s de la noticia \u201cexclusiva\u201d que publicamos al inicio de estas notas, le aconsejamos que mire el calendario, porque hoy es 28 de Diciembre, el D\u00eda de los Inocentes. \u201cHerodes mand\u00f3 a Pilatos, Pilatos mand\u00f3 a su gente, el que cree en este d\u00eda se pasa de \u201cInocente\u201d.<\/p>\n<p>Nos vemos la pr\u00f3xima semana en las notas del futbol hispano. Feliz A\u00f1o 2012.<\/p>\n","protected":false},"excerpt":{"rendered":"<p>Esto se acaba, se\u00f1ores, esto se va a acabar, esto se acab\u00f3. S\u00ed, en tres d\u00edas m\u00e1s estaremos en el nuevo a\u00f1o 2012, que nos&hellip;<\/p>\n","protected":false},"author":1,"featured_media":23216,"comment_status":"closed","ping_status":"open","sticky":false,"template":"","format":"standard","meta":{"footnotes":""},"categories":[28],"tags":[179,657],"class_list":["post-23204","post","type-post","status-publish","format-standard","has-post-thumbnail","hentry","category-deportes","tag-futbol-2","tag-futbol-hispano"],"_links":{"self":[{"href":"https:\/\/diarioelpopular.com\/index.php\/wp-json\/wp\/v2\/posts\/23204","targetHints":{"allow":["GET"]}}],"collection":[{"href":"https:\/\/diarioelpopular.com\/index.php\/wp-json\/wp\/v2\/posts"}],"about":[{"href":"https:\/\/diarioelpopular.com\/index.php\/wp-json\/wp\/v2\/types\/post"}],"author":[{"embeddable":true,"href":"https:\/\/diarioelpopular.com\/index.php\/wp-json\/wp\/v2\/users\/1"}],"replies":[{"embeddable":true,"href":"https:\/\/diarioelpopular.com\/index.php\/wp-json\/wp\/v2\/comments?post=23204"}],"version-history":[{"count":0,"href":"https:\/\/diarioelpopular.com\/index.php\/wp-json\/wp\/v2\/posts\/23204\/revisions"}],"wp:featuredmedia":[{"embeddable":true,"href":"https:\/\/diarioelpopular.com\/index.php\/wp-json\/"}],"wp:attachment":[{"href":"https:\/\/diarioelpopular.com\/index.php\/wp-json\/wp\/v2\/media?parent=23204"}],"wp:term":[{"taxonomy":"category","embeddable":true,"href":"https:\/\/diarioelpopular.com\/index.php\/wp-json\/wp\/v2\/categories?post=23204"},{"taxonomy":"post_tag","embeddable":true,"href":"https:\/\/diarioelpopular.com\/index.php\/wp-json\/wp\/v2\/tags?post=23204"}],"curies":[{"name":"wp","href":"https:\/\/api.w.org\/{rel}","templated":true}]}}