{"id":232211,"date":"2012-02-10T22:40:52","date_gmt":"2012-02-11T03:40:52","guid":{"rendered":"http:\/\/diarioelpopular.com\/?p=232211"},"modified":"2012-02-10T22:40:52","modified_gmt":"2012-02-11T03:40:52","slug":"firme-comienzo-latino-en-la-berlinale-con-la-demora","status":"publish","type":"post","link":"https:\/\/diarioelpopular.com\/index.php\/2012\/02\/10\/firme-comienzo-latino-en-la-berlinale-con-la-demora\/","title":{"rendered":"Firme comienzo latino en la Berlinale con &#8216;La demora&#8217;"},"content":{"rendered":"<div id=\"attachment_232212\" style=\"width: 710px\" class=\"wp-caption aligncenter\"><a href=\"https:\/\/diarioelpopular.com\/wp-content\/uploads\/2012\/02\/La-demora.png\"><img loading=\"lazy\" decoding=\"async\" aria-describedby=\"caption-attachment-232212\" class=\"size-full wp-image-232212\" title=\"La demora\" src=\"https:\/\/diarioelpopular.com\/wp-content\/uploads\/2012\/02\/La-demora.png\" alt=\"\" width=\"700\" height=\"420\" \/><\/a><p id=\"caption-attachment-232212\" class=\"wp-caption-text\">Imagen del filme uruguayo-mexicano &#039;La demora&#039;, dirigido por Rodrigo Pl\u00e1<\/p><\/div>\n<p><em><strong>Gemma Casadevall. Berl\u00edn.-<\/strong><\/em> Latinoam\u00e9rica toc\u00f3 este viernes la fibra de la\u00a0Berlinale\u00a0con &#8220;La demora&#8221;, un filme uruguayo-mexicano dirigido por Rodrigo Pl\u00e1 que reflexiona sobre la vejez en tiempos de crisis, muy acorde con el \u00e1nimo de la Europa que descubre su propia precariedad.<\/p>\n<p>El filme fue el primer representante del cine latinoamericano en la 62 edici\u00f3n de la\u00a0Berlinale, proyectado en la secci\u00f3n Forum, fuera de competici\u00f3n, y con el cine a rebosar, no solo por el aforo de la sala, sino tambi\u00e9n por la carga emotiva y f\u00edlmica que despleg\u00f3.<\/p>\n<p>El punto de arranque de &#8220;La demora&#8221; es la pregunta de qu\u00e9 hacer con el abuelo senil cuando ni se es suficientemente pobre como para que el Estado lo atienda ni se dispone de recursos para pagar a quien lo cuide.<\/p>\n<p>&#8220;Contamos nuestra historia con personajes que no son ajenos a uno mismo. Seres desamparados, que est\u00e1n en la franja intermedia de la sociedad, no son en absoluto unos desaprensivos, pero que de pronto se quiebran y tienen un rasgo de locura&#8221;, explic\u00f3 a EFE el director.<\/p>\n<p>Al borde de tal &#8220;accidente emocional&#8221; -como lo describe Pl\u00e1- se encuentra la desbordada madre de tres hijos -interpretada por Roxana Blanco-, a los que saca adelante en solitario trabajando en lo que puede sin desatender al abuelo -Carlos Vallarino-.<\/p>\n<p>Todos ellos representan a esa &#8220;franja intermedia&#8221; a la que alude el cineasta, nacido en Montevideo en 1968 y afincado entre su pa\u00eds y M\u00e9xico. Una &#8220;poblaci\u00f3n global, sobrepasada por la precariedad, que tanto puede estar en mi pa\u00eds como en cualquier lugar de Europa&#8221;.<\/p>\n<p>El filme naci\u00f3 de una nota de prensa, le\u00edda en M\u00e9xico, con las cifras &#8220;puras y duras de viejos abandonados por sus familias&#8221;, explic\u00f3 Laura Santullo, esposa de Pl\u00e1, adem\u00e1s de su guionista y colaboradora en, hasta ahora, tres proyectos conjuntos.<\/p>\n<p>&#8220;Quise ir m\u00e1s all\u00e1 de la noticia, tratar de entender qu\u00e9 les mueve. Imaginarme a esas personas que abandonan a sus viejos, que tal vez son buena gente que adora a su pap\u00e1, al que hasta ese d\u00eda cuidaron con mimo, y tratar de situarme yo misma en ese papel&#8221;, a\u00f1adi\u00f3 Santullo.<\/p>\n<p>El resultado son unos personajes &#8220;muy de Montevideo&#8221;, dijo Pl\u00e1, pero que tambi\u00e9n podr\u00edan en la Europa actual que de pronto descubre que la precariedad de su clase media &#8220;no es cosas de otras latitudes&#8221;, a\u00f1adi\u00f3.<\/p>\n<p>&#8220;La demora&#8221; lleg\u00f3 a la\u00a0Berlinale\u00a0aupada por el curr\u00edculum de Pl\u00e1 -premio a la \u00f3pera prima en Venecia en 2007, con &#8220;La zona&#8221;-, quien ya estuvo en ese mismo festival en 2010, como integrante del colectivo de cineastas autores del filme &#8220;Revoluci\u00f3n&#8221;.<\/p>\n<p>Fue un buen arranque para Latinoamericana en la\u00a0Berlinale, un festival receptivo con estas cinematograf\u00edas, que habitualmente han tenido uno o dos filmes a concurso, pero que esta vez est\u00e1n representados en la lucha por los Osos a trav\u00e9s de &#8220;Meteora&#8221;, del director griego nacido en Bogot\u00e1 Spiros Stathoulopoulos.<\/p>\n<p>La pel\u00edcula de Pl\u00e1 acude como producci\u00f3n uruguayo-mexicano-francesa en el contingente de filmes latinos repartidos entre las secciones Panorama, Forum y Generation, adem\u00e1s de los cortometrajes de la secci\u00f3n oficial.<\/p>\n<p>A la proyecci\u00f3n, hoy, de &#8220;La demora&#8221;, seguir\u00e1 ma\u00f1ana &#8220;Escuela normal&#8221;, de la argentina Celina Murga, y el lunes &#8220;Salsipuedes&#8221;, de su compatriota Mariano Luque.<\/p>\n<p>Entre los cortometrajes incluidos en la secci\u00f3n oficial est\u00e1 &#8220;Loxoro&#8221;, de la cineasta peruana Claudia Llosa, ganadora en 2009 del Oso de Oro con &#8220;La teta asustada&#8221;.<\/p>\n","protected":false},"excerpt":{"rendered":"<p>Latinoam\u00e9rica toc\u00f3 este viernes la fibra de la Berlinale con &#8220;La demora&#8221;, un filme uruguayo-mexicano dirigido por Rodrigo Pl\u00e1 que reflexiona sobre la vejez en tiempos de crisis, muy acorde con el \u00e1nimo de la Europa que descubre su propia precariedad.<\/p>\n","protected":false},"author":1,"featured_media":232212,"comment_status":"open","ping_status":"open","sticky":false,"template":"","format":"standard","meta":{"footnotes":""},"categories":[80],"tags":[772,1647,1648],"class_list":["post-232211","post","type-post","status-publish","format-standard","has-post-thumbnail","hentry","category-cine-2","tag-berlinale","tag-la-demora","tag-rodrigo-pla"],"_links":{"self":[{"href":"https:\/\/diarioelpopular.com\/index.php\/wp-json\/wp\/v2\/posts\/232211","targetHints":{"allow":["GET"]}}],"collection":[{"href":"https:\/\/diarioelpopular.com\/index.php\/wp-json\/wp\/v2\/posts"}],"about":[{"href":"https:\/\/diarioelpopular.com\/index.php\/wp-json\/wp\/v2\/types\/post"}],"author":[{"embeddable":true,"href":"https:\/\/diarioelpopular.com\/index.php\/wp-json\/wp\/v2\/users\/1"}],"replies":[{"embeddable":true,"href":"https:\/\/diarioelpopular.com\/index.php\/wp-json\/wp\/v2\/comments?post=232211"}],"version-history":[{"count":0,"href":"https:\/\/diarioelpopular.com\/index.php\/wp-json\/wp\/v2\/posts\/232211\/revisions"}],"wp:featuredmedia":[{"embeddable":true,"href":"https:\/\/diarioelpopular.com\/index.php\/wp-json\/"}],"wp:attachment":[{"href":"https:\/\/diarioelpopular.com\/index.php\/wp-json\/wp\/v2\/media?parent=232211"}],"wp:term":[{"taxonomy":"category","embeddable":true,"href":"https:\/\/diarioelpopular.com\/index.php\/wp-json\/wp\/v2\/categories?post=232211"},{"taxonomy":"post_tag","embeddable":true,"href":"https:\/\/diarioelpopular.com\/index.php\/wp-json\/wp\/v2\/tags?post=232211"}],"curies":[{"name":"wp","href":"https:\/\/api.w.org\/{rel}","templated":true}]}}