{"id":2350,"date":"2011-06-19T23:22:26","date_gmt":"2011-06-20T03:22:26","guid":{"rendered":"http:\/\/retrolab.ca\/elpopular\/?p=2350"},"modified":"2011-06-19T23:22:26","modified_gmt":"2011-06-20T03:22:26","slug":"el-atletico-nacional-conquista-la-liga-colombiana","status":"publish","type":"post","link":"https:\/\/diarioelpopular.com\/index.php\/2011\/06\/19\/el-atletico-nacional-conquista-la-liga-colombiana\/","title":{"rendered":"El Atl\u00e9tico Nacional conquista la Liga colombiana"},"content":{"rendered":"<div id=\"attachment_2355\" style=\"width: 236px\" class=\"wp-caption alignright\"><a href=\"http:\/\/retrolab.ca\/elpopular\/wp-content\/uploads\/2011\/06\/colok.jpg\"><img loading=\"lazy\" decoding=\"async\" aria-describedby=\"caption-attachment-2355\" class=\"size-medium wp-image-2355\" title=\"Gast\u00f3n Pezzuti \" src=\"http:\/\/retrolab.ca\/elpopular\/wp-content\/uploads\/2011\/06\/colok-226x300.jpg\" alt=\"\" width=\"226\" height=\"300\" \/><\/a><p id=\"caption-attachment-2355\" class=\"wp-caption-text\">El portero argentino del Atl\u00e9tico Nacional Gast\u00f3n Pezzuti celebra con su hijo la victoria en los penalties sobre La Equidad. Foto: Luis Eduardo Noriega \/ EFE<\/p><\/div>\n<p><em>Efe. Bogot\u00e1.-<\/em> El Atl\u00e9tico\u00a0Nacional, con el guardameta argentino Gast\u00f3n Pezzuti como h\u00e9roe al contener tres remates en una tanda de penaltis que gan\u00f3 su equipo por 3-2 a La Equidad, conquist\u00f3 este domingo su und\u00e9cimo t\u00edtulo de Liga en Colombia.<\/p>\n<p>El equipo del capit\u00e1n Pezzuti se impuso en el tiempo reglamentario por 2-1 ante sus hinchas, en Medell\u00edn, resultado id\u00e9ntico con el que La Equidad resolvi\u00f3 el partido de ida, el domingo pasado en Bogot\u00e1.<\/p>\n<p>Dorlan Pab\u00f3n (m.43) y Carlos Renter\u00eda (m.79) marcaron los goles de Atl\u00e9tico\u00a0Nacional. El suspense aument\u00f3 cuando Roberto Polo consigui\u00f3 el descuento de La Equidad a los 92 minutos.<\/p>\n<p>Con la igualdad en la serie, el Atl\u00e9tico\u00a0Nacional\u00a0domin\u00f3 la tanda de penaltis gracias a los tres cobros contenidos por el guardameta argentino Roberto Polo, Wilberto Cosme y Javier Ara\u00fajo; y los firmados por sus compa\u00f1eros de equipo Dorlan Pab\u00f3n, Danny Aguilar y Jairo Pati\u00f1o.<\/p>\n<p>El internacional Macnelly Torres perdi\u00f3 el \u00fanico lanzamiento del flamante campe\u00f3n colombiano.<\/p>\n<p>El entrenador Santiago Escobar, hermano de Andr\u00e9s, el defensor de la selecci\u00f3n colombiana que fue asesinado en 1994, sum\u00f3 hoy su segundo t\u00edtulo con el Atl\u00e9tico\u00a0Nacional. El primero lo conquistaron en la temporada del 2005.<\/p>\n<p>Adem\u00e1s, el Atl\u00e9tico\u00a0Nacional\u00a0volvi\u00f3 a ser la &#8216;bestia negra&#8217; en finales de La Equidad como lo hizo en el 2007, su primera temporada en primera divisi\u00f3n.<\/p>\n<p>En esa ocasi\u00f3n, el equipo de Medell\u00edn era dirigido por el colombo-argentino Oscar Quintabani.<\/p>\n<p>La Equidad perdi\u00f3 hoy su tercera final en cinco temporadas en la elite del f\u00fatbol colombiano.<\/p>\n<p>Tras el gol de Pab\u00f3n, que dejaba provisionalmente la serie empatada en 2-2, La Equidad mantuvo su esquema conservador, que tantos r\u00e9ditos positivos le ha dado y el Atl\u00e9tico\u00a0Nacional\u00a0ampli\u00f3 su repertorio ofensivo con el ingreso del experimentado creativo Jairo Pati\u00f1o, de exitosa carrera en equipos de Argentina y M\u00e9xico.<\/p>\n<p>Pati\u00f1o invent\u00f3 una jugada de tr\u00e1mite individual que termin\u00f3 con un pase en bandeja a Carlos Renter\u00eda para fijar el 2-0 y afirmarse como goleador de la Liga.<\/p>\n<p>Y cuando se pensaba que el Atl\u00e9tico\u00a0Nacional\u00a0dar\u00eda la vuelta ol\u00edmpica, La Equidad adelant\u00f3 sus l\u00edneas al ataque y en el minuto 92, ante la incredulidad de los 45.000 aficionados que colmaron el estadio Atanasio Girardot, Roberto Polo marc\u00f3 el descuento para llevar la eliminatoria a os penaltis.<\/p>\n<p><strong>Ficha t\u00e9cnica:<\/strong><\/p>\n<ul>\n<li><strong>2. Atl\u00e9tico\u00a0Nacional:<\/strong> Gast\u00f3n Pezzuti; V\u00edctor Giraldo, Sthephen Barrientos, Edgar Zapata, Danny Aguilar; Jairo Palomino (m.86, Sebasti\u00e1n P\u00e9rez), John Valencia (m.77, Jairo Pati\u00f1o), Macnelly Torres, V\u00edctor Ibarbo, Dorlan Pab\u00f3n y Carlos Renter\u00eda (m.81, Orlando Berr\u00edo). Entrenador: Santiago Escobar.<\/li>\n<li><strong>1. La Equidad: <\/strong>Diego Novoa; Hugo Soto, Marco Canchila (m.59, F\u00e9lix Garc\u00eda), Hanyer Mosquera; Edwin Rivas, D\u00e1ger Palacios, Dawlin Leudo, Darwin Andrade (m.54, Roberto Polo), Javier Ara\u00fajo, Juan N\u00fa\u00f1ez (m.82, Luis Yanes), Wilberto Cosme. Entrenador: Alexis Garc\u00eda.<\/li>\n<li><strong>Goles: <\/strong>1-0, m.43: Dorlan Pab\u00f3n. 2-0, m.79: Carlos Renter\u00eda. 2-1, m.92: Roberto Polo.<\/li>\n<li><strong>\u00c1rbitro:<\/strong> El colombiano Imer Machado amonest\u00f3 a Marco Canchila, Edwin Andrade, V\u00edctor Ibarbo, Hugo Soto y John Valencia.<\/li>\n<li><strong>Incidencias:<\/strong> Partido de vuelta de la final de la Liga Colombiana disputado en el estadio Atanasio Girardot, de Medell\u00edn, ante unos 45.000 aficionados.<\/li>\n<\/ul>\n<p>&nbsp;<\/p>\n","protected":false},"excerpt":{"rendered":"<p>El Atl\u00e9tico Nacional, con el guardameta argentino Gast\u00f3n Pezzuti como h\u00e9roe al contener tres remates en una tanda de penaltis que gan\u00f3 su equipo por 3-2 a La Equidad, conquist\u00f3 este domingo su und\u00e9cimo t\u00edtulo de Liga en Colombia.<\/p>\n","protected":false},"author":1,"featured_media":2351,"comment_status":"closed","ping_status":"open","sticky":false,"template":"","format":"standard","meta":{"footnotes":""},"categories":[28],"tags":[1787,486],"class_list":["post-2350","post","type-post","status-publish","format-standard","has-post-thumbnail","hentry","category-deportes","tag-atletico-nacional","tag-colombia"],"_links":{"self":[{"href":"https:\/\/diarioelpopular.com\/index.php\/wp-json\/wp\/v2\/posts\/2350","targetHints":{"allow":["GET"]}}],"collection":[{"href":"https:\/\/diarioelpopular.com\/index.php\/wp-json\/wp\/v2\/posts"}],"about":[{"href":"https:\/\/diarioelpopular.com\/index.php\/wp-json\/wp\/v2\/types\/post"}],"author":[{"embeddable":true,"href":"https:\/\/diarioelpopular.com\/index.php\/wp-json\/wp\/v2\/users\/1"}],"replies":[{"embeddable":true,"href":"https:\/\/diarioelpopular.com\/index.php\/wp-json\/wp\/v2\/comments?post=2350"}],"version-history":[{"count":0,"href":"https:\/\/diarioelpopular.com\/index.php\/wp-json\/wp\/v2\/posts\/2350\/revisions"}],"wp:featuredmedia":[{"embeddable":true,"href":"https:\/\/diarioelpopular.com\/index.php\/wp-json\/"}],"wp:attachment":[{"href":"https:\/\/diarioelpopular.com\/index.php\/wp-json\/wp\/v2\/media?parent=2350"}],"wp:term":[{"taxonomy":"category","embeddable":true,"href":"https:\/\/diarioelpopular.com\/index.php\/wp-json\/wp\/v2\/categories?post=2350"},{"taxonomy":"post_tag","embeddable":true,"href":"https:\/\/diarioelpopular.com\/index.php\/wp-json\/wp\/v2\/tags?post=2350"}],"curies":[{"name":"wp","href":"https:\/\/api.w.org\/{rel}","templated":true}]}}