{"id":236548,"date":"2012-02-12T15:56:55","date_gmt":"2012-02-12T20:56:55","guid":{"rendered":"http:\/\/diarioelpopular.com\/?p=236548"},"modified":"2012-02-12T15:56:55","modified_gmt":"2012-02-12T20:56:55","slug":"la-piel-que-habito-bafta-a-la-mejor-pelicula-extranjera","status":"publish","type":"post","link":"https:\/\/diarioelpopular.com\/index.php\/2012\/02\/12\/la-piel-que-habito-bafta-a-la-mejor-pelicula-extranjera\/","title":{"rendered":"&#8216;La piel que habito&#8217;, Bafta a la mejor pel\u00edcula extranjera"},"content":{"rendered":"<div id=\"attachment_236549\" style=\"width: 710px\" class=\"wp-caption aligncenter\"><a href=\"https:\/\/diarioelpopular.com\/wp-content\/uploads\/2012\/02\/La-piel-que-habito.jpg\"><img loading=\"lazy\" decoding=\"async\" aria-describedby=\"caption-attachment-236549\" class=\"size-full wp-image-236549\" title=\"La piel que habito\" src=\"https:\/\/diarioelpopular.com\/wp-content\/uploads\/2012\/02\/La-piel-que-habito.jpg\" alt=\"\" width=\"700\" height=\"420\" \/><\/a><p id=\"caption-attachment-236549\" class=\"wp-caption-text\">Almodovar posa en Cannes junto a Elena Anaya y Antonio Banderas, miembros del reparto de &#039;La piel que habito&#039;<\/p><\/div>\n<p>Efe. Londres.- &#8220;La piel que habito&#8221;, del director espa\u00f1ol Pedro Almod\u00f3var, gan\u00f3 este domingo por la noche el premio\u00a0Bafta\u00a0del cine brit\u00e1nico a la mejor pel\u00edcula en lengua no inglesa, imponi\u00e9ndose a la gran favorita, la iran\u00ed &#8220;The Separation&#8221;.<\/p>\n<p>Es el quinto\u00a0Bafta\u00a0para Almod\u00f3var, que ya logr\u00f3 dos premios del cine brit\u00e1nico por &#8220;Todo sobre mi madre&#8221; en 1999 y otros tantos por &#8220;Hable con ella&#8221; en 2002, en ambos casos por mejor filme de habla no inglesa y mejor gui\u00f3n.<\/p>\n<p>El director manchego no asisti\u00f3 a la ceremonia que se celebra esta noche en el Royal Opera House de Londres y, en su nombre, el presentador del premio, el actor de Bollywood Anil Kapoor, ha agradecido el premio.<\/p>\n<p>&#8220;Lamento mucho no poder estar con vosotros hoy. Agradezco mucho a la Academia brit\u00e1nica este premio&#8221;, indic\u00f3 la declaraci\u00f3n le\u00edda por Kapoor.<\/p>\n<p>S\u00ed est\u00e1 presente en la gala londinense una de las musas de Almod\u00f3var, la actriz Pen\u00e9lope Cruz, que ser\u00e1 la encargada de presentar el\u00a0Bafta\u00a0al mejor actor principal.<\/p>\n<p>La favorita en la categor\u00eda de mejor pel\u00edcula en lengua no inglesa era &#8220;The Separation&#8221;, ganadora del Oso de Oro en Berl\u00edn y del Globo de Oro, y que tambi\u00e9n optar\u00e1 al Oscar de Hollywood dentro de dos semanas.<\/p>\n<p>Las otras contendientes a mejor pel\u00edcula extranjera en la gran gala del cine brit\u00e1nico eran &#8220;Pina&#8221; de Wim Wenders, la francesa &#8220;Potiche&#8221; y &#8220;Incendies&#8221;, un drama que se desarrolla en Oriente Medio.<\/p>\n","protected":false},"excerpt":{"rendered":"<p>&#8220;La piel que habito&#8221;, del director espa\u00f1ol Pedro Almod\u00f3var, gan\u00f3 este domingo por la noche el premio Bafta del cine brit\u00e1nico a la mejor pel\u00edcula en lengua no inglesa, imponi\u00e9ndose a la gran favorita, la iran\u00ed &#8220;The Separation&#8221;.<\/p>\n","protected":false},"author":1,"featured_media":236549,"comment_status":"open","ping_status":"open","sticky":false,"template":"","format":"standard","meta":{"footnotes":""},"categories":[80],"tags":[769,1678,770],"class_list":["post-236548","post","type-post","status-publish","format-standard","has-post-thumbnail","hentry","category-cine-2","tag-almodovar","tag-bafta","tag-la-piel-que-habito"],"_links":{"self":[{"href":"https:\/\/diarioelpopular.com\/index.php\/wp-json\/wp\/v2\/posts\/236548","targetHints":{"allow":["GET"]}}],"collection":[{"href":"https:\/\/diarioelpopular.com\/index.php\/wp-json\/wp\/v2\/posts"}],"about":[{"href":"https:\/\/diarioelpopular.com\/index.php\/wp-json\/wp\/v2\/types\/post"}],"author":[{"embeddable":true,"href":"https:\/\/diarioelpopular.com\/index.php\/wp-json\/wp\/v2\/users\/1"}],"replies":[{"embeddable":true,"href":"https:\/\/diarioelpopular.com\/index.php\/wp-json\/wp\/v2\/comments?post=236548"}],"version-history":[{"count":0,"href":"https:\/\/diarioelpopular.com\/index.php\/wp-json\/wp\/v2\/posts\/236548\/revisions"}],"wp:featuredmedia":[{"embeddable":true,"href":"https:\/\/diarioelpopular.com\/index.php\/wp-json\/"}],"wp:attachment":[{"href":"https:\/\/diarioelpopular.com\/index.php\/wp-json\/wp\/v2\/media?parent=236548"}],"wp:term":[{"taxonomy":"category","embeddable":true,"href":"https:\/\/diarioelpopular.com\/index.php\/wp-json\/wp\/v2\/categories?post=236548"},{"taxonomy":"post_tag","embeddable":true,"href":"https:\/\/diarioelpopular.com\/index.php\/wp-json\/wp\/v2\/tags?post=236548"}],"curies":[{"name":"wp","href":"https:\/\/api.w.org\/{rel}","templated":true}]}}