{"id":236873,"date":"2012-02-11T16:00:10","date_gmt":"2012-02-11T21:00:10","guid":{"rendered":"http:\/\/diarioelpopular.com\/?p=236873"},"modified":"2012-02-11T16:00:10","modified_gmt":"2012-02-11T21:00:10","slug":"raonic-mantiene-con-vida-a-canada-ante-francia","status":"publish","type":"post","link":"https:\/\/diarioelpopular.com\/index.php\/2012\/02\/11\/raonic-mantiene-con-vida-a-canada-ante-francia\/","title":{"rendered":"Raonic mantiene con vida a Canad\u00e1 ante Francia"},"content":{"rendered":"<div id=\"attachment_236874\" style=\"width: 310px\" class=\"wp-caption alignright\"><a href=\"https:\/\/diarioelpopular.com\/wp-content\/uploads\/2012\/02\/Milos-Raonic.jpg\"><img loading=\"lazy\" decoding=\"async\" aria-describedby=\"caption-attachment-236874\" class=\"size-medium wp-image-236874\" title=\"Milos Raonic\" src=\"https:\/\/diarioelpopular.com\/wp-content\/uploads\/2012\/02\/Milos-Raonic-300x180.jpg\" alt=\"\" width=\"300\" height=\"180\" \/><\/a><p id=\"caption-attachment-236874\" class=\"wp-caption-text\">Milos Raonic, en una imagen de archivo<\/p><\/div>\n<p><em><strong>Agencias. Vancouver.-<\/strong><\/em> Milos Raonic, 29\u00ba jugador del mundo, permiti\u00f3 a Canad\u00e1 empatar 1-1 su serie ante Francia por la primera ronda del Grupo Mundial de Copa Davis, al vencer este viernes al galo Julian Benneteau (35\u00ba ATP) por 6-2, 6-4, 7-5, informa AFP.<\/p>\n<p>Benneteau, de 30 a\u00f1os, jug\u00f3 su primer partido sencillo de su carrera en Copa Davis, en lugar de Gael Monfils, quien est\u00e1 lesionado de su rodilla derecha.<\/p>\n<p>A primera hora, el franc\u00e9s Jo-Wilfried Tsonga hab\u00eda derrotado en tres sets de 6-1, 6-3 y 6-3 al local Vasek Pospisil, para que Francia arrancara 1-0 al frente de la serie.<\/p>\n<p>Tsonga, N.6 del mundo, super\u00f3 al jugador 115 en la ATP en menos de dos horas, y el s\u00e1bado se tomar\u00e1 un descanso cuando se juegue el doble, para enfrentar a Raonic el domingo, en el sencillo de primer turno.<\/p>\n<p>Este s\u00e1bado, tambi\u00e9n desde las 14H00 locales (2200 GMT), se jugar\u00e1 el partido de dobles en el que los locales Daniel Nestor y Pospisil (CAN) chocar\u00e1n contra Benneteau y Micha\u00ebl Llodra.<\/p>\n<p>El domingo se cerrar\u00e1 la serie con el choque entre Pospisil y Benneteau.<\/p>\n<p>El vencedor de la serie se enfrentar\u00e1 en cuartos de final contra el ganador del tope entre Suiza y Estados Unidos.<\/p>\n","protected":false},"excerpt":{"rendered":"<p>Milos Raonic, 29\u00ba jugador del mundo, permiti\u00f3 a Canad\u00e1 empatar 1-1 su serie ante Francia por la primera ronda del Grupo Mundial de Copa Davis, al vencer este viernes al galo Julian Benneteau (35\u00ba ATP) por 6-2, 6-4, 7-5.<\/p>\n","protected":false},"author":1,"featured_media":236874,"comment_status":"open","ping_status":"open","sticky":false,"template":"","format":"standard","meta":{"footnotes":""},"categories":[28],"tags":[1628,482,176],"class_list":["post-236873","post","type-post","status-publish","format-standard","has-post-thumbnail","hentry","category-deportes","tag-copa-davis","tag-milos-raonic","tag-tenis"],"_links":{"self":[{"href":"https:\/\/diarioelpopular.com\/index.php\/wp-json\/wp\/v2\/posts\/236873","targetHints":{"allow":["GET"]}}],"collection":[{"href":"https:\/\/diarioelpopular.com\/index.php\/wp-json\/wp\/v2\/posts"}],"about":[{"href":"https:\/\/diarioelpopular.com\/index.php\/wp-json\/wp\/v2\/types\/post"}],"author":[{"embeddable":true,"href":"https:\/\/diarioelpopular.com\/index.php\/wp-json\/wp\/v2\/users\/1"}],"replies":[{"embeddable":true,"href":"https:\/\/diarioelpopular.com\/index.php\/wp-json\/wp\/v2\/comments?post=236873"}],"version-history":[{"count":0,"href":"https:\/\/diarioelpopular.com\/index.php\/wp-json\/wp\/v2\/posts\/236873\/revisions"}],"wp:featuredmedia":[{"embeddable":true,"href":"https:\/\/diarioelpopular.com\/index.php\/wp-json\/"}],"wp:attachment":[{"href":"https:\/\/diarioelpopular.com\/index.php\/wp-json\/wp\/v2\/media?parent=236873"}],"wp:term":[{"taxonomy":"category","embeddable":true,"href":"https:\/\/diarioelpopular.com\/index.php\/wp-json\/wp\/v2\/categories?post=236873"},{"taxonomy":"post_tag","embeddable":true,"href":"https:\/\/diarioelpopular.com\/index.php\/wp-json\/wp\/v2\/tags?post=236873"}],"curies":[{"name":"wp","href":"https:\/\/api.w.org\/{rel}","templated":true}]}}