{"id":238344,"date":"2012-02-12T17:05:59","date_gmt":"2012-02-12T22:05:59","guid":{"rendered":"http:\/\/diarioelpopular.com\/?p=238344"},"modified":"2012-02-12T17:05:59","modified_gmt":"2012-02-12T22:05:59","slug":"luis-suarez-se-disculpa-por-negarle-el-saludo-a-evra","status":"publish","type":"post","link":"https:\/\/diarioelpopular.com\/index.php\/2012\/02\/12\/luis-suarez-se-disculpa-por-negarle-el-saludo-a-evra\/","title":{"rendered":"Luis Su\u00e1rez se disculpa por negarle el saludo a Evra"},"content":{"rendered":"<div id=\"attachment_238345\" style=\"width: 710px\" class=\"wp-caption aligncenter\"><a href=\"https:\/\/diarioelpopular.com\/wp-content\/uploads\/2012\/02\/SU\u00c1REZ-RECHAZA-DAR-LA-MANO-A-EVRA-EN-OLD-TRAFFORD.jpg\"><img loading=\"lazy\" decoding=\"async\" aria-describedby=\"caption-attachment-238345\" class=\"size-full wp-image-238345\" title=\"SU\u00c1REZ RECHAZA DAR LA MANO A EVRA EN OLD TRAFFORD\" src=\"https:\/\/diarioelpopular.com\/wp-content\/uploads\/2012\/02\/SU\u00c1REZ-RECHAZA-DAR-LA-MANO-A-EVRA-EN-OLD-TRAFFORD.jpg\" alt=\"\" width=\"700\" height=\"420\" \/><\/a><p id=\"caption-attachment-238345\" class=\"wp-caption-text\">El jugador del Manchester United, Patrice Evra (2d), observa al jugador uruguayo del Liverpool, Luis Su\u00e1rez (i), momentos antes de empezar el partido de la Liga inglesa en el estadio Old Trafford en Manchester, Reino Unido, el s\u00e1bado 11 de febrero de 2012. Su\u00e1rez rechaz\u00f3 dar la mano a Evra. Su\u00e1rez reapareci\u00f3 esta semana tras cumplir ocho partidos de sanci\u00f3n despu\u00e9s de haber sido hallado culpable de dirigir insultos racistas contra el franco-senegal\u00e9s el pasado 15 de octubre en Anfield, y esta era la primera vez que se enfrentaba al United desde el incidente. Foto: Kerim Okten \/ Efe<\/p><\/div>\n<p><em><strong>Efe. Londres.-<\/strong><\/em> El delantero uruguayo de Liverpool Luis Su\u00e1rez se disculp\u00f3 este domingo por haberle negado el saludo al defensa del Manchester United Patrice Evra al inicio del partido del s\u00e1bado en Old Trafford.<\/p>\n<p>&#8220;He hablado con el t\u00e9cnico desde el partido del s\u00e1bado y me doy cuenta de que me equivoqu\u00e9&#8221;, afirma Su\u00e1rez en un comunicado colgado en la p\u00e1gina web del club.<\/p>\n<p>&#8220;No solo le he decepcionado a \u00e9l, sino tambi\u00e9n al club y a todo lo que representa, y lo siento. Comet\u00ed un error y me arrepiento de lo sucedido&#8221;, declara el delantero.<\/p>\n<p>Su\u00e1rez reconoce que &#8220;deber\u00eda haber estrechado la mano de Evra antes del partido&#8221;, por lo que quiere &#8220;disculparse por sus actos&#8221;.<\/p>\n<p>&#8220;Querr\u00eda pasar p\u00e1gina a todo este asunto y concentrarme en el f\u00fatbol&#8221;, a\u00f1ade en su nota.<\/p>\n<p>En la cita de ayer entre ambos equipos Su\u00e1rez se neg\u00f3 a estrechar la mano del defensa franco-senegal\u00e9s del Manchester United, con quien anteriormente hab\u00eda tenido una trifulca que llev\u00f3 a su suspensi\u00f3n.<\/p>\n<p>El uruguayo debi\u00f3 cumplir ocho partidos de sanci\u00f3n por proferir insultos racistas contra Evra y fue en su retorno al terreno de juego, ayer, cuando decidi\u00f3 negarle el saludo.<\/p>\n<p>Ese acto caus\u00f3 disgusto en el\u00a0Reino\u00a0Unido\u00a0y motiv\u00f3 que el t\u00e9cnico del Manchester United, Alex Ferguson, dijera que el uruguayo era &#8220;una verg\u00fcenza para el Liverpool&#8221;.<\/p>\n<p>Ante la proliferaci\u00f3n de incidentes racistas en el f\u00fatbol ingl\u00e9s, el primer ministro brit\u00e1nico, David Cameron, se reunir\u00e1 esta semana con representantes de este deporte para intentar erradicar las actitudes racistas y restablecer su buena imagen.<\/p>\n","protected":false},"excerpt":{"rendered":"<p>El delantero uruguayo de Liverpool Luis Su\u00e1rez se disculp\u00f3 este domingo por haberle negado el saludo al defensa del Manchester United Patrice Evra al inicio del partido del s\u00e1bado en Old Trafford.<\/p>\n","protected":false},"author":1,"featured_media":238345,"comment_status":"open","ping_status":"open","sticky":false,"template":"","format":"standard","meta":{"footnotes":""},"categories":[28],"tags":[179,79,1683,1684,1685],"class_list":["post-238344","post","type-post","status-publish","format-standard","has-post-thumbnail","hentry","category-deportes","tag-futbol-2","tag-liverpool","tag-luis-suarez","tag-manchester-united","tag-patrice-evra"],"_links":{"self":[{"href":"https:\/\/diarioelpopular.com\/index.php\/wp-json\/wp\/v2\/posts\/238344","targetHints":{"allow":["GET"]}}],"collection":[{"href":"https:\/\/diarioelpopular.com\/index.php\/wp-json\/wp\/v2\/posts"}],"about":[{"href":"https:\/\/diarioelpopular.com\/index.php\/wp-json\/wp\/v2\/types\/post"}],"author":[{"embeddable":true,"href":"https:\/\/diarioelpopular.com\/index.php\/wp-json\/wp\/v2\/users\/1"}],"replies":[{"embeddable":true,"href":"https:\/\/diarioelpopular.com\/index.php\/wp-json\/wp\/v2\/comments?post=238344"}],"version-history":[{"count":0,"href":"https:\/\/diarioelpopular.com\/index.php\/wp-json\/wp\/v2\/posts\/238344\/revisions"}],"wp:featuredmedia":[{"embeddable":true,"href":"https:\/\/diarioelpopular.com\/index.php\/wp-json\/"}],"wp:attachment":[{"href":"https:\/\/diarioelpopular.com\/index.php\/wp-json\/wp\/v2\/media?parent=238344"}],"wp:term":[{"taxonomy":"category","embeddable":true,"href":"https:\/\/diarioelpopular.com\/index.php\/wp-json\/wp\/v2\/categories?post=238344"},{"taxonomy":"post_tag","embeddable":true,"href":"https:\/\/diarioelpopular.com\/index.php\/wp-json\/wp\/v2\/tags?post=238344"}],"curies":[{"name":"wp","href":"https:\/\/api.w.org\/{rel}","templated":true}]}}