{"id":239979,"date":"2012-02-13T11:45:37","date_gmt":"2012-02-13T16:45:37","guid":{"rendered":"http:\/\/diarioelpopular.com\/?p=239979"},"modified":"2012-02-13T11:45:37","modified_gmt":"2012-02-13T16:45:37","slug":"el-acusado-del-triple-crimen-de-quebec-ante-el-juez","status":"publish","type":"post","link":"https:\/\/diarioelpopular.com\/index.php\/2012\/02\/13\/el-acusado-del-triple-crimen-de-quebec-ante-el-juez\/","title":{"rendered":"El acusado del triple crimen pasar\u00e1 un examen psiqui\u00e1trico"},"content":{"rendered":"<p><em>Actualizado: 13\/12\/2012, 16.30 h<\/em><\/p>\n<div id=\"attachment_239981\" style=\"width: 310px\" class=\"wp-caption alignright\"><a href=\"https:\/\/diarioelpopular.com\/wp-content\/uploads\/2012\/02\/Juliette-y-Laurence-Fillion.jpg\"><img loading=\"lazy\" decoding=\"async\" aria-describedby=\"caption-attachment-239981\" class=\"size-medium wp-image-239981\" title=\"Juliette y Laurence Fillion\" src=\"https:\/\/diarioelpopular.com\/wp-content\/uploads\/2012\/02\/Juliette-y-Laurence-Fillion-300x180.jpg\" alt=\"\" width=\"300\" height=\"180\" \/><\/a><p id=\"caption-attachment-239981\" class=\"wp-caption-text\">Las ni\u00f1as presuntamente asesinadas, Juliette y Laurence Fillion, de ocho y once a\u00f1os de edad<\/p><\/div>\n<p><em><strong>El Popular. Montreal.-<\/strong><\/em> Pascal Morin, el hombre acusado de matar a su madre y a dos sobrinas en la peque\u00f1a localidad de Saint-Roman, en Quebec, ser\u00e1 sometido a un examen psiqui\u00e1trico, seg\u00fan determin\u00f3 este lunes el juez ante el que compareci\u00f3.<\/p>\n<p>Morin, de 35 a\u00f1os de edad, est\u00e1 acusado de tres cargos de asesinato en primer grado, en relaci\u00f3n con la muerte de su madre, Ginette Morin (una mujer de unos 70 a\u00f1os), y de las dos nietas de \u00e9sta (y sobrinas del acusado), Juliette y Laurence Fillion, de ocho y once a\u00f1os de edad, respectivamente.<\/p>\n<p>El hombre, que compareci\u00f3 ante la corte de Sherbrooke, Quebec, fue detenido el pasado viernes por la noche, despu\u00e9s de que la Polic\u00eda encontrase los cad\u00e1veres de las ni\u00f1as y de la abuela en la vivienda familiar.<\/p>\n<p>La Polic\u00eda no ha divulgado hasta el momento m\u00e1s detalles sobre el caso, pero s\u00ed ha dicho que las v\u00edctimas no murieron por arma de fuego.<\/p>\n<p>El fiscal, Andre Campagna, solicit\u00f3 que el acusado sea sometido a una evaluaci\u00f3n psiqui\u00e1trica que determine su estado mental en el momento en que sucedieron los hechos.<\/p>\n<p>Medios de comunicaci\u00f3n locales han informado de que Pascal Morin padece una enfermedad mental, posiblemente esquizofrenia.<\/p>\n<p>Saint-Romain es una peque\u00f1a localidad de algo m\u00e1s de 600 habitantes, situada entre\u00a0Lac-M\u00e9gantic y Thetford Mines.<\/p>\n<p>Morin volver\u00e1 a comparecer ante el juez el pr\u00f3ximo 23 de febrero.<\/p>\n","protected":false},"excerpt":{"rendered":"<p>Pascal Morin, el hombre acusado de matar a su madre y a dos sobrinas en la peque\u00f1a localidad de Saint-Roman, en Quebec, ser\u00e1 sometido a un examen psiqui\u00e1trico, seg\u00fan determin\u00f3 este lunes el juez ante el que compareci\u00f3.<\/p>\n","protected":false},"author":1,"featured_media":239981,"comment_status":"open","ping_status":"open","sticky":false,"template":"","format":"standard","meta":{"footnotes":""},"categories":[21],"tags":[1315,1690,1691,41,1692],"class_list":["post-239979","post","type-post","status-publish","format-standard","has-post-thumbnail","hentry","category-canada","tag-crimen","tag-fillion","tag-pascal-morin","tag-quebec","tag-saint-roman"],"_links":{"self":[{"href":"https:\/\/diarioelpopular.com\/index.php\/wp-json\/wp\/v2\/posts\/239979","targetHints":{"allow":["GET"]}}],"collection":[{"href":"https:\/\/diarioelpopular.com\/index.php\/wp-json\/wp\/v2\/posts"}],"about":[{"href":"https:\/\/diarioelpopular.com\/index.php\/wp-json\/wp\/v2\/types\/post"}],"author":[{"embeddable":true,"href":"https:\/\/diarioelpopular.com\/index.php\/wp-json\/wp\/v2\/users\/1"}],"replies":[{"embeddable":true,"href":"https:\/\/diarioelpopular.com\/index.php\/wp-json\/wp\/v2\/comments?post=239979"}],"version-history":[{"count":0,"href":"https:\/\/diarioelpopular.com\/index.php\/wp-json\/wp\/v2\/posts\/239979\/revisions"}],"wp:featuredmedia":[{"embeddable":true,"href":"https:\/\/diarioelpopular.com\/index.php\/wp-json\/"}],"wp:attachment":[{"href":"https:\/\/diarioelpopular.com\/index.php\/wp-json\/wp\/v2\/media?parent=239979"}],"wp:term":[{"taxonomy":"category","embeddable":true,"href":"https:\/\/diarioelpopular.com\/index.php\/wp-json\/wp\/v2\/categories?post=239979"},{"taxonomy":"post_tag","embeddable":true,"href":"https:\/\/diarioelpopular.com\/index.php\/wp-json\/wp\/v2\/tags?post=239979"}],"curies":[{"name":"wp","href":"https:\/\/api.w.org\/{rel}","templated":true}]}}