{"id":255620,"date":"2012-02-14T21:45:41","date_gmt":"2012-02-15T02:45:41","guid":{"rendered":"http:\/\/diarioelpopular.com\/?p=255620"},"modified":"2012-02-14T21:45:41","modified_gmt":"2012-02-15T02:45:41","slug":"arantxa-sanchez-vicario-mis-padres-me-anularon","status":"publish","type":"post","link":"https:\/\/diarioelpopular.com\/index.php\/2012\/02\/14\/arantxa-sanchez-vicario-mis-padres-me-anularon\/","title":{"rendered":"Arantxa S\u00e1nchez Vicario: &#8220;Mis padres me anularon&#8221;"},"content":{"rendered":"<div id=\"attachment_255621\" style=\"width: 710px\" class=\"wp-caption aligncenter\"><a href=\"https:\/\/diarioelpopular.com\/wp-content\/uploads\/2012\/02\/Arantxa-S\u00e1nchez-Vicario.jpg\"><img loading=\"lazy\" decoding=\"async\" aria-describedby=\"caption-attachment-255621\" class=\"size-full wp-image-255621\" title=\"Arantxa S\u00e1nchez Vicario\" src=\"https:\/\/diarioelpopular.com\/wp-content\/uploads\/2012\/02\/Arantxa-S\u00e1nchez-Vicario.jpg\" alt=\"\" width=\"700\" height=\"420\" \/><\/a><p id=\"caption-attachment-255621\" class=\"wp-caption-text\">La extenista espa\u00f1ola Arantxa S\u00e1nchez Vicario, durante la presentaci\u00f3n de su pol\u00e9mico libro de memorias, &quot;\u00a1Vamos! Memoria de una lucha, una vida y una mujer&quot;, en el que denuncia la gesti\u00f3n que su familia ha hecho de las ganancias que obtuvo durante su exitosa carrera ten\u00edstica. Foto: Alberto Est\u00e9vez \/ Efe<\/p><\/div>\n<p><em><strong>Efe. Barcelona.-<\/strong><\/em> La extenista espa\u00f1ola Arantxa S\u00e1nchez\u00a0Vicario, que present\u00f3 este mi\u00e9rcoles en Barcelona sus memorias, ha acusado a sus padres en su libro autobiogr\u00e1fico, de dilapidar los aproximadamente 45 millones de euros que habr\u00eda ganado en sus 17 a\u00f1os de carrera.<\/p>\n<p>&#8220;\u00a1Vamos!&#8221;, el grito de guerra de Arantxa que tambi\u00e9n da t\u00edtulo a su libro, no solo repasa la carrera ten\u00edstica de la ex n\u00famero uno mundial, su infancia y su adolescencia, sino la dif\u00edcil relaci\u00f3n familiar con sus progenitores que, seg\u00fan ella, le han llevado a la ruina.<\/p>\n<p>&#8220;El mazazo que he recibido en los \u00faltimos meses me ha servido para despertar y vivir la peor pesadilla posible. A\u00fan no soy capaz de entender qu\u00e9 me est\u00e1 sucediendo: que todo por lo que he luchado, que todo lo que he conseguido, se ha esfumado sin m\u00e1s. Me lo dicen y no me lo puedo creer. \u00bfC\u00f3mo es posible que todo lo conseguido en tantos a\u00f1os haya desaparecido, no exista? Estoy convencida de que no puede ser cierto&#8221;, afirma en el libro.<\/p>\n<p>En &#8220;\u00a1Vamos!&#8221; (La esfera de los libros), Arantxa narra sin tapujos la ahora inexistente relaci\u00f3n con sus padres y hermanos, sus problemas con Hacienda o su feliz matrimonio con el empresario Josep Santacana, con el que ha tenido dos hijos.<\/p>\n<p>&#8220;En cuanto conoc\u00ed al que hoy es mi marido y padre de mis hijos Arantxa y Leo, toda la familia puso de nuevo en marcha los mecanismos que hab\u00edan conseguido romper mis relaciones anteriores (&#8230;) Seg\u00fan, ellos, ninguna de las personas que se han acercado a m\u00ed era lo suficientemente buena para que yo pudiera mantener una relaci\u00f3n de afecto o simplemente amistad&#8221;, se\u00f1ala.<\/p>\n<p>A sus padres les echa en cara tener una actitud tan protectora con ella que acabaron por anular su personalidad: &#8220;Desde el primer momento en que se vislumbr\u00f3 la posibilidad de que llegara a ser jugadora profesional, mis padres estuvieron obsesionados con controlarlo todo (&#8230;) Opinaban absolutamente de todo, hasta de las cuestiones m\u00e1s nimias&#8221;.<\/p>\n<p>Arantxa pone muchos ejemplos de ello, como la vez que le propuso a su hermano Emilio -&#8220;era mi h\u00e9roe y el espejo en el que mirarme profesionalmente&#8221;, confiesa- ser sus socia en la academia de tenis que hab\u00eda abierto en El Prat de Llobregat: &#8220;La respuesta de mi padre fue una rotunda negativa, y tanto para mi hermano como para m\u00ed fue un enorme disgusto&#8221;.<\/p>\n<p>&#8220;No puedo evitar pensar cu\u00e1nto me he equivocado al no haber sido m\u00e1s autosuficiente en todo lo que concierne a mi carrera&#8221;, escribe la menor de los S\u00e1nchez\u00a0Vicario, quien se define como &#8220;la v\u00edctima y la enga\u00f1ada&#8221; y no como la mala hija que otros quieren hacer ver.<\/p>\n<p>La mejor tenista espa\u00f1ola de todos los tiempos asegura que romper la relaci\u00f3n con toda su familia le ha supuesto &#8220;un gran sufrimiento&#8221;, pero que a lo ha hecho &#8220;por salud mental&#8221; y para poder &#8220;rehacer&#8221; su vida.<\/p>\n<p>&#8220;No siento resentimiento ni soy capaz de odiar a nadie, pero tampoco puedo ser una hip\u00f3crita y seguir fingiendo que no pasa nada: lo que ha sucedido es muy gordo, muy grave y afecta a toda mi familia, a mis planes de futuro, a la posibilidad de poder hacer una vida normal&#8221;, concluye Arantxa S\u00e1nchez\u00a0Vicario, que ha emprendido acciones legales contra sus progenitores para recuperar lo que considera que le pertenece.<\/p>\n","protected":false},"excerpt":{"rendered":"<p>La extenista espa\u00f1ola Arantxa S\u00e1nchez Vicario, que present\u00f3 este mi\u00e9rcoles en Barcelona sus memorias, ha acusado a sus padres en su libro autobiogr\u00e1fico, de dilapidar los aproximadamente 45 millones de euros que habr\u00eda ganado en sus 17 a\u00f1os de carrera.<\/p>\n","protected":false},"author":1,"featured_media":255621,"comment_status":"open","ping_status":"open","sticky":false,"template":"","format":"standard","meta":{"footnotes":""},"categories":[28],"tags":[1767,176],"class_list":["post-255620","post","type-post","status-publish","format-standard","has-post-thumbnail","hentry","category-deportes","tag-arantxa-sanchez-vicario","tag-tenis"],"_links":{"self":[{"href":"https:\/\/diarioelpopular.com\/index.php\/wp-json\/wp\/v2\/posts\/255620","targetHints":{"allow":["GET"]}}],"collection":[{"href":"https:\/\/diarioelpopular.com\/index.php\/wp-json\/wp\/v2\/posts"}],"about":[{"href":"https:\/\/diarioelpopular.com\/index.php\/wp-json\/wp\/v2\/types\/post"}],"author":[{"embeddable":true,"href":"https:\/\/diarioelpopular.com\/index.php\/wp-json\/wp\/v2\/users\/1"}],"replies":[{"embeddable":true,"href":"https:\/\/diarioelpopular.com\/index.php\/wp-json\/wp\/v2\/comments?post=255620"}],"version-history":[{"count":0,"href":"https:\/\/diarioelpopular.com\/index.php\/wp-json\/wp\/v2\/posts\/255620\/revisions"}],"wp:featuredmedia":[{"embeddable":true,"href":"https:\/\/diarioelpopular.com\/index.php\/wp-json\/"}],"wp:attachment":[{"href":"https:\/\/diarioelpopular.com\/index.php\/wp-json\/wp\/v2\/media?parent=255620"}],"wp:term":[{"taxonomy":"category","embeddable":true,"href":"https:\/\/diarioelpopular.com\/index.php\/wp-json\/wp\/v2\/categories?post=255620"},{"taxonomy":"post_tag","embeddable":true,"href":"https:\/\/diarioelpopular.com\/index.php\/wp-json\/wp\/v2\/tags?post=255620"}],"curies":[{"name":"wp","href":"https:\/\/api.w.org\/{rel}","templated":true}]}}