{"id":257733,"date":"2012-02-14T21:54:35","date_gmt":"2012-02-15T02:54:35","guid":{"rendered":"http:\/\/diarioelpopular.com\/?p=257733"},"modified":"2012-02-14T21:54:35","modified_gmt":"2012-02-15T02:54:35","slug":"celina-murga-lleva-a-la-berlinale-una-juventud-revalorizada","status":"publish","type":"post","link":"https:\/\/diarioelpopular.com\/index.php\/2012\/02\/14\/celina-murga-lleva-a-la-berlinale-una-juventud-revalorizada\/","title":{"rendered":"Celina Murga lleva a la Berlinale una juventud &#8220;revalorizada&#8221;"},"content":{"rendered":"<div id=\"attachment_257734\" style=\"width: 710px\" class=\"wp-caption aligncenter\"><a href=\"https:\/\/diarioelpopular.com\/wp-content\/uploads\/2012\/02\/La-directora-argentina-Celina-Murga.jpg\"><img loading=\"lazy\" decoding=\"async\" aria-describedby=\"caption-attachment-257734\" class=\"size-full wp-image-257734\" title=\"La directora argentina Celina Murga\" src=\"https:\/\/diarioelpopular.com\/wp-content\/uploads\/2012\/02\/La-directora-argentina-Celina-Murga.jpg\" alt=\"\" width=\"700\" height=\"420\" \/><\/a><p id=\"caption-attachment-257734\" class=\"wp-caption-text\">La directora argentina Celina Murga. Foto: Efe<\/p><\/div>\n<p><em><strong>Elena Garuz. Berl\u00edn.-<\/strong><\/em> Una juventud argentina &#8220;revalorizada&#8221; lleg\u00f3 a la\u00a0Berlinale\u00a0de la mano de la realizadora Celina Murga, que con su documental &#8220;Escuela normal&#8221; se sumerge en la realidad estudiantil del centro de secundaria del que ella misma fue alumna.<\/p>\n<p>En el filme, rodado en la Escuela Normal 5 de Paran\u00e1 -la primera de su tipo fundada por Domingo Faustino Sarmiento &#8211; presidente argentino entre 1868 y 1874 y art\u00edfice de la educaci\u00f3n p\u00fablica en ese pa\u00eds-, se presentan las elecciones al consejo estudiantil como &#8220;el eje de inter\u00e9s del documental&#8221;.<\/p>\n<p>&#8220;Mi inter\u00e9s era ver qu\u00e9 pasa hoy con la educaci\u00f3n argentina en este marco de esta escuela que fue tan emblem\u00e1tica&#8221; y &#8220;modelo educativo&#8221; por su caracter\u00edstica hist\u00f3rica, precis\u00f3 a Efe.<\/p>\n<p>Seg\u00fan Murga, en la cinta &#8220;se juega con dos aspectos&#8221;; por un lado &#8220;est\u00e1 el an\u00e1lisis del funcionamiento de la instituci\u00f3n en s\u00ed&#8221;, y &#8220;en los estudiantes y, a trav\u00e9s de eso, en esos j\u00f3venes en tanto que son el futuro&#8221;, agreg\u00f3.<\/p>\n<p>Por lo tanto, su intenci\u00f3n &#8220;no era hacer un documental donde se analizara fr\u00edamente el funcionamiento de la instituci\u00f3n&#8221; y se &#8220;estigmatizara&#8221; la situaci\u00f3n en la que se encuentra la educaci\u00f3n en Argentina hoy en d\u00eda, sino &#8220;enfocar&#8221; las &#8220;caracter\u00edsticas positivas&#8221; de los j\u00f3venes que all\u00ed estudian.<\/p>\n<p>&#8220;Cuando empec\u00e9 a encontrarme con estos chicos, en esta actitud, en seguida sent\u00ed que mi objetivo ten\u00eda que ser revalorizar a los j\u00f3venes&#8221;, dijo la cineasta al explicar que cuando comenzaron a filmar desconoc\u00edan que en el centro se iban a celebrar elecciones al consejo estudiantil, algo que &#8220;en seguida cobr\u00f3 mucho protagonismo&#8221;.<\/p>\n<p>Critic\u00f3 que en Argentina ocurra que &#8220;desde el mundo adulto y los medios hay una tendencia a despreciar o a tildar muy f\u00e1cilmente a los j\u00f3venes de desinteresados y ap\u00e1ticos&#8221;.<\/p>\n<p>&#8220;Yo creo que eso es un profundo error, por un lado, porque no lo son y, por otro lado, porque les guste o no son el futuro de nuestro pa\u00eds&#8221;, afirm\u00f3.<\/p>\n<p>Del estreno el pasado domingo en la\u00a0Berlinale, dentro de la secci\u00f3n &#8220;Forum&#8221;, Murga, que participa por primera vez en el Festival Internacional de Cine de Berl\u00edn, se llev\u00f3 un &#8220;impacto&#8221; positivo.<\/p>\n<p>&#8220;La sala estaba llena, qued\u00f3 gente fuera que no ten\u00eda entrada, me impresion\u00f3 que la mayor\u00eda de la gente se qued\u00f3 para las Q&amp;A (ronda de preguntas). Se dio como un intercambio muy interesante sobre la pel\u00edcula&#8221;, se\u00f1al\u00f3.<\/p>\n<p>Seg\u00fan la cineasta, la gente comprendi\u00f3 que el eje del documental era mostrar las caracter\u00edsticas positivas de la juventud.<\/p>\n<p>&#8220;Me parece que eso se vio y de alguna manera eso es universal en cuanto a c\u00f3mo se les ve, cu\u00e1l es el lugar que ocupan socialmente. Hay algo de ese tema que tambi\u00e9n atraviesa las fronteras&#8221;, agreg\u00f3.<\/p>\n<p>Por otra parte, se mostr\u00f3 &#8220;muy contenta&#8221; y &#8220;fascinada con el festival&#8221;, al que &#8220;ven\u00eda con mucha expectativa&#8221;, pues le hab\u00edan hablado mucho de la muestra en general y de la secci\u00f3n &#8220;Forum&#8221; en particular, en cuanto a que se cuida mucho la selecci\u00f3n y por el &#8220;respeto&#8221; y la &#8220;historia&#8221; que la rodean.<\/p>\n<p>Actualmente, Murga se encuentra en el proceso de casting de un largo de ficci\u00f3n que tiene previsto rodar en la segunda mitad del a\u00f1o y que lleva por t\u00edtulo &#8220;La tercera orilla&#8221;.<\/p>\n<p>El gui\u00f3n, que cuenta la historia de un padre y un hijo con un v\u00ednculo muy particular, es en el que estuvo trabajando durante una beca con Martin Scorsese, quien es adem\u00e1s productor ejecutivo de la pel\u00edcula.<\/p>\n<p>Trabajar con el cineasta estadounidense -&#8220;una persona muy generosa&#8221; y &#8220;abierta al di\u00e1logo&#8221;, seg\u00fan la realizadora- fue &#8220;muy interesante profesional y humanamente&#8221; y una &#8220;experiencia de vida&#8221;.<\/p>\n","protected":false},"excerpt":{"rendered":"<p>Una juventud argentina &#8220;revalorizada&#8221; lleg\u00f3 a la Berlinale de la mano de la realizadora Celina Murga, que con su documental &#8220;Escuela normal&#8221; se sumerge en la realidad estudiantil del centro de secundaria del que ella misma fue alumna.<\/p>\n","protected":false},"author":1,"featured_media":257734,"comment_status":"open","ping_status":"open","sticky":false,"template":"","format":"standard","meta":{"footnotes":""},"categories":[80],"tags":[43,772,1768,1769],"class_list":["post-257733","post","type-post","status-publish","format-standard","has-post-thumbnail","hentry","category-cine-2","tag-argentina","tag-berlinale","tag-celina-murga","tag-escuela-normal"],"_links":{"self":[{"href":"https:\/\/diarioelpopular.com\/index.php\/wp-json\/wp\/v2\/posts\/257733","targetHints":{"allow":["GET"]}}],"collection":[{"href":"https:\/\/diarioelpopular.com\/index.php\/wp-json\/wp\/v2\/posts"}],"about":[{"href":"https:\/\/diarioelpopular.com\/index.php\/wp-json\/wp\/v2\/types\/post"}],"author":[{"embeddable":true,"href":"https:\/\/diarioelpopular.com\/index.php\/wp-json\/wp\/v2\/users\/1"}],"replies":[{"embeddable":true,"href":"https:\/\/diarioelpopular.com\/index.php\/wp-json\/wp\/v2\/comments?post=257733"}],"version-history":[{"count":0,"href":"https:\/\/diarioelpopular.com\/index.php\/wp-json\/wp\/v2\/posts\/257733\/revisions"}],"wp:featuredmedia":[{"embeddable":true,"href":"https:\/\/diarioelpopular.com\/index.php\/wp-json\/"}],"wp:attachment":[{"href":"https:\/\/diarioelpopular.com\/index.php\/wp-json\/wp\/v2\/media?parent=257733"}],"wp:term":[{"taxonomy":"category","embeddable":true,"href":"https:\/\/diarioelpopular.com\/index.php\/wp-json\/wp\/v2\/categories?post=257733"},{"taxonomy":"post_tag","embeddable":true,"href":"https:\/\/diarioelpopular.com\/index.php\/wp-json\/wp\/v2\/tags?post=257733"}],"curies":[{"name":"wp","href":"https:\/\/api.w.org\/{rel}","templated":true}]}}