{"id":258876,"date":"2012-02-15T10:53:20","date_gmt":"2012-02-15T15:53:20","guid":{"rendered":"http:\/\/diarioelpopular.com\/?p=258876"},"modified":"2012-02-15T10:53:20","modified_gmt":"2012-02-15T15:53:20","slug":"notas-del-futbol-hispano-28","status":"publish","type":"post","link":"https:\/\/diarioelpopular.com\/index.php\/2012\/02\/15\/notas-del-futbol-hispano-28\/","title":{"rendered":"Notas del f\u00fatbol hispano"},"content":{"rendered":"<div id=\"attachment_258877\" style=\"width: 166px\" class=\"wp-caption alignright\"><a href=\"https:\/\/diarioelpopular.com\/wp-content\/uploads\/2012\/02\/FOTO-1-FERNANDO-PLUAS-COMUNICACIONES.jpg\"><img loading=\"lazy\" decoding=\"async\" aria-describedby=\"caption-attachment-258877\" class=\"size-medium wp-image-258877\" title=\"Fernando Pluas, goleador del elenco \u201cComunicaciones\u201d en la liga \u201cBurocr\u00e1tica Comercial\u201d\" src=\"https:\/\/diarioelpopular.com\/wp-content\/uploads\/2012\/02\/FOTO-1-FERNANDO-PLUAS-COMUNICACIONES-156x300.jpg\" alt=\"\" width=\"156\" height=\"300\" \/><\/a><p id=\"caption-attachment-258877\" class=\"wp-caption-text\">Fernando Pluas, goleador del elenco \u201cComunicaciones\u201d en la liga \u201cBurocr\u00e1tica Comercial\u201d<\/p><\/div>\n<p>Afloja un poco el frio, no hay que descuidarse que el sol que se asoma no calienta pero nos avisa que vienen d\u00edas m\u00e1s agradables. Lo mismo que ocurre en los gimnasios de nuestra comunidad donde se juegan los torneos de indoor soccer, los partidos comienzan fr\u00edos, pero a veces se calientan mucho por causa de algunos jugadores que se les olvida que estos son torneos \u201crecreacionales\u201d, por eso a estos \u201cdeportistas\u201d hay que eliminarlos para ver partidos m\u00e1s agradables.<\/p>\n<p>Aunque ocurre bastante seguido que un jugador convierta varios goles en un partido destacamos al jugador Fernando Pluas del elenco \u201cComunicaciones\u201d que en la confrontaci\u00f3n con \u201cMitlan Jutiapa\u201d de la liga \u201cBurocr\u00e1tica Comercial\u201d convirti\u00f3 siete de los diez goles de su equipo.<\/p>\n<div id=\"attachment_258878\" style=\"width: 220px\" class=\"wp-caption alignleft\"><a href=\"https:\/\/diarioelpopular.com\/wp-content\/uploads\/2012\/02\/FOTO-2-SAUL-JORGE-ANDRADE-SMERALDA-SP.-wILLIAM-lEMOS-OSCAR-VARELA.jpg\"><img loading=\"lazy\" decoding=\"async\" aria-describedby=\"caption-attachment-258878\" class=\" wp-image-258878 \" title=\"Sa\u00fal Varela, organizador del torneo \u201cTaca Airlines\u201d, conversa con Jorge Andrade y William Lemos jugadores del \u201cEsmeralda Sporting\u201d\" src=\"https:\/\/diarioelpopular.com\/wp-content\/uploads\/2012\/02\/FOTO-2-SAUL-JORGE-ANDRADE-SMERALDA-SP.-wILLIAM-lEMOS-OSCAR-VARELA-300x272.jpg\" alt=\"\" width=\"210\" height=\"190\" \/><\/a><p id=\"caption-attachment-258878\" class=\"wp-caption-text\">Sa\u00fal Varela, organizador del torneo \u201cTaca Airlines\u201d, conversa con Jorge Andrade y William Lemos jugadores del \u201cEsmeralda Sporting\u201d<\/p><\/div>\n<p>Con la configuraci\u00f3n de los nuevos grupos en la categor\u00eda de adultos en la liga \u201cCentro Sur La Original\u201d se han programado partidos muy atractivos, algunos en car\u00e1cter de \u201ccl\u00e1sico\u201d como el que habr\u00e1 este s\u00e1bado a las 2.30 pm. Entre \u201cCopihues Rojos\u201d con \u201cJane y Finch\u201d elencos de la Primera Divisi\u00f3n, a continuaci\u00f3n a las 3.15 pm. se enfrentan \u201cArgentina Mza\u201d con \u201cVilla del Parque\u201d. A las 4.00 pm. en S\u00faper M\u00e1ster \u201cEsmeralda Sporting\u201d con \u201cF.C.Capop\u201d a dem\u00e1s de otros partidazos.<\/p>\n<div id=\"attachment_258880\" style=\"width: 250px\" class=\"wp-caption alignright\"><a href=\"https:\/\/diarioelpopular.com\/wp-content\/uploads\/2012\/02\/FOTO-3-LUIS-SUAREZ.jpg\"><img loading=\"lazy\" decoding=\"async\" aria-describedby=\"caption-attachment-258880\" class=\" wp-image-258880 \" title=\"LUIS SUAREZ\" src=\"https:\/\/diarioelpopular.com\/wp-content\/uploads\/2012\/02\/FOTO-3-LUIS-SUAREZ.jpg\" alt=\"\" width=\"240\" height=\"144\" \/><\/a><p id=\"caption-attachment-258880\" class=\"wp-caption-text\">\u00bfOtra vez lo hice? Parece decir el uruguayo Luis Suarez, acusado de racista<\/p><\/div>\n<p>El delantero uruguayo de Liverpool, Luis Su\u00e1rez, se disculp\u00f3 por haberle negado el saludo al defensa del Manchester United, Patrice Evra, al inicio del partido del s\u00e1bado en Old Trafford. &#8220;He hablado con el t\u00e9cnico desde el partido y me doy cuenta de que me equivoqu\u00e9&#8221;, afirma Su\u00e1rez en un comunicado colgado en la p\u00e1gina web del club. No solo le he decepcionado a \u00e9l, sino tambi\u00e9n al club y a todo lo que representa, y lo siento. Comet\u00ed un error y me arrepiento de lo sucedido&#8221;, declara el delantero. Su\u00e1rez reconoce que &#8220;deber\u00eda haber estrechado la mano de Evra antes del partido&#8221;, por lo que quiere &#8220;disculparse por sus actos. Querr\u00eda pasar p\u00e1gina a todo este asunto y concentrarme en el f\u00fatbol&#8221;.<\/p>\n<p>En la cita entre ambos equipos, Su\u00e1rez se neg\u00f3 a estrechar la mano del defensa franco-senegal\u00e9s del Manchester United, con quien anteriormente hab\u00eda tenido una trifulca que llev\u00f3 a su suspensi\u00f3n. El uruguayo debi\u00f3 cumplir ocho partidos de sanci\u00f3n por proferir insultos racistas contra Evra y fue en su retorno al terreno de juego, cuando decidi\u00f3 negarle el saludo. Ese acto caus\u00f3 disgusto en el Reino Unido y motiv\u00f3 que el t\u00e9cnico del Manchester United, Alex Ferguson, dijera que el uruguayo era &#8220;una verg\u00fcenza para el Liverpool&#8221;. Ante la proliferaci\u00f3n de incidentes racistas en el f\u00fatbol ingl\u00e9s, el primer ministro brit\u00e1nico, David Cameron, se reunir\u00e1 esta semana con representantes de este deporte para intentar erradicar las actitudes racistas y restablecer su buena imagen.<\/p>\n<div id=\"attachment_258883\" style=\"width: 206px\" class=\"wp-caption alignleft\"><a href=\"https:\/\/diarioelpopular.com\/wp-content\/uploads\/2012\/02\/FOTO-4-AZUL-Y-BLANCO-OMAR-GRANADOS.jpg\"><img loading=\"lazy\" decoding=\"async\" aria-describedby=\"caption-attachment-258883\" class=\" wp-image-258883 \" title=\"AZUL Y BLANCO OMAR GRANADOS\" src=\"https:\/\/diarioelpopular.com\/wp-content\/uploads\/2012\/02\/FOTO-4-AZUL-Y-BLANCO-OMAR-GRANADOS-245x300.jpg\" alt=\"\" width=\"196\" height=\"240\" \/><\/a><p id=\"caption-attachment-258883\" class=\"wp-caption-text\">\u201cAzul y Blanco\u201d del esforzado Omar Granados (de pie al centro)<\/p><\/div>\n<p>Destacamos la gran labor deportiva que realiza el dirigente-jugador-utilero y de todo, Omar Granados, con el equipo de sus amores \u201cAzul y Blanco\u201d. Granados no duda en vestirse de corto para integrar el equipo mientras llegan los jugadores que generalmente vienen atrasados. Siempre atento con sus jugadores y con quienes apoyan al \u201cAzul y Blanco\u201d Omar Granados se merece un reconocimiento en estas Notas del Deporte Hispano.<\/p>\n<div id=\"attachment_258884\" style=\"width: 220px\" class=\"wp-caption alignright\"><a href=\"https:\/\/diarioelpopular.com\/wp-content\/uploads\/2012\/02\/FOTO-5-CARLOS-VELA-betis_323x2161.jpg\"><img loading=\"lazy\" decoding=\"async\" aria-describedby=\"caption-attachment-258884\" class=\" wp-image-258884 \" title=\"CARLOS VELA\" src=\"https:\/\/diarioelpopular.com\/wp-content\/uploads\/2012\/02\/FOTO-5-CARLOS-VELA-betis_323x2161-300x200.jpg\" alt=\"\" width=\"210\" height=\"140\" \/><\/a><p id=\"caption-attachment-258884\" class=\"wp-caption-text\">Carlos Vela, jugador mexicano en la Real Sociedad, de Espa\u00f1a<\/p><\/div>\n<p>El presidente de la Real Sociedad, Jokin Aperribay, asegur\u00f3 que buscar\u00e1 retener en el club al atacante mexicano Carlos Vela, quien est\u00e1 a pr\u00e9stamo con el cuadro vasco en la presente temporada. Gracias a las aceptables actuaciones del jugador quintanarroense y por su adaptaci\u00f3n al balompi\u00e9 ib\u00e9rico, la directiva de los &#8220;Txuri Urdin&#8221; tratar\u00e1 de convencer al Arsenal ingl\u00e9s de que extienda la cesi\u00f3n, incluso ver\u00e1n si el mexicano puede ser vendido. Los &#8220;Gunners&#8221; prestaron a Vela Garrido s\u00f3lo por un a\u00f1o y desde un principio negaron que haya opci\u00f3n a compra y lo m\u00e1s probable es que el jugador regrese a Inglaterra, sin embargo, la Real har\u00e1 un esfuerzo por mantenerlo en el plantel. &#8220;Al traer a Carlos Vela intentamos tener una opci\u00f3n de compra pero no pudo ser. Desde el inicio le manifestamos nuestra voluntad de que la relaci\u00f3n con la Real fuera m\u00e1s larga. No es f\u00e1cil. Pero lo vamos a intentar&#8221;, coment\u00f3 Aperribay. Hace unos d\u00edas el propio delantero mexicano dio a conocer su deseo de permanecer con la Real, club con el que ha mejorado su nivel gracias a la continuidad en sus actuaciones, algo que no consigui\u00f3 en el Arsenal con el timonel franc\u00e9s Arsene Wenger.<\/p>\n<div id=\"attachment_258886\" style=\"width: 196px\" class=\"wp-caption alignleft\"><a href=\"https:\/\/diarioelpopular.com\/wp-content\/uploads\/2012\/02\/FOTO-6-JUAN-MARQUEZ-ESMERALDA-SP-SANTIAGO-SALAZAR-L.D.U..jpg\"><img loading=\"lazy\" decoding=\"async\" aria-describedby=\"caption-attachment-258886\" class=\" wp-image-258886 \" title=\" JUAN MARQUEZ ESMERALDA SP - SANTIAGO SALAZAR L.D.U.\" src=\"https:\/\/diarioelpopular.com\/wp-content\/uploads\/2012\/02\/FOTO-6-JUAN-MARQUEZ-ESMERALDA-SP-SANTIAGO-SALAZAR-L.D.U.-233x300.jpg\" alt=\"\" width=\"186\" height=\"240\" \/><\/a><p id=\"caption-attachment-258886\" class=\"wp-caption-text\">Jugadores h\u00e1biles y de frente amplia son Juan M\u00e1rquez (Esmeralda Sporting) y Santiago Salazar (L.D.U.)<\/p><\/div>\n<p>Hay una verdadera expectativa por ver cu\u00e1l ser\u00e1 el equipo que podr\u00e1 derrotar a los invencibles del \u201cEsmeralda Sporting\u201d en M\u00e1ster y S\u00faper M\u00e1ster. Ambos elencos est\u00e1n punteros e invictos en su categor\u00eda. Los comandados por Jorge Andrade han demostrado un verdadero esp\u00edritu deportivo al llegar a casi la totalidad de sus integrantes a las convocaciones semanales en la liga \u201cCentro Sur La Original\u201d.<\/p>\n<div id=\"attachment_258887\" style=\"width: 210px\" class=\"wp-caption alignright\"><a href=\"https:\/\/diarioelpopular.com\/wp-content\/uploads\/2012\/02\/FOTO-7-DIEGO-A-MARADONA.jpg\"><img loading=\"lazy\" decoding=\"async\" aria-describedby=\"caption-attachment-258887\" class=\" wp-image-258887 \" title=\"DIEGO A MARADONA\" src=\"https:\/\/diarioelpopular.com\/wp-content\/uploads\/2012\/02\/FOTO-7-DIEGO-A-MARADONA.jpg\" alt=\"\" width=\"200\" height=\"173\" \/><\/a><p id=\"caption-attachment-258887\" class=\"wp-caption-text\">Diego Armando Maradona ahora es un exiliado deportivo, seg\u00fan sus declaraciones<\/p><\/div>\n<p>Diego Armando Maradona, pol\u00e9mico como siempre, asegur\u00f3 que en Argentina le &#8220;cerraron las puertas de una manera incre\u00edble&#8221;. El &#8216;Pelusa&#8217; en una entrevista radial en Buenos Aires habl\u00f3 de todo: Entre otras cosas critic\u00f3 a Pel\u00e9, elogi\u00f3 al delantero Sergio &#8220;Kun&#8221;\u00a0Ag\u00fcero, defendi\u00f3 al conflictivo Carlos Tevez, opin\u00f3 sobre River Plate y aprovech\u00f3 la oportunidad para comentar que en el futuro quiere dirigir a Boca Juniors. &#8220;Soy un exiliado deportivo en Argentina. Nada nuevo, porque se sab\u00eda hace mucho tiempo. Lo saben todos y se hacen los bol&#8230;.. Me ir\u00e9 a ganar mi dinero donde me quieran&#8221;, dij\u00f3 el actual DT del Al Wasl. Por otra parte coment\u00f3 que &#8220;En alg\u00fan momento, cuando pase todo esto. Cuando pase lo de Dubai, el amor por Falcioni (actual entrenador &#8216;xeneize&#8217;), cuando se vayan los dirigentes que no entienden absolutamente nada de lo que es una pelota de f\u00fatbol, voy a dirigir a Boca&#8221;.<\/p>\n<p>Diego, qui\u00e9n en la semana hab\u00eda amenazado con dejar su cargo en el club Al Wasl, habl\u00f3 del delantero Sergio\u00a0Ag\u00fcero.\u00a0&#8220;No s\u00e9 si el t\u00e9cnico (Sabella) piensa ponerlo de titular en la selecci\u00f3n, yo digo que est\u00e1 en un nivel superlativo. Marca la diferencia en un equipo donde el que menos cuesta vale 40 palos verdes&#8221;. Adem\u00e1s no dud\u00f3 en opinar sobre el caso del &#8216;apache&#8217; T\u00e9vez: &#8220;Me encantar\u00eda hablar con &#8216;Carlitos&#8217;, no s\u00e9 c\u00f3mo pas\u00f3 todo esto. Me duele por c\u00f3mo es \u00e9l como tipo, lo quiero. Perder todo esto por una pelea tonta con el entrenador&#8230; Me parece que en el medio hay una injusticia muy grande&#8221;.<\/p>\n<div id=\"attachment_258889\" style=\"width: 130px\" class=\"wp-caption alignleft\"><a href=\"https:\/\/diarioelpopular.com\/wp-content\/uploads\/2012\/02\/FOTO-8-SAUL-HERRERA-PORTERO-MEXICO.jpg\"><img loading=\"lazy\" decoding=\"async\" aria-describedby=\"caption-attachment-258889\" class=\" wp-image-258889 \" title=\"SAUL HERRERA PORTERO MEXICO\" src=\"https:\/\/diarioelpopular.com\/wp-content\/uploads\/2012\/02\/FOTO-8-SAUL-HERRERA-PORTERO-MEXICO-171x300.jpg\" alt=\"\" width=\"120\" height=\"210\" \/><\/a><p id=\"caption-attachment-258889\" class=\"wp-caption-text\">Sa\u00fal Herrera, en el \u201cM\u00e9xico F.C.\u201d descubri\u00f3 su vocaci\u00f3n de arquero<\/p><\/div>\n<p>El \u201clegendario\u201d e inagotable jugador de los torneos hispanos de Toronto, Sa\u00fal Herrera, encontr\u00f3 un puesto dentro de la cancha, que tal vez cuando jovencito no imaginaba, es el imbatible arquero del \u201cM\u00e9xico F.C.\u201d, un puesto dif\u00edcil que Herrera ha sabido defender con calidad.<\/p>\n<div id=\"attachment_258890\" style=\"width: 310px\" class=\"wp-caption alignright\"><a href=\"https:\/\/diarioelpopular.com\/wp-content\/uploads\/2012\/02\/FOTO-9-SELECCION-DE-BOLIVIA.jpg\"><img loading=\"lazy\" decoding=\"async\" aria-describedby=\"caption-attachment-258890\" class=\"size-medium wp-image-258890\" title=\"SELECCION DE BOLIVIA\" src=\"https:\/\/diarioelpopular.com\/wp-content\/uploads\/2012\/02\/FOTO-9-SELECCION-DE-BOLIVIA-300x200.jpg\" alt=\"\" width=\"300\" height=\"200\" \/><\/a><p id=\"caption-attachment-258890\" class=\"wp-caption-text\">El sleccionado boliviano jugar\u00e1 con sus similares de Brasil, Espa\u00f1a y Cuba<\/p><\/div>\n<p>El seleccionado de f\u00fatbol de Bolivia jugar\u00e1 partidos de fogueo en fechas a\u00fan no definidas contra Espa\u00f1a, vigente campe\u00f3n del mundo, y Brasil, pentacampe\u00f3n mundial, anunci\u00f3 la Federaci\u00f3n Boliviana de F\u00fatbol (FBF). Seg\u00fan la versi\u00f3n del presidente de la FBF, Carlos Ch\u00e1vez, Brasil jugar\u00e1 en Bolivia sin costo alguno. &#8220;Es algo incre\u00edble lo que hemos logrado gracias a las buenas relaciones y amistades con la dirigencia de estas potencias mundiales, como son Brasil y Espa\u00f1a&#8221;, dijo Ch\u00e1vez a periodistas de Santa Cruz, este de Bolivia. &#8220;Por las excelentes relaciones que tenemos con los dirigentes de la Confederaci\u00f3n Brasile\u00f1a (de F\u00fatbol) es que jugaremos en una pr\u00f3xima fecha FIFA. Respecto al fogueo con Espa\u00f1a, &#8220;una vez que elijamos sede y fecha, promocionaremos este magn\u00edfico encuentro&#8221;, se\u00f1al\u00f3 Ch\u00e1vez, quien ratific\u00f3 adem\u00e1s el partido amistoso contra la selecci\u00f3n de Cuba previsto para el 29 de febrero en la ciudad de Cochabamba, 400 km al sudeste de La Paz.<\/p>\n<div id=\"attachment_258892\" style=\"width: 175px\" class=\"wp-caption alignleft\"><a href=\"https:\/\/diarioelpopular.com\/wp-content\/uploads\/2012\/02\/FOTO-10-JUAN-JAIME-BARRETO-BRAMPTON-FC.jpg\"><img loading=\"lazy\" decoding=\"async\" aria-describedby=\"caption-attachment-258892\" class=\"size-medium wp-image-258892\" title=\"JUAN JAIME BARRETO BRAMPTON FC\" src=\"https:\/\/diarioelpopular.com\/wp-content\/uploads\/2012\/02\/FOTO-10-JUAN-JAIME-BARRETO-BRAMPTON-FC-165x300.jpg\" alt=\"\" width=\"165\" height=\"300\" \/><\/a><p id=\"caption-attachment-258892\" class=\"wp-caption-text\">Juan Jaime Barreto, director t\u00e9cnico del equipo juvenil 95-96 \u201cBrampton F.C.\u201d<\/p><\/div>\n<p>Un gran trabajo ha realizado con la escuadra juvenil \u201cBrampton United\u201d de la categor\u00eda 95-96 el director t\u00e9cnico Juan Jaime Barreto, hemos visto como en cada fecha sus dirigidos han progresado una enormidad, adem\u00e1s que una buena cantidad de familiares y amigos acompa\u00f1an al equipo en sus presentaciones en el torneo \u201cTaca Airlines\u201d.<\/p>\n<div id=\"attachment_258893\" style=\"width: 214px\" class=\"wp-caption alignright\"><a href=\"https:\/\/diarioelpopular.com\/wp-content\/uploads\/2012\/02\/FOTO-11-SERGIO-MARKARIAN.jpg\"><img loading=\"lazy\" decoding=\"async\" aria-describedby=\"caption-attachment-258893\" class=\" wp-image-258893 \" title=\"SERGIO MARKARIAN\" src=\"https:\/\/diarioelpopular.com\/wp-content\/uploads\/2012\/02\/FOTO-11-SERGIO-MARKARIAN-255x300.jpg\" alt=\"\" width=\"204\" height=\"240\" \/><\/a><p id=\"caption-attachment-258893\" class=\"wp-caption-text\">Sergio Markarian promete que Per\u00fa le ganar\u00e1 a Colombia cuando se enfrenten el 3 de Junio<\/p><\/div>\n<p>El seleccionador de Per\u00fa, Sergio Markari\u00e1n, asegur\u00f3 que Per\u00fa derrotar\u00e1 a Colombia en el partido de eliminatorias mundialistas que jugar\u00e1n en Lima en junio pr\u00f3ximo y que luego tendr\u00e1 un gran desaf\u00edo frente a Uruguay. &#8220;Despu\u00e9s de que le ganemos a Colombia, Uruguay ser\u00e1 la bisagra. Esto es as\u00ed&#8221;, se\u00f1al\u00f3 Markari\u00e1n. El seleccionador, nacido en Uruguay, aludi\u00f3 de esa manera al reto que tiene Per\u00fa de sumar puntos, ya que tiene tres unidades en cuatro jornadas de la competencia. Per\u00fa derrot\u00f3 en 2011 en Lima a Paraguay por 2-0, pero luego perdi\u00f3 2-4 ante Chile y 0-2 ante Ecuador, en ambos casos como visitante, y descans\u00f3 en la tercera fecha. En el reinicio de la competencia, Per\u00fa jugar\u00e1 contra Colombia, en el Estadio Nacional de Lima, el pr\u00f3ximo 3 de junio y luego visitar\u00e1 el 10 de ese mes a Uruguay en Montevideo.<\/p>\n<div id=\"attachment_258895\" style=\"width: 310px\" class=\"wp-caption alignleft\"><a href=\"https:\/\/diarioelpopular.com\/wp-content\/uploads\/2012\/02\/FOTO-12-LA-RAZA-BUROCRATICA.jpg\"><img loading=\"lazy\" decoding=\"async\" aria-describedby=\"caption-attachment-258895\" class=\"size-medium wp-image-258895\" title=\"LA RAZA BUROCRATICA\" src=\"https:\/\/diarioelpopular.com\/wp-content\/uploads\/2012\/02\/FOTO-12-LA-RAZA-BUROCRATICA-300x190.jpg\" alt=\"\" width=\"300\" height=\"190\" \/><\/a><p id=\"caption-attachment-258895\" class=\"wp-caption-text\">\u201cLa Raza\u201d, equipo de buen juego con algunos jugadores muy temperamentales, en el torneo \u201cT\u00edpico Centroamericano\u201d<\/p><\/div>\n<p>\u201cLa Raza\u201d un equipo fuerte que est\u00e1 clasificado en la Segunda Divisi\u00f3n, ha tenido partidos muy re\u00f1idos en las dos \u00faltimas fechas y han salidos victoriosos, pero deben calmarse en los momentos que van adelante en el marcador, menos discusiones y mas concentraci\u00f3n es la clave para sacar adelante los partidos sin mayores problemas. No es una cr\u00edtica, es un buen consejo.<\/p>\n<div id=\"attachment_258896\" style=\"width: 170px\" class=\"wp-caption alignright\"><a href=\"https:\/\/diarioelpopular.com\/wp-content\/uploads\/2012\/02\/FOTO-13-FRANCISCO-ARCE-DT-PARAGUAY.jpg\"><img loading=\"lazy\" decoding=\"async\" aria-describedby=\"caption-attachment-258896\" class=\" wp-image-258896 \" title=\"FRANCISCO ARCE DT PARAGUAY\" src=\"https:\/\/diarioelpopular.com\/wp-content\/uploads\/2012\/02\/FOTO-13-FRANCISCO-ARCE-DT-PARAGUAY-200x300.jpg\" alt=\"\" width=\"160\" height=\"240\" \/><\/a><p id=\"caption-attachment-258896\" class=\"wp-caption-text\">Francisco Arce, director t\u00e9cnico del seleccionado paraguayo<\/p><\/div>\n<p>El entrenador de la selecci\u00f3n de Paraguay, Francisco &#8220;Chiqui&#8221; Arce, convoc\u00f3 a 18 jugadores de equipos nacionales para un amistoso con Chile a disputarse el 15 de febrero en el estadio Feliciano C\u00e1ceres del Sportivo Luque\u00f1o de primera divisi\u00f3n paraguaya. Varios futbolistas de los populares Olimpia, Cerro Porte\u00f1o y guaran\u00ed figuran en la n\u00f3mina de Arce para el juego, que servir\u00e1 de preparaci\u00f3n para los pr\u00f3ximos compromisos de las eliminatorias sudamericanas para el Mundial de Brasil 2014.<\/p>\n<p>La n\u00f3mina de convocados es la siguiente:<\/p>\n<ul>\n<li><strong>Arqueros:<\/strong> Diego Barreto (Cerro Porte\u00f1o) y Joel Silva (Guaran\u00ed).<\/li>\n<li><strong>Defensas:<\/strong> Tom\u00e1s Bartomeus (Guaran\u00ed), Salustiano Candia (Olimpia), Julio Manzur (Guaran\u00ed), Enrique Meza (Olimpia) y Luis Cabral (Guaran\u00ed).<\/li>\n<li><strong>Mediocampistas:<\/strong> Osvaldo Hobecker (Olimpia), Fabio Caballero(Olimpia), Fidencio Oviedo (Cerro Porte\u00f1o), Silvio Torales (Nacional), Eric Ramos (Rubio \u00d1u) y C\u00e9sar Llamas (Rubio \u00d1u).<\/li>\n<li><strong>Delanteros:<\/strong> Luis Caballero (Olimpia), Edgar Ben\u00edtez (Cerro Porte\u00f1o), Ariel Bogado (Nacional), Enzo Prono (Sol de Am\u00e9rica) y Jos\u00e9 Ortigoza (Sol de Am\u00e9rica).<\/li>\n<\/ul>\n<div id=\"attachment_258898\" style=\"width: 203px\" class=\"wp-caption alignleft\"><a href=\"https:\/\/diarioelpopular.com\/wp-content\/uploads\/2012\/02\/FOTO-14-HENRY-CAGUANA-SUR-LATINO-WILLIE-GARCIA-SABROCITO.jpg\"><img loading=\"lazy\" decoding=\"async\" aria-describedby=\"caption-attachment-258898\" class=\"size-medium wp-image-258898\" title=\"HENRY CAGUANA SUR LATINO-WILLIE GARCIA SABROCITO\" src=\"https:\/\/diarioelpopular.com\/wp-content\/uploads\/2012\/02\/FOTO-14-HENRY-CAGUANA-SUR-LATINO-WILLIE-GARCIA-SABROCITO-193x300.jpg\" alt=\"\" width=\"193\" height=\"300\" \/><\/a><p id=\"caption-attachment-258898\" class=\"wp-caption-text\">Henry Caguana, goleador de \u201cSur Latino\u201d (derecha), con Willie Garc\u00eda, del \u201cSabrosito F.C.\u201d<\/p><\/div>\n<p>La escuadra de \u201cSur Latino\u201d sigue en su ruta silenciosa detras del \u201cEsmeralda Sporting\u201d en la categor\u00eda M\u00e1ster, en la fecha pasada dio cuenta de \u201cSabrosito\u201d y quedo con 27 puntos a solo cinco de los punteros.<\/p>\n<div id=\"attachment_258899\" style=\"width: 208px\" class=\"wp-caption alignright\"><a href=\"https:\/\/diarioelpopular.com\/wp-content\/uploads\/2012\/02\/FOTO-15-PELE.jpg\"><img loading=\"lazy\" decoding=\"async\" aria-describedby=\"caption-attachment-258899\" class=\" wp-image-258899 \" title=\"PELE\" src=\"https:\/\/diarioelpopular.com\/wp-content\/uploads\/2012\/02\/FOTO-15-PELE.jpg\" alt=\"\" width=\"198\" height=\"180\" \/><\/a><p id=\"caption-attachment-258899\" class=\"wp-caption-text\">Edson Arantes do Nascimento \u201cPele\u201d recibi\u00f3 un nuevo homenaje en Gab\u00f3n, \u00c1frica<\/p><\/div>\n<p>El brasile\u00f1o Edson Arantes Do Nascimento, &#8216;Pel\u00e9&#8217;, leyenda del f\u00fatbol, inaugur\u00f3 un busto en su honor en el Estadio de la Amistad de Libreville, donde se disputar\u00e1 la final de la Copa de \u00c1frica de Naciones 2012 entre Zambia y Costa de Marfil. Acompa\u00f1ado por el presidente de Gab\u00f3n, Ali Bongo Ondimba, y en presencia de casi todo el Gobierno del pa\u00eds, Pel\u00e9 descubri\u00f3 su estatua e incluso se abraz\u00f3 a ella, ante la presencia de numerosas c\u00e1maras y periodistas. &#8220;\u00a1Qui\u00e9n es mejor que Pel\u00e9!&#8221;, grit\u00f3 Ali Bongo a modo de presentaci\u00f3n, rindiendo homenaje al &#8220;talento&#8221; del brasile\u00f1o pero subrayando que es alguien que &#8220;siempre hab\u00eda trabajado mucho&#8221;. En una breve alocuci\u00f3n, Pel\u00e9 brome\u00f3 sobre el nacimiento de un nuevo Pel\u00e9. &#8220;Que nazca un nuevo yo va a ser complicado, habr\u00e1 similares, pero no uno igual, mi padre y mi madre cerraron la m\u00e1quina&#8221;, declar\u00f3 el tricampe\u00f3n del mundo. Pel\u00e9 tambi\u00e9n record\u00f3 su viaje por \u00c1frica en 1967 con su equipo, el Santos. &#8220;Hab\u00eda una guerra civil por la zona. Nos dijeron que no pod\u00edamos ir all\u00ed, que hab\u00eda una guerra y que est\u00e1bamos locos&#8221;, se\u00f1al\u00f3 Pel\u00e9.<\/p>\n<div id=\"attachment_258900\" style=\"width: 232px\" class=\"wp-caption alignleft\"><a href=\"https:\/\/diarioelpopular.com\/wp-content\/uploads\/2012\/02\/FOTO-16-SAUL-REF-VAUGHAN.jpg\"><img loading=\"lazy\" decoding=\"async\" aria-describedby=\"caption-attachment-258900\" class=\"size-medium wp-image-258900\" title=\"SAUL - REF VAUGHAN\" src=\"https:\/\/diarioelpopular.com\/wp-content\/uploads\/2012\/02\/FOTO-16-SAUL-REF-VAUGHAN-222x300.jpg\" alt=\"\" width=\"222\" height=\"300\" \/><\/a><p id=\"caption-attachment-258900\" class=\"wp-caption-text\">Buen arbitraje de Alexis Vaughan en \u201cLa Original\u201d, en la foto con el organizador Sa\u00fal Varela<\/p><\/div>\n<p>Una agradable sorpresa fue ver dirigir un partido a la joven r\u00e9feri Alexis Vaughan, de buen desempe\u00f1o y car\u00e1cter, adem\u00e1s de un buen conocimiento del reglamento interno de la liga \u201cCentro Sur La Original\u201d. Don Sa\u00fal Varela, ratifica a los equipos participantes que seg\u00fan el reglamento los cinco minutos de espera cuando un equipo no est\u00e1 completo es a contar de la hora que est\u00e1 programado el partido. Eso significa que el m\u00ednimo de jugadores en la cancha debe ser de cuatro integrantes de un equipo (tres en cancha mas el arquero). Pasados los minutos de espera correspondientes los puntos a disputar son del elenco que este completo, seg\u00fan constancia de la organizaci\u00f3n.<\/p>\n<div id=\"attachment_258901\" style=\"width: 193px\" class=\"wp-caption alignright\"><a href=\"https:\/\/diarioelpopular.com\/wp-content\/uploads\/2012\/02\/FOTO-17-CRISTIANO-RONALDO.jpg\"><img loading=\"lazy\" decoding=\"async\" aria-describedby=\"caption-attachment-258901\" class=\" wp-image-258901 \" title=\"CRISTIANO RONALDO\" src=\"https:\/\/diarioelpopular.com\/wp-content\/uploads\/2012\/02\/FOTO-17-CRISTIANO-RONALDO-262x300.jpg\" alt=\"\" width=\"183\" height=\"210\" \/><\/a><p id=\"caption-attachment-258901\" class=\"wp-caption-text\">Cristiano Ronaldo hizo tripleta en el partido pasado del \u201cReal Madrid\u201d<\/p><\/div>\n<p>El Real Madrid se escapa hacia el t\u00edtulo despu\u00e9s de remontar ante el Levante con tres tantos del astro portugu\u00e9s Cristiano Ronaldo que aumentaron a 10 puntos la ventaja sobre el Barcelona, derrotado por el Osasuna. El argentino Gustavo Cabral abri\u00f3 el marcador en el Santiago Bernab\u00e9u a los cinco minutos de juego, pero Cristiano Ronaldo igual\u00f3 en el 43 al ejecutar una pena m\u00e1xima que cost\u00f3 la expulsi\u00f3n de Vicente Iborra. Ronaldo hizo posible la remontada en el segundo tiempo con dos tantos, uno de ellos de un disparo espectacular que super\u00f3 al uruguayo Gustavo Mun\u00faa, para elevar su total liguero a 27, cuatro m\u00e1s que Leo Messi. El marfile\u00f1o Arouna Kon\u00e9 acort\u00f3, pero el franc\u00e9s Karim Benzema cerr\u00f3 con llave la contienda con el cuarto (4-2). &#8220;Los goles vienen por el juego del conjunto. Estamos haciendo un trabajo muy bueno&#8221;, dijo Ronaldo. En la v\u00edspera de la jornada 23, el Barcelona hab\u00eda dejado buena parte de la Liga en manos del Real Madrid al perder por 3-2 en casa del Osasuna. El chileno Alexis hizo uno de los tantos azulgranas. El argentino Javier Macherano fue expulsado por doble amonestaci\u00f3n en los \u00faltimos compases del partido. Messi no anot\u00f3. &#8220;Si antes la Liga ya estaba dif\u00edcil, ahora mucho m\u00e1s&#8221;, admiti\u00f3 el t\u00e9cnico del Barcelona, Pep Guardiola, que ve como se aleja la oportunidad de sumar su cuarto t\u00edtulo consecutivo.<\/p>\n<p>Un equipo de f\u00fatbol de la primera divisi\u00f3n colombiana y otro de la segunda deber\u00e1n disputar dos partidos en sus estadios a puerta cerrada por las invasiones de cancha que protagonizaron sus aficionados el pasado fin de semana, decidi\u00f3 la Federaci\u00f3n Colombiana de F\u00fatbol. Los equipos Deportes Tolima, de la m\u00e1xima categor\u00eda, y Deportivo Pereira deber\u00e1n disputar sin p\u00fablico dos compromisos ligueros y afrontar una multa de 4.533.600 pesos (2.545 d\u00f3lares), inform\u00f3 la Federaci\u00f3n en su sitio electr\u00f3nico. El domingo pasado, un centenar de aficionados del Tolima salt\u00f3 al terreno de juego del estadio Manuel Murillo Toro de la ciudad de Ibagu\u00e9 (centro) en el descanso del partido contra Santa Fe, lo que motiv\u00f3 una intervenci\u00f3n policial que se sald\u00f3 con 10 agentes lesionados y 33 detenidos, en su mayor\u00eda menores de edad. En la misma jornada, unos 70 aficionados irrumpieron en el c\u00e9sped del estadio Hern\u00e1n Ram\u00edrez Villegas para festejar uno de los tantos con los que el Pereira gole\u00f3 al Alianza Petrolera (4-0). El reglamento de la Federaci\u00f3n establece entre dos y cuatro partidos de sanci\u00f3n en caso de una invasi\u00f3n de cancha que impida o retrase el normal desarrollo de un partido.<\/p>\n<p>Nos vemos la pr\u00f3xima semana en las notas del futbol hispano.<\/p>\n","protected":false},"excerpt":{"rendered":"<p>Afloja un poco el frio, no hay que descuidarse que el sol que se asoma no calienta pero nos avisa que vienen d\u00edas m\u00e1s agradables.&hellip;<\/p>\n","protected":false},"author":1,"featured_media":258880,"comment_status":"open","ping_status":"open","sticky":false,"template":"","format":"standard","meta":{"footnotes":""},"categories":[28],"tags":[179,657],"class_list":["post-258876","post","type-post","status-publish","format-standard","has-post-thumbnail","hentry","category-deportes","tag-futbol-2","tag-futbol-hispano"],"_links":{"self":[{"href":"https:\/\/diarioelpopular.com\/index.php\/wp-json\/wp\/v2\/posts\/258876","targetHints":{"allow":["GET"]}}],"collection":[{"href":"https:\/\/diarioelpopular.com\/index.php\/wp-json\/wp\/v2\/posts"}],"about":[{"href":"https:\/\/diarioelpopular.com\/index.php\/wp-json\/wp\/v2\/types\/post"}],"author":[{"embeddable":true,"href":"https:\/\/diarioelpopular.com\/index.php\/wp-json\/wp\/v2\/users\/1"}],"replies":[{"embeddable":true,"href":"https:\/\/diarioelpopular.com\/index.php\/wp-json\/wp\/v2\/comments?post=258876"}],"version-history":[{"count":0,"href":"https:\/\/diarioelpopular.com\/index.php\/wp-json\/wp\/v2\/posts\/258876\/revisions"}],"wp:featuredmedia":[{"embeddable":true,"href":"https:\/\/diarioelpopular.com\/index.php\/wp-json\/"}],"wp:attachment":[{"href":"https:\/\/diarioelpopular.com\/index.php\/wp-json\/wp\/v2\/media?parent=258876"}],"wp:term":[{"taxonomy":"category","embeddable":true,"href":"https:\/\/diarioelpopular.com\/index.php\/wp-json\/wp\/v2\/categories?post=258876"},{"taxonomy":"post_tag","embeddable":true,"href":"https:\/\/diarioelpopular.com\/index.php\/wp-json\/wp\/v2\/tags?post=258876"}],"curies":[{"name":"wp","href":"https:\/\/api.w.org\/{rel}","templated":true}]}}