{"id":266886,"date":"2012-02-15T22:14:58","date_gmt":"2012-02-16T03:14:58","guid":{"rendered":"http:\/\/diarioelpopular.com\/?p=266886"},"modified":"2012-02-15T22:14:58","modified_gmt":"2012-02-16T03:14:58","slug":"iran-impone-nuevas-condiciones-para-vender-crudo-a-europa","status":"publish","type":"post","link":"https:\/\/diarioelpopular.com\/index.php\/2012\/02\/15\/iran-impone-nuevas-condiciones-para-vender-crudo-a-europa\/","title":{"rendered":"Ir\u00e1n impone nuevas condiciones para vender crudo a Europa"},"content":{"rendered":"<div id=\"attachment_266887\" style=\"width: 310px\" class=\"wp-caption alignright\"><a href=\"https:\/\/diarioelpopular.com\/wp-content\/uploads\/2012\/02\/Ir\u00e1n-impone-nuevas-condiciones-para-vender-petr\u00f3leo-a-Europa.jpg\"><img loading=\"lazy\" decoding=\"async\" aria-describedby=\"caption-attachment-266887\" class=\"size-medium wp-image-266887\" title=\"Ir\u00e1n impone nuevas condiciones para vender petr\u00f3leo a Europa\" src=\"https:\/\/diarioelpopular.com\/wp-content\/uploads\/2012\/02\/Ir\u00e1n-impone-nuevas-condiciones-para-vender-petr\u00f3leo-a-Europa-300x180.jpg\" alt=\"\" width=\"300\" height=\"180\" \/><\/a><p id=\"caption-attachment-266887\" class=\"wp-caption-text\">El presidente iran\u00ed, Mahmud Ahmadineyad<\/p><\/div>\n<p><em><strong>Chema Ortiz. Teher\u00e1n.-<\/strong><\/em> Ir\u00e1n impuso este mi\u00e9rcoles nuevas condiciones para la compraventa de petr\u00f3leo a los pa\u00edses europeos, en una decisi\u00f3n que cre\u00f3 gran confusi\u00f3n pol\u00edtica y aumento de los precios del crudo en el mercado internacional.<\/p>\n<p>El desconcierto cundi\u00f3 despu\u00e9s de que a primera hora de la ma\u00f1ana la televisi\u00f3n oficial en ingl\u00e9s &#8220;PressTV&#8221; asegurara que el ministerio iran\u00ed de Asuntos Exteriores hab\u00eda convocado a los embajadores de la Uni\u00f3n Europea acreditados en Teher\u00e1n para comunicarles la suspensi\u00f3n de la venta de crudo.<\/p>\n<p>Minutos despu\u00e9s, la televisi\u00f3n oficial en lengua persa IRIB precis\u00f3 la informaci\u00f3n y asever\u00f3 que la reuni\u00f3n ten\u00eda como objetivo informar a los diplom\u00e1ticos de que &#8220;Ir\u00e1n va a reconsiderar si sigue vendi\u00e9ndoles petr\u00f3leo&#8221;<\/p>\n<p>Al t\u00e9rmino de la misma, el embajador de Espa\u00f1a en Ir\u00e1n, Pedro Villena, aclar\u00f3 a Efe que la cita vers\u00f3 sobre las sanciones impuestas por los Veintisiete a Teher\u00e1n, entre ellas el embargo petrolero, pero que en ning\u00fan momento se les comunic\u00f3 la interrupci\u00f3n de las exportaciones de crudo.<\/p>\n<p>Momentos antes, Villena hab\u00eda explicado a los ministros espa\u00f1oles de Asuntos Exteriores, Jos\u00e9 Manuel Garc\u00eda-Margallo, y de Industria, Jos\u00e9 Manuel Soria, que Ir\u00e1n le hab\u00eda convocado, junto a otros diplom\u00e1ticos, para informarles de las nuevas condiciones de los contratos de venta de crudo.<\/p>\n<p>Aunque a\u00fan no han trascendido de forma oficial cu\u00e1les son esos nuevos requisitos, parece que el r\u00e9gimen de los ayatol\u00e1 quiere garantizarse el cobro por adelantado del crudo antes de exportarlo a los pa\u00edses europeos.<\/p>\n<p>La medida afecta de forma particular a Grecia, Espa\u00f1a e Italia, que compran a Ir\u00e1n entre un 13% y un 14% de sus necesidades petroleras, y en menor medida a estados como Francia (un 4%), Alemania y el Reino Unido, con menos del 1%.<\/p>\n<p>Por su parte, la agencia oficial de noticias iran\u00ed IRNA, y la semioficial Mehr informaron de que el director general para Europa Occidental del Ministerio de Exteriores, Hasan Tayik, hab\u00eda convocado a los embajadores de Espa\u00f1a, Italia, Francia, Portugal, Holanda y Grecia.<\/p>\n<p>Aunque IRNA no daba detalle de los motivos, Mehr precis\u00f3 que Tayik trat\u00f3 en reuniones separadas con los seis sobre &#8220;distintos asuntos, incluidas las sanciones europeas contra Teher\u00e1n&#8221;.<\/p>\n<p>En el origen de la pol\u00e9mica est\u00e1n una declaraciones del ministro iran\u00ed de Petr\u00f3leo, Rostam Qasemi, quien el pasado 4 de febrero afirm\u00f3 que su pa\u00eds estudiaba la suspensi\u00f3n de las exportaciones de crudo a varios pa\u00edses europeos, en represalia por las sanciones financieras y petroleras impuestas por la UE el pasado 23 de enero.<\/p>\n<p>&#8220;Las exportaciones de petr\u00f3leo a ciertos pa\u00edses europeos se cortar\u00e1n con seguridad&#8221;, afirm\u00f3 Qasemi, quien agreg\u00f3 que &#8220;m\u00e1s tarde decidiremos si las paramos a otros pa\u00edses europeos&#8221;.<\/p>\n<p>D\u00edas despu\u00e9s, el Parlamento persa anunci\u00f3, por su parte, que preparaba una ley para prohibir las exportaciones de petr\u00f3leo y gas a Europa, pero no tramit\u00f3 texto alguno e inici\u00f3 la semana pasada un receso, hasta el 4 de marzo.<\/p>\n<p>Antes del receso, 200 de los 290 diputados firmaron un comunicado de prensa en el que manifestaban su apoyo a cualquier medida que pudiera adoptar el Gobierno de Teher\u00e1n contra los Veintisiete en respuesta a las nuevas sanciones.<\/p>\n<p>Ante tales amenazas, algunos de los pa\u00edses europeos que podr\u00edan verse afectado, como Espa\u00f1a, hab\u00edan recurrido ya a otros productores, en especial a Arabia Saud\u00ed, para pedirles que compensen la eventual suspensi\u00f3n de las compras a Ir\u00e1n, prevista para el 1 de julio pr\u00f3ximo.<\/p>\n<p>A este respecto, el secretario de Estado espa\u00f1ol de Econom\u00eda y Apoyo a la Empresa, Fernando Jim\u00e9nez Latorre, confi\u00f3 hoy en que las exportaciones de crudo de Arabia Saud\u00ed compensen, si se produce, la suspensi\u00f3n de las exportaciones de Ir\u00e1n, pa\u00eds al que Madrid compra unos 137.000 barriles diarios de crudo.<\/p>\n<p>Arabia Saud\u00ed, seg\u00fan cree Jim\u00e9nez Latorre, &#8220;s\u00ed va a tener una respuesta positiva compensadora&#8221;, aunque no precis\u00f3 el impacto que podr\u00eda tener en Espa\u00f1a y tambi\u00e9n dijo que no tiene &#8220;percepci\u00f3n&#8221; de que pudiera producirse una escalada en los precios.<\/p>\n<p>Ir\u00e1n, socio de Arabia Saud\u00ed en la Organizaci\u00f3n de Pa\u00edses Exportadores de Petr\u00f3leo (OPEP), en la que son los dos mayores productores, ha pedido a los dem\u00e1s Gobiernos del c\u00e1rtel, incluido el de Riad, que no compensen su cuota ante una posible suspensi\u00f3n de ventas.<\/p>\n<p>Esta coyuntura, unida a la crisis europea y a las amenazas b\u00e9licas de Washington y Tel Aviv a Teher\u00e1n para que suspenda su programa nuclear, han causado que el precio del barril de Brent suba desde los 110 d\u00f3lares a los actuales 117 en pocos d\u00edas.<\/p>\n","protected":false},"excerpt":{"rendered":"<p>Ir\u00e1n impuso este mi\u00e9rcoles nuevas condiciones para la compraventa de petr\u00f3leo a los pa\u00edses europeos, en una decisi\u00f3n que cre\u00f3 gran confusi\u00f3n pol\u00edtica y aumento de los precios del crudo en el mercado internacional.<\/p>\n","protected":false},"author":1,"featured_media":266887,"comment_status":"open","ping_status":"open","sticky":false,"template":"","format":"standard","meta":{"footnotes":""},"categories":[24],"tags":[379,160,224],"class_list":["post-266886","post","type-post","status-publish","format-standard","has-post-thumbnail","hentry","category-mundo","tag-europa","tag-iran","tag-petroleo"],"_links":{"self":[{"href":"https:\/\/diarioelpopular.com\/index.php\/wp-json\/wp\/v2\/posts\/266886","targetHints":{"allow":["GET"]}}],"collection":[{"href":"https:\/\/diarioelpopular.com\/index.php\/wp-json\/wp\/v2\/posts"}],"about":[{"href":"https:\/\/diarioelpopular.com\/index.php\/wp-json\/wp\/v2\/types\/post"}],"author":[{"embeddable":true,"href":"https:\/\/diarioelpopular.com\/index.php\/wp-json\/wp\/v2\/users\/1"}],"replies":[{"embeddable":true,"href":"https:\/\/diarioelpopular.com\/index.php\/wp-json\/wp\/v2\/comments?post=266886"}],"version-history":[{"count":0,"href":"https:\/\/diarioelpopular.com\/index.php\/wp-json\/wp\/v2\/posts\/266886\/revisions"}],"wp:featuredmedia":[{"embeddable":true,"href":"https:\/\/diarioelpopular.com\/index.php\/wp-json\/"}],"wp:attachment":[{"href":"https:\/\/diarioelpopular.com\/index.php\/wp-json\/wp\/v2\/media?parent=266886"}],"wp:term":[{"taxonomy":"category","embeddable":true,"href":"https:\/\/diarioelpopular.com\/index.php\/wp-json\/wp\/v2\/categories?post=266886"},{"taxonomy":"post_tag","embeddable":true,"href":"https:\/\/diarioelpopular.com\/index.php\/wp-json\/wp\/v2\/tags?post=266886"}],"curies":[{"name":"wp","href":"https:\/\/api.w.org\/{rel}","templated":true}]}}