{"id":276011,"date":"2012-02-16T23:55:01","date_gmt":"2012-02-17T04:55:01","guid":{"rendered":"http:\/\/diarioelpopular.com\/?p=276011"},"modified":"2012-02-16T23:55:01","modified_gmt":"2012-02-17T04:55:01","slug":"muere-gary-carter-leyenda-del-beisbol-y-de-los-expos","status":"publish","type":"post","link":"https:\/\/diarioelpopular.com\/index.php\/2012\/02\/16\/muere-gary-carter-leyenda-del-beisbol-y-de-los-expos\/","title":{"rendered":"Muere Gary Carter, leyenda del b\u00e9isbol y de los Expos"},"content":{"rendered":"<div id=\"attachment_276012\" style=\"width: 710px\" class=\"wp-caption aligncenter\"><a href=\"https:\/\/diarioelpopular.com\/wp-content\/uploads\/2012\/02\/Gary-Carter.jpg\"><img loading=\"lazy\" decoding=\"async\" aria-describedby=\"caption-attachment-276012\" class=\"size-full wp-image-276012\" title=\"Gary Carter\" src=\"https:\/\/diarioelpopular.com\/wp-content\/uploads\/2012\/02\/Gary-Carter.jpg\" alt=\"\" width=\"700\" height=\"420\" \/><\/a><p id=\"caption-attachment-276012\" class=\"wp-caption-text\">Gary Carter, con los Expos de Montreal, en 1983. Foto: Bernard Brault \/ AP<\/p><\/div>\n<p><em><strong>Efe. Redacci\u00f3n EE UU.-<\/strong><\/em> El deporte del b\u00e9isbol de las Grandes Ligas est\u00e1 de luto tras conocerse este jueves el fallecimiento del exreceptor y miembro del Sal\u00f3n de la Fama Gary\u00a0Carter, a la edad de 57 a\u00f1os, por causa del c\u00e1ncer, de acuerdo a la informaci\u00f3n ofrecida por su propia hija.<\/p>\n<p>&#8220;Me siento apenada por informarles que mi precioso padre se fue hoy a las 4:10 de la tarde a morar con Jes\u00fas&#8221;, seg\u00fan escribi\u00f3 Kimmy Bloemers en el portal de la familia en Internet. &#8220;Esta es la cosa m\u00e1s dif\u00edcil que jam\u00e1s haya tenido que escribir, pero quer\u00eda ser quien lo informara&#8221;.<\/p>\n<p>La hija del exreceptor reiter\u00f3 en su mensaje a trav\u00e9s de internet que &#8220;\u00e9l (Carter) ya se encuentra en el cielo y se reuni\u00f3 con su pap\u00e1 y su mam\u00e1. Creo con todo mi coraz\u00f3n que pap\u00e1 recibi\u00f3 una ovaci\u00f3n en pie cuando entr\u00f3 por las puertas del cielo para estar con Jes\u00fas&#8221;, agreg\u00f3 Bloemers en su escrito.<\/p>\n<p>La familia\u00a0Carter\u00a0le hab\u00eda dado a ESPN acceso al portal familiar en la red para informarles al p\u00fablico sobre la condici\u00f3n del pelotero, que hizo historia con los Mets de Nueva York.<\/p>\n<p>Desde mayo del 2011, a\u00a0Carter\u00a0le fue diagnosticado cuatro tumores malignos en el cerebro y hasta recientemente, la familia esperaba que con la quimioterapia y otros tratamientos, pudiesen ser controlados.<\/p>\n<p>Sin embargo, el pasado mes, la familia revel\u00f3 que los m\u00e9dicos hab\u00edan encontrado nuevos tumores en el cerebro del miembro del Sal\u00f3n de la Fama.<\/p>\n<p>Carter\u00a0hizo una aparici\u00f3n en p\u00fablico a principios de este mes, acudiendo al D\u00eda Inaugural del equipo universitario de b\u00e9isbol del que era entrenador.<\/p>\n<p>La pasada primavera, despu\u00e9s de experimentar dolores de cabeza y olvidos,\u00a0Carter\u00a0fue sometido a un examen de resonancia magn\u00e9tica donde le fueron encontrados los cuatro tumores peque\u00f1os.<\/p>\n<p>Carter, nacido en\u00a0Culver City, California (EE UU), en 1954, fue elegido 11 veces para el Partido de las Estrellas, y nombrado miembro del Sal\u00f3n de la Fama en 2003 luego de retirarse del b\u00e9isbol en 1992.<\/p>\n<p>Despu\u00e9s de 19 temporadas como profesional, consigui\u00f3 .262 de promedio de bateo, con 324 jonrones y 1.225 carreras impulsadas.<\/p>\n<p>Carter, que en el campo ten\u00eda un car\u00e1cter fuerte y mostraba siempre liderazgo, al que apodaban &#8220;Kid,&#8221; es quiz\u00e1s mejor conocido por haber ayudado a los Mets a ganar la Serie Mundial de 1986.<\/p>\n<p>Durante la temporada regular tambi\u00e9n fue decisiva su participaci\u00f3n al conseguir 24 jonrones y produjo 105 carreras, para luego en la fase final impulsar 11 carreras m\u00e1s.<\/p>\n<p>Carter\u00a0comenz\u00f3 su carrera profesional con los desaparecidos Expos de Montreal y la concluy\u00f3 con el mismo equipo, en 1992, despu\u00e9s de haber militado tambi\u00e9n con los Mets, Gigantes de San Francisco y Dodgers de Los \u00c1ngeles.<\/p>\n","protected":false},"excerpt":{"rendered":"<p>El deporte del b\u00e9isbol de las Grandes Ligas est\u00e1 de luto tras conocerse este jueves el fallecimiento del exreceptor y miembro del Sal\u00f3n de la Fama, Gary Carter, a la edad de 57 a\u00f1os, por causa del c\u00e1ncer, de acuerdo a la informaci\u00f3n ofrecida por su propia hija.<\/p>\n","protected":false},"author":1,"featured_media":276012,"comment_status":"open","ping_status":"open","sticky":false,"template":"","format":"standard","meta":{"footnotes":""},"categories":[28],"tags":[1912,1235,302,1913,1914,1915],"class_list":["post-276011","post","type-post","status-publish","format-standard","has-post-thumbnail","hentry","category-deportes","tag-baseball","tag-beisbol","tag-cancer","tag-expos","tag-gary-carter","tag-mets"],"_links":{"self":[{"href":"https:\/\/diarioelpopular.com\/index.php\/wp-json\/wp\/v2\/posts\/276011","targetHints":{"allow":["GET"]}}],"collection":[{"href":"https:\/\/diarioelpopular.com\/index.php\/wp-json\/wp\/v2\/posts"}],"about":[{"href":"https:\/\/diarioelpopular.com\/index.php\/wp-json\/wp\/v2\/types\/post"}],"author":[{"embeddable":true,"href":"https:\/\/diarioelpopular.com\/index.php\/wp-json\/wp\/v2\/users\/1"}],"replies":[{"embeddable":true,"href":"https:\/\/diarioelpopular.com\/index.php\/wp-json\/wp\/v2\/comments?post=276011"}],"version-history":[{"count":0,"href":"https:\/\/diarioelpopular.com\/index.php\/wp-json\/wp\/v2\/posts\/276011\/revisions"}],"wp:featuredmedia":[{"embeddable":true,"href":"https:\/\/diarioelpopular.com\/index.php\/wp-json\/"}],"wp:attachment":[{"href":"https:\/\/diarioelpopular.com\/index.php\/wp-json\/wp\/v2\/media?parent=276011"}],"wp:term":[{"taxonomy":"category","embeddable":true,"href":"https:\/\/diarioelpopular.com\/index.php\/wp-json\/wp\/v2\/categories?post=276011"},{"taxonomy":"post_tag","embeddable":true,"href":"https:\/\/diarioelpopular.com\/index.php\/wp-json\/wp\/v2\/tags?post=276011"}],"curies":[{"name":"wp","href":"https:\/\/api.w.org\/{rel}","templated":true}]}}