{"id":279108,"date":"2012-02-17T20:50:03","date_gmt":"2012-02-18T01:50:03","guid":{"rendered":"http:\/\/diarioelpopular.com\/?p=279108"},"modified":"2012-02-17T20:50:03","modified_gmt":"2012-02-18T01:50:03","slug":"dimite-el-presidente-aleman-por-acusaciones-de-corrupcion","status":"publish","type":"post","link":"https:\/\/diarioelpopular.com\/index.php\/2012\/02\/17\/dimite-el-presidente-aleman-por-acusaciones-de-corrupcion\/","title":{"rendered":"Dimite el presidente alem\u00e1n por acusaciones de corrupci\u00f3n"},"content":{"rendered":"<div id=\"attachment_279109\" style=\"width: 710px\" class=\"wp-caption aligncenter\"><a href=\"https:\/\/diarioelpopular.com\/wp-content\/uploads\/2012\/02\/Christian-Wulff.jpg\"><img loading=\"lazy\" decoding=\"async\" aria-describedby=\"caption-attachment-279109\" class=\"size-full wp-image-279109\" title=\"Christian Wulff\" src=\"https:\/\/diarioelpopular.com\/wp-content\/uploads\/2012\/02\/Christian-Wulff.jpg\" alt=\"\" width=\"700\" height=\"420\" \/><\/a><p id=\"caption-attachment-279109\" class=\"wp-caption-text\">El presidente de Alemania, Christian Wulff, y su esposa, Bettina, durante la comparecencia p\u00fablica en la que el primero anunci\u00f3 su dimisi\u00f3n. Foto: Michael Kappeler \/ Efe<\/p><\/div>\n<p><em><strong>Efe. Berl\u00edn.-<\/strong><\/em> La canciller federal, Angela Merkel, anunci\u00f3 este viernes la b\u00fasqueda de un candidato de consenso con la oposici\u00f3n tras la dimisi\u00f3n del presidente de Alemania, Christian\u00a0Wulff, acosado desde hace dos meses por la prensa al verse envuelto en una serie de casos de presunta corrupci\u00f3n y amiguismo.<\/p>\n<p>La solicitud de la fiscal\u00eda de Hannover, en el norte del pa\u00eds, al Bundestag (Parlamento federal) de que levante la inmunidad de\u00a0Wulff\u00a0para investigar uno de los distintos casos de presunta corrupci\u00f3n y tr\u00e1fico de influencias fue el detonante final de la dimisi\u00f3n del presidente, que llevaba semanas tambale\u00e1ndose en el cargo.<\/p>\n<p>Alemania necesita un presidente que cuente con el respaldo &#8220;no solo de la mayor\u00eda, sino de una amplia mayor\u00eda&#8221; del pueblo, dijo el ya presidente saliente en una comparecencia p\u00fablica escoltado por su esposa Bettina al reconocer que este ya no es su caso.<\/p>\n<p>&#8220;Estoy convencido de que (las investigaciones) conducir\u00e1n a un total descargo (de mi persona)&#8221;, afirm\u00f3\u00a0Wulff, quien admiti\u00f3 haber cometido errores, pero asegur\u00f3 haber sido &#8220;siempre honrado&#8221; como presidente de Alemania y anteriormente como jefe del gobierno del estado federado de la Baja Sajonia.<\/p>\n<p>Wulff\u00a0expres\u00f3 su rechazo a las acusaciones contra su persona aparecidas en la prensa alemana durante los dos \u00faltimos meses y declar\u00f3 que las noticias publicadas por los medios &#8220;han herido a mi mujer y a mi&#8221;.<\/p>\n<p>Por su parte, Merkel se\u00f1al\u00f3 que hab\u00eda recibido la noticia con &#8220;gran respeto&#8221; y &#8220;gran pesar&#8221;, y afirm\u00f3 que el presidente saliente y su esposa Bettina representaron &#8220;con dignidad&#8221; a Alemania durante los casi 600 d\u00edas en el cargo.<\/p>\n<p>Asimismo coment\u00f3 en una declaraci\u00f3n posterior a la de\u00a0Wulff\u00a0que dialogar\u00e1 con la oposici\u00f3n para poder proponer &#8220;un candidato com\u00fan para la elecci\u00f3n del pr\u00f3ximo presidente&#8221; de Alemania, que seg\u00fan la Constituci\u00f3n germana deber\u00e1 realizar la Asamblea Federal en un plazo m\u00e1ximo de 30 d\u00edas.<\/p>\n<p>Merkel subray\u00f3 que &#8220;uno de los fuertes de nuestro estado de derecho es que trata a todos por igual, sin importar el cargo que ocupe&#8221; al valorar la actuaci\u00f3n de la fiscal\u00eda de Hannover.<\/p>\n<p>Por su parte, la oposici\u00f3n socialdem\u00f3crata y verde celebraron la dimisi\u00f3n de\u00a0Wulff, que deb\u00eda haberse consumado hace tiempo, seg\u00fan manifestaron sus portavoces, as\u00ed como la disposici\u00f3n de Merkel a negociar un candidato conjunto.<\/p>\n<p>La l\u00edder parlamentaria verde Claudia Roth defini\u00f3 las exigencias de la oposici\u00f3n al comentar que &#8220;la candidata o candidato debe devolver al cargo lo que ha perdido \u00faltimamente: credibilidad, fidelidad a la verdad y respeto&#8221;.<\/p>\n<p>El presidente de los socialdem\u00f3cratas, Sigmar Gabriel, se\u00f1al\u00f3 que su formaci\u00f3n esta lista para consensuar &#8220;un nuevo comienzo. Estamos muy contentos de que el nuevo comienzo, que ofrec\u00edamos desde hace meses, ahora sea posible tras la dimisi\u00f3n de\u00a0Wulff&#8221;.<\/p>\n<p>Hasta la elecci\u00f3n de un nuevo presidente de Alemania, el puesto de m\u00e1ximo mandatario germano ser\u00e1 ocupado por el presidente del Bundesrat, la C\u00e1mara alta o de los L\u00e4nder, que actualmente ostenta en turno rotatorio el jefe del Gobierno de Baviera, Horst Seehofer.<\/p>\n<p>Las \u00faltimas acusaciones contra\u00a0Wulff\u00a0tienen su origen, al igual que las anteriores, en su etapa como jefe de gobierno del estado federado de la Baja Sajonia y sus relaciones con el productor cinematogr\u00e1fico David Groenewold, que tambi\u00e9n es investigado como presunto corruptor.<\/p>\n<p>Groenewold y\u00a0Wulff\u00a0disfrutaron juntos en 2007 de unas vacaciones en la exclusiva isla alemana de Sylt que pag\u00f3 el primero, aunque el presidente ha asegurado que abon\u00f3 en met\u00e1lico su parte a quien ha calificado de amigo personal.<\/p>\n<p>Las vacaciones tuvieron lugar un a\u00f1o despu\u00e9s de que el gobierno de la Baja Sajonia, presidido por\u00a0Wulff, aprobara la concesi\u00f3n de un aval de cuatro millones de euros a una empresa de Groenewoldm, aunque este nunca lo hizo efectivo.<\/p>\n<p>La creciente pol\u00e9mica por presuntos casos de amiguismo contra\u00a0Wulff\u00a0estall\u00f3 el pasado 13 de diciembre, cuando el popular diario &#8220;Bild&#8221; public\u00f3 que en sus tiempos de primer ministro regional hab\u00eda aceptado un cr\u00e9dito privado con unas condiciones muy ventajosas de empresarios amigos por medio mill\u00f3n de euros, con el que adquiri\u00f3 una casa unifamiliar.<\/p>\n","protected":false},"excerpt":{"rendered":"<p>La canciller federal, Angela Merkel, anunci\u00f3 este viernes la b\u00fasqueda de un candidato de consenso con la oposici\u00f3n tras la dimisi\u00f3n del presidente de Alemania, Christian Wulff, acosado desde hace dos meses por la prensa al verse envuelto en una serie de casos de presunta corrupci\u00f3n y amiguismo.<\/p>\n","protected":false},"author":1,"featured_media":279109,"comment_status":"open","ping_status":"open","sticky":false,"template":"","format":"standard","meta":{"footnotes":""},"categories":[24],"tags":[737,1922,882,1335],"class_list":["post-279108","post","type-post","status-publish","format-standard","has-post-thumbnail","hentry","category-mundo","tag-alemania","tag-christian-wulff","tag-corrupcion","tag-dimision"],"_links":{"self":[{"href":"https:\/\/diarioelpopular.com\/index.php\/wp-json\/wp\/v2\/posts\/279108","targetHints":{"allow":["GET"]}}],"collection":[{"href":"https:\/\/diarioelpopular.com\/index.php\/wp-json\/wp\/v2\/posts"}],"about":[{"href":"https:\/\/diarioelpopular.com\/index.php\/wp-json\/wp\/v2\/types\/post"}],"author":[{"embeddable":true,"href":"https:\/\/diarioelpopular.com\/index.php\/wp-json\/wp\/v2\/users\/1"}],"replies":[{"embeddable":true,"href":"https:\/\/diarioelpopular.com\/index.php\/wp-json\/wp\/v2\/comments?post=279108"}],"version-history":[{"count":0,"href":"https:\/\/diarioelpopular.com\/index.php\/wp-json\/wp\/v2\/posts\/279108\/revisions"}],"wp:featuredmedia":[{"embeddable":true,"href":"https:\/\/diarioelpopular.com\/index.php\/wp-json\/"}],"wp:attachment":[{"href":"https:\/\/diarioelpopular.com\/index.php\/wp-json\/wp\/v2\/media?parent=279108"}],"wp:term":[{"taxonomy":"category","embeddable":true,"href":"https:\/\/diarioelpopular.com\/index.php\/wp-json\/wp\/v2\/categories?post=279108"},{"taxonomy":"post_tag","embeddable":true,"href":"https:\/\/diarioelpopular.com\/index.php\/wp-json\/wp\/v2\/tags?post=279108"}],"curies":[{"name":"wp","href":"https:\/\/api.w.org\/{rel}","templated":true}]}}