{"id":279724,"date":"2012-02-17T16:06:15","date_gmt":"2012-02-17T21:06:15","guid":{"rendered":"http:\/\/diarioelpopular.com\/?p=279724"},"modified":"2012-02-17T16:06:15","modified_gmt":"2012-02-17T21:06:15","slug":"el-principe-friso-de-holanda-grave-tras-atraparle-un-alud","status":"publish","type":"post","link":"https:\/\/diarioelpopular.com\/index.php\/2012\/02\/17\/el-principe-friso-de-holanda-grave-tras-atraparle-un-alud\/","title":{"rendered":"El pr\u00edncipe Friso de Holanda, grave tras atraparle un alud"},"content":{"rendered":"<div id=\"attachment_279758\" style=\"width: 710px\" class=\"wp-caption aligncenter\"><a href=\"https:\/\/diarioelpopular.com\/wp-content\/uploads\/2012\/02\/Pr\u00edncipe-Friso-de-Holanda.jpg\"><img loading=\"lazy\" decoding=\"async\" aria-describedby=\"caption-attachment-279758\" class=\"size-full wp-image-279758\" title=\"Pr\u00edncipe Friso de Holanda\" src=\"https:\/\/diarioelpopular.com\/wp-content\/uploads\/2012\/02\/Pr\u00edncipe-Friso-de-Holanda.jpg\" alt=\"\" width=\"700\" height=\"420\" \/><\/a><p id=\"caption-attachment-279758\" class=\"wp-caption-text\">El pr\u00edncipe Johan Friso de Holanda y su mujer, Mabel<\/p><\/div>\n<p><em><strong>Efe. La Haya \/ Viena.-<\/strong><\/em> El\u00a0pr\u00edncipe\u00a0Johan\u00a0Friso\u00a0de Holanda fue ingresado en estado cr\u00edtico en un hospital de Innsbruck (Austria) tras quedar atrapado por un alud de nieve cuando esquiaba en la estaci\u00f3n austr\u00edaca de Lech.<\/p>\n<p>La situaci\u00f3n del\u00a0pr\u00edncipe, de 43 a\u00f1os, &#8220;es estable pero no a\u00fan no est\u00e1 fuera de peligro&#8221; y los m\u00e9dicos no podr\u00e1n precisar &#8220;el pron\u00f3stico&#8221; sobre su estado de salud hasta pasados &#8220;unos d\u00edas&#8221;, seg\u00fan anunci\u00f3 el servicio de informaci\u00f3n de la Casa Real (RVD).<\/p>\n<p>Acompa\u00f1ado de su madre, la reina Beatriz, y de su esposa, Mabel Wisse Smit, el\u00a0pr\u00edncipe\u00a0est\u00e1 ingresado en la planta de cuidados intensivos del Hospital Cl\u00ednico de Innsbruck, con gran experiencia en casos de v\u00edctimas de avalanchas.<\/p>\n<p>Friso\u00a0de Holanda estuvo 20 minutos bajo la nieve y, tras ser rescatado, tuvo que ser reanimado por los servicios de rescate, seg\u00fan la televisi\u00f3n p\u00fablica holandesa (NOS).<\/p>\n<p>El\u00a0pr\u00edncipe\u00a0estaba esquiando fuera de las pistas con una persona, que fue la que dio la alarma tras quedar enterrado, seg\u00fan distintas informaciones difundidas en Holanda y Austria.<\/p>\n<p>A pesar de que en la zona hab\u00eda una alarma de aludes de grado 4 sobre una escala de 5, el\u00a0pr\u00edncipe\u00a0un experimentado esquiador que conoce la zona desde su juventud, estaba esquiando fuera de las pistas.<\/p>\n<p>El primer comunicado del RVD indic\u00f3 que el segundo hijo de la reina de Holanda hab\u00eda sido &#8220;v\u00edctima de un alud en la zona de esqu\u00ed de Lech, y ha sido ingresado en cuidados intensivos del hospital de Innsbruck&#8221;, donde &#8220;los m\u00e9dicos han dicho que est\u00e1 estable pero no fuera de peligro&#8221;.<\/p>\n<p>La avalancha, de 30 metros de ancho, se desprendi\u00f3 a las 12.15 hora local en la regi\u00f3n de Litzen en direcci\u00f3n a Zugetobel.<\/p>\n<p>Participaron en la b\u00fasqueda los equipos de rescate de Lech y voluntarios de las escuelas de esqu\u00ed, as\u00ed como dos helic\u00f3pteros, a\u00f1ade la nota local que indica que la avalancha ocurri\u00f3 fuera de las pistas de esqu\u00ed.<\/p>\n<p>&#8220;En la acci\u00f3n de b\u00fasqueda iniciada de inmediato esa persona pudo ser rescatada r\u00e1pidamente gracias al aparato de b\u00fasqueda de sepultados&#8221;, y fue atendida de inmediato por los m\u00e9dicos en un helic\u00f3ptero, antes de ser trasladado a un hospital, seg\u00fan el comunicado del municipio de Lech.<\/p>\n<p>La agencia holandesa ANP inform\u00f3 de que el\u00a0pr\u00edncipe\u00a0llevaba consigo un timbre de alarma para casos de avalanchas, lo que facilit\u00f3 su localizaci\u00f3n, seg\u00fan indicaron fuentes policiales austr\u00edacas.<\/p>\n<p>El alcalde de Lech, Ludwig Muxel, inform\u00f3 que &#8220;se han incrementado las medidas de seguridad en el hospital, donde no se permite entrar a los periodistas&#8221;.<\/p>\n<p>La familia real holandesa pasa desde los a\u00f1os 50 sus vacaciones de invierno en Lech, donde el pr\u00f3ximo lunes iba a conceder a la prensa una sesi\u00f3n de fotograf\u00eda, la cual ha sido anulada.<\/p>\n<p>Amante del golf y el buceo, el\u00a0pr\u00edncipe\u00a0Johan\u00a0Friso\u00a0renunci\u00f3 por amor a sus derechos din\u00e1sticos cuando el Gobierno no llev\u00f3 al Parlamento la solicitud de autorizaci\u00f3n del matrimonio con su prometida, Mabel Wisse Smit, con la que se cas\u00f3 en 2004.<\/p>\n<p>Mabel Wisse Smit hab\u00eda conocido a Klaas Bruinsma, un presunto traficante de droga muy conocido en el pa\u00eds que muri\u00f3 asesinado a las puertas de un hotel de Amsterdam en 1991, una informaci\u00f3n que la pareja ocult\u00f3 durante su noviazgo.<\/p>\n<p>Por ello, Johan\u00a0Friso\u00a0de Orange-Nassau, conocido popularmente en Holanda por simplemente como &#8220;Friso&#8221;, forma parte de la familia pero no de la Casa Real holandesa.<\/p>\n<p>La pareja vive y trabaja desde 2006 en Londres, donde han nacido sus dos hijas, de Emma Luana y Joanna Zaria de 6 y 5 a\u00f1os, respectivamente.<\/p>\n","protected":false},"excerpt":{"rendered":"<p>El pr\u00edncipe Johan Friso de Holanda fue ingresado en estado cr\u00edtico en un hospital de Innsbruck (Austria) tras quedar atrapado por un alud de nieve cuando esquiaba en la estaci\u00f3n austr\u00edaca de Lech.<\/p>\n","protected":false},"author":1,"featured_media":279758,"comment_status":"open","ping_status":"open","sticky":false,"template":"","format":"standard","meta":{"footnotes":""},"categories":[24],"tags":[1923,1924,1925,1926],"class_list":["post-279724","post","type-post","status-publish","format-standard","has-post-thumbnail","hentry","category-mundo","tag-alud","tag-friso","tag-holanda","tag-principe"],"_links":{"self":[{"href":"https:\/\/diarioelpopular.com\/index.php\/wp-json\/wp\/v2\/posts\/279724","targetHints":{"allow":["GET"]}}],"collection":[{"href":"https:\/\/diarioelpopular.com\/index.php\/wp-json\/wp\/v2\/posts"}],"about":[{"href":"https:\/\/diarioelpopular.com\/index.php\/wp-json\/wp\/v2\/types\/post"}],"author":[{"embeddable":true,"href":"https:\/\/diarioelpopular.com\/index.php\/wp-json\/wp\/v2\/users\/1"}],"replies":[{"embeddable":true,"href":"https:\/\/diarioelpopular.com\/index.php\/wp-json\/wp\/v2\/comments?post=279724"}],"version-history":[{"count":0,"href":"https:\/\/diarioelpopular.com\/index.php\/wp-json\/wp\/v2\/posts\/279724\/revisions"}],"wp:featuredmedia":[{"embeddable":true,"href":"https:\/\/diarioelpopular.com\/index.php\/wp-json\/"}],"wp:attachment":[{"href":"https:\/\/diarioelpopular.com\/index.php\/wp-json\/wp\/v2\/media?parent=279724"}],"wp:term":[{"taxonomy":"category","embeddable":true,"href":"https:\/\/diarioelpopular.com\/index.php\/wp-json\/wp\/v2\/categories?post=279724"},{"taxonomy":"post_tag","embeddable":true,"href":"https:\/\/diarioelpopular.com\/index.php\/wp-json\/wp\/v2\/tags?post=279724"}],"curies":[{"name":"wp","href":"https:\/\/api.w.org\/{rel}","templated":true}]}}