{"id":282738,"date":"2012-02-19T20:21:36","date_gmt":"2012-02-20T01:21:36","guid":{"rendered":"http:\/\/diarioelpopular.com\/?p=282738"},"modified":"2012-02-19T20:21:36","modified_gmt":"2012-02-20T01:21:36","slug":"no-habra-paz-para-los-malvados-triunfa-en-los-goya","status":"publish","type":"post","link":"https:\/\/diarioelpopular.com\/index.php\/2012\/02\/19\/no-habra-paz-para-los-malvados-triunfa-en-los-goya\/","title":{"rendered":"&#8216;No habr\u00e1 paz para los malvados&#8217; triunfa en los Goya"},"content":{"rendered":"<div id=\"attachment_282739\" style=\"width: 710px\" class=\"wp-caption aligncenter\"><a href=\"https:\/\/diarioelpopular.com\/wp-content\/uploads\/2012\/02\/GALA-DE-LOS-PREMIOS-GOYA-2012.jpg\"><img loading=\"lazy\" decoding=\"async\" aria-describedby=\"caption-attachment-282739\" class=\"size-full wp-image-282739\" title=\"GALA DE LOS PREMIOS GOYA 2012\" src=\"https:\/\/diarioelpopular.com\/wp-content\/uploads\/2012\/02\/GALA-DE-LOS-PREMIOS-GOYA-2012.jpg\" alt=\"\" width=\"700\" height=\"420\" \/><\/a><p id=\"caption-attachment-282739\" class=\"wp-caption-text\">El actor espa\u00f1ol Jos\u00e9 Coronado, tras recibir el Goya a la mejor interpretaci\u00f3n masculina protagonista, por su papel en &#039;No habr\u00e1 paz para los malvados&#039;, durante la Gala de la XXVI edici\u00f3n de los Premios Goya, celebrada en el Palacio Municipal de Congresos, en Madrid. Foto: Ballesteros \/ Efe<\/p><\/div>\n<p><em><strong>Efe. Madrid.-<\/strong><\/em> &#8220;No habr\u00e1 paz para los malvados&#8221;, de Enrique Urbizu, se ha erigido como la ganadora de los XXVI Premios\u00a0Goya\u00a0del cine espa\u00f1ol con seis galardones, en una edici\u00f3n en la que el mejor filme iberoamericano ha sido el argentino &#8220;Un cuento chino&#8221;.<\/p>\n<p>Frente a los seis premios de la pel\u00edcula de Urbizu -entre ellos el de mejor pel\u00edcula, director y actor para Jos\u00e9 Coronado-, la pel\u00edcula que part\u00eda como favorita, &#8220;La piel que habito&#8221;, de Pedro Almod\u00f3var, se tuvo que contentar con 4 de los 16 galardones a los que optaba.<\/p>\n<p>El filme de Almod\u00f3var, protagonizado por Antonio Banderas y Elena Anaya, se llev\u00f3 los premios de mejor actriz, m\u00fasica para Alberto Iglesias, actor revelaci\u00f3n para Jan Cornet y maquillaje.<\/p>\n<p>Ya antes de empezar la gala, Banderas hab\u00eda afirmado convencido: &#8220;Creo que esta no es mi noche, pero alguna vez lo ser\u00e1&#8221;.<\/p>\n<p>El actor espa\u00f1ol estaba acompa\u00f1ado por su esposa, Melanie Griffith. La pareja fue el centro de atenci\u00f3n de la alfombra roja, en la que Banderas se manejaba con soltura mientras la actriz estadounidense llamaba la atenci\u00f3n con un espectacular vestido rojo con flores bordadas y un vistoso collar de su propiedad.<\/p>\n<p>Tambi\u00e9n fue objeto de la atenci\u00f3n gr\u00e1fica la mexicana Salma Hayek, vestida de colo berenjena y con la mejor de sus sonrisas como nominada a mejor actriz por su papel en &#8220;La chispa de la vida&#8221;, galard\u00f3n que perdi\u00f3 frente a la espa\u00f1ola Elena Anaya.<\/p>\n<p>Y en el interior de la sala, la premonici\u00f3n de Banderas se cumpli\u00f3 y fue la dura pel\u00edcula de Urbizu, una historia compleja sobre la preparaci\u00f3n de un atentado en Madrid mezclado con el recorrido vital y corrupto de un polic\u00eda, la que se impuso.<\/p>\n<p>Aunque durante toda la ceremonia la igualdad fue la nota detonante y los premios se fueron repartiendo de forma igualitaria, Urbizu se descolg\u00f3 del pelot\u00f3n casi al final de la gala.<\/p>\n<p>Pero su victoria se empez\u00f3 a dibujar cuando recibi\u00f3 el\u00a0Goya\u00a0al mejor gui\u00f3n y, sobre todo, cuando Pedro Almod\u00f3var perd\u00eda el de mejor gui\u00f3n frente a &#8220;Arrugas&#8221;, la primera cinta de animaci\u00f3n en lograrlo en la historia de estos premios.<\/p>\n<p>El thriller de Urbizu, que part\u00eda con catorce nominaciones, se llev\u00f3 adem\u00e1s del premio a la mejor pel\u00edcula, director y actor, los de mejor gui\u00f3n original, montaje y sonido.<\/p>\n<p>As\u00ed, frente a la noticia positiva del triunfo de un director hasta ahora poco reconocido en los\u00a0Goya, pese a pel\u00edculas como &#8220;La vida mancha&#8221; o &#8220;La caja 507&#8221;, y de un actor como Jos\u00e9 Coronado, se dibujaba la incomodidad por otra noche agria para Pedro Almod\u00f3var, el director espa\u00f1ol m\u00e1s internacional.<\/p>\n<p>La tercera en discordia, &#8220;La voz dormida&#8221;, consigui\u00f3 el reconocimiento para dos de sus actrices, Ana Wagener como secundaria y Mar\u00eda Le\u00f3n como revelaci\u00f3n, por sus papeles en el tercer filme de Benito Zambrano, con el estigma del cine sobre la Guerra Civil espa\u00f1ola.<\/p>\n<p>Y aunque parec\u00eda que el &#8220;western&#8221; no iba a tener lugar en la gala de premios del cine espa\u00f1ol, a mitad de ceremonia &#8220;Blackthorn&#8221; recogi\u00f3 cosecha en las categor\u00edas t\u00e9cnicas: mejor direcci\u00f3n de producci\u00f3n, mejor fotograf\u00eda, vestuario y mejor direcci\u00f3n art\u00edstica que ensalzan el careo de valores que propone el filme de Mateo Gil y protagonizado por Sam Sephard.<\/p>\n<p>Tambi\u00e9n sali\u00f3 bien parada &#8220;Eva&#8221;, una \u00f3pera prima de ciencia ficci\u00f3n con la que Kike Ma\u00edllo gan\u00f3 como director novel, adem\u00e1s de recibir el\u00a0Goya\u00a0al mejor secundario, para Llu\u00eds Homar, y el de efectos especiales.<\/p>\n<p>En el apartado iberoamericano, gan\u00f3 el cine argentino. &#8220;Un cuento chino&#8221; se impuso a la cubana &#8220;Boleto al para\u00edso&#8221;, de Gerardo Chijona, la mexicana &#8220;Miss Bala&#8221;, de Gerardo Naranjo y la chilena &#8220;Violeta se fue a los cielos&#8221; de Andr\u00e9s Wood.<\/p>\n<p>Y el premio lo entreg\u00f3 y lo recogi\u00f3 Ricardo Dar\u00edn, por primera vez presente en una gala de los\u00a0Goya, y que se mostr\u00f3 encantado con un premio que quiso dedicar, en nombre del director, &#8220;a todas aquellas personas que en alg\u00fan momento han sido v\u00edctimas de la intolerancia&#8221;.<\/p>\n<p>La gala se vio enturbiada, adem\u00e1s, por un nuevo fallo de seguridad tras el ocurrido el a\u00f1o pasado con Jimmy Jump, cuando un espont\u00e1neo con la bandera pirata en su camiseta y autodenominado &#8220;El muletilla&#8221; se adelant\u00f3 a Isabel Coixet, que sub\u00eda a recoger el premio al mejor documental por &#8220;Escuchando al juez Garz\u00f3n&#8221;.<\/p>\n<p>Finalmente, &#8220;The Artist&#8221;, de Michel Hazanavicius y nominada a diez premios \u00d3scar, continu\u00f3 su carrera de \u00e9xito y se llev\u00f3 el\u00a0Goya\u00a0a la mejor pel\u00edcula europea.<\/p>\n","protected":false},"excerpt":{"rendered":"<p>&#8220;No habr\u00e1 paz para los malvados&#8221;, de Enrique Urbizu, se ha erigido como la ganadora de los XXVI Premios Goya del cine espa\u00f1ol con seis galardones, en una edici\u00f3n en la que el mejor filme iberoamericano ha sido el argentino &#8220;Un cuento chino&#8221;.<\/p>\n","protected":false},"author":1,"featured_media":282739,"comment_status":"open","ping_status":"open","sticky":false,"template":"","format":"standard","meta":{"footnotes":""},"categories":[80],"tags":[],"class_list":["post-282738","post","type-post","status-publish","format-standard","has-post-thumbnail","hentry","category-cine-2"],"_links":{"self":[{"href":"https:\/\/diarioelpopular.com\/index.php\/wp-json\/wp\/v2\/posts\/282738","targetHints":{"allow":["GET"]}}],"collection":[{"href":"https:\/\/diarioelpopular.com\/index.php\/wp-json\/wp\/v2\/posts"}],"about":[{"href":"https:\/\/diarioelpopular.com\/index.php\/wp-json\/wp\/v2\/types\/post"}],"author":[{"embeddable":true,"href":"https:\/\/diarioelpopular.com\/index.php\/wp-json\/wp\/v2\/users\/1"}],"replies":[{"embeddable":true,"href":"https:\/\/diarioelpopular.com\/index.php\/wp-json\/wp\/v2\/comments?post=282738"}],"version-history":[{"count":0,"href":"https:\/\/diarioelpopular.com\/index.php\/wp-json\/wp\/v2\/posts\/282738\/revisions"}],"wp:featuredmedia":[{"embeddable":true,"href":"https:\/\/diarioelpopular.com\/index.php\/wp-json\/"}],"wp:attachment":[{"href":"https:\/\/diarioelpopular.com\/index.php\/wp-json\/wp\/v2\/media?parent=282738"}],"wp:term":[{"taxonomy":"category","embeddable":true,"href":"https:\/\/diarioelpopular.com\/index.php\/wp-json\/wp\/v2\/categories?post=282738"},{"taxonomy":"post_tag","embeddable":true,"href":"https:\/\/diarioelpopular.com\/index.php\/wp-json\/wp\/v2\/tags?post=282738"}],"curies":[{"name":"wp","href":"https:\/\/api.w.org\/{rel}","templated":true}]}}