{"id":285505,"date":"2012-02-19T22:46:39","date_gmt":"2012-02-20T03:46:39","guid":{"rendered":"http:\/\/diarioelpopular.com\/?p=285505"},"modified":"2012-02-19T22:46:39","modified_gmt":"2012-02-20T03:46:39","slug":"miles-de-espanoles-protestan-contra-la-reforma-laboral","status":"publish","type":"post","link":"https:\/\/diarioelpopular.com\/index.php\/2012\/02\/19\/miles-de-espanoles-protestan-contra-la-reforma-laboral\/","title":{"rendered":"Miles de espa\u00f1oles protestan contra la reforma laboral"},"content":{"rendered":"<div id=\"attachment_285506\" style=\"width: 710px\" class=\"wp-caption aligncenter\"><a href=\"https:\/\/diarioelpopular.com\/wp-content\/uploads\/2012\/02\/MANIFESTACI\u00d3N-CONTRA-LA-REFORMA-LABORAL-EN-MADRID.jpg\"><img loading=\"lazy\" decoding=\"async\" aria-describedby=\"caption-attachment-285506\" class=\"size-full wp-image-285506\" title=\"MANIFESTACI\u00d3N CONTRA LA REFORMA LABORAL EN MADRID\" src=\"https:\/\/diarioelpopular.com\/wp-content\/uploads\/2012\/02\/MANIFESTACI\u00d3N-CONTRA-LA-REFORMA-LABORAL-EN-MADRID.jpg\" alt=\"\" width=\"700\" height=\"420\" \/><\/a><p id=\"caption-attachment-285506\" class=\"wp-caption-text\">Vista general de la manifestacion celebrada este 19 de febrero en Madrid en la que han participado miles de personas (500.000, seg\u00fan sindicatos; 50.000, seg\u00fan polic\u00eda) contra la reforma laboral aprobada por el Gobierno espa\u00f1ol. Foto: Luca Piergiovanni \/ Efe<\/p><\/div>\n<p><em><strong>Efe. Madrid.-<\/strong><\/em> Convocados por los principales sindicatos espa\u00f1oles, CCOO y UGT, miles de ciudadanos salieron este domingo a las calles de toda Espa\u00f1a para protestar contra la\u00a0reforma\u00a0laboral\u00a0aprobada por el Gobierno y considerada por el presidente, Mariano Rajoy, como &#8220;justa, buena y necesaria&#8221;.<\/p>\n<p>Bajo el lema &#8220;No a la\u00a0reforma\u00a0laboral\u00a0por ser injusta con los trabajadores, ineficaz para la econom\u00eda e in\u00fatil para el empleo&#8221;, 57 ciudades espa\u00f1olas acogieron movilizaciones que, en general, transcurrieron sin incidentes.<\/p>\n<p>Madrid fue la capital con m\u00e1s afluencia de manifestantes, con mas de medio mill\u00f3n de asistentes, seg\u00fan los convocantes, y 50.000 para la Polic\u00eda; seguida de Barcelona, con 400.000 personas, seg\u00fan los sindicatos, y 30.000, de acuerdo a los datos ofrecidos por el Gobierno regional de Catalu\u00f1a.<\/p>\n<p>Durante la marcha de Madrid se oyeron gritos de &#8220;huelga general&#8221; y se exhibieron pancartas en las que se pod\u00edan leer proclamas como &#8220;tu bot\u00edn es mi crisis&#8221;, &#8220;si no hay pan para el obrero no habr\u00e1 paz para el empresario&#8221; o &#8220;la educaci\u00f3n no es gasto, es inversi\u00f3n&#8221;.<\/p>\n<p>Al t\u00e9rmino de la manifestaci\u00f3n, representantes de las juventudes sindicales espa\u00f1olas leyeron un manifiesto en el que se insisti\u00f3 en que la\u00a0reforma\u00a0aprobada por el Gobierno no crear\u00e1 empleo, y que su objetivo es colocar el mercado de trabajo al servicio de los empresarios.<\/p>\n<p>Durante la jornada de hoy, Comisiones Obreras (CCOO) y la Uni\u00f3n General de Trabajadores (UGT) hicieron un llamamiento a los espa\u00f1oles para tener una amplia &#8220;respuesta&#8221; a la\u00a0reforma\u00a0y advirtieron de que este es el inicio de un proceso &#8220;intenso y sostenido&#8221; de movilizaciones y de informaci\u00f3n.<\/p>\n<p>En ese sentido, instaron a los ciudadanos a unirse a la movilizaci\u00f3n del 29 de febrero convocada por la Confederaci\u00f3n Europea de Sindicatos (CES).<\/p>\n<p>Los representantes de ambos sindicatos, Ignacio Fern\u00e1ndez Toxo y C\u00e1ndido M\u00e9ndez, subrayaron que con esta movilizaci\u00f3n no pretenden buscar la confrontaci\u00f3n, sino corregir la\u00a0reforma\u00a0laboral\u00a0y ofrecer un cauce a los ciudadanos para que se manifiesten contra la pol\u00edtica de recortes y despidos que, a su juicio, est\u00e1 imponiendo el Gobierno popular.<\/p>\n<p>El Partido Socialista Obrero Espa\u00f1ol (PSOE), el principal de la oposici\u00f3n, e Izquierda Unida (IU), respaldaron tambi\u00e9n las manifestaciones de hoy.<\/p>\n<p>En Madrid, la portavoz parlamentaria socialista, Soraya Rodr\u00edguez, explic\u00f3 que su partido estar\u00e1 en la calle, en el Parlamento, y en todos los \u00e1mbitos, para &#8220;parar&#8221; lareforma\u00a0laboral, porque &#8220;est\u00e1n en juego&#8221; los derechos de los trabajadores y los desempleados.<\/p>\n<p>El coordinador general de IU, Cayo Lara, coincidi\u00f3 en que hay que parar &#8220;la locura del PP&#8221; porque puede traer seis millones de desempleados si no se corrige. Actualmente el n\u00famero de personas sin trabajo alcanza los cinco millones, equivalente a casi el 24 % de la poblaci\u00f3n activa.<\/p>\n<p>Desde Sevilla (sur), donde este s\u00e1bado fue reelegido como presidente de los &#8220;populares&#8221; espa\u00f1oles, el presidente del Gobierno, Mariano Rajoy, expres\u00f3 su respeto por las protestas, pero asegur\u00f3 que la\u00a0reforma\u00a0es &#8220;justa, buena y necesaria&#8221; para Espa\u00f1a.<\/p>\n<p>La vicepresidenta del Ejecutivo, Soraya S\u00e1enz de Santamar\u00eda, defendi\u00f3 que servir\u00e1 para crear empleo y crecimiento econ\u00f3mico.<\/p>\n<p>La\u00a0reforma\u00a0laboral\u00a0aprobada por el Gobierno reduce la cuant\u00eda de la indemnizaci\u00f3n para trabajadores fijos que sean despedidos de forma improcedente desde los actuales 45 d\u00edas por a\u00f1o trabajado a s\u00f3lo 33, con un m\u00e1ximo de 24 mensualidades, en lugar de las 42 de ahora.<\/p>\n<p>La mayor preocupaci\u00f3n de los sindicatos y la oposici\u00f3n es que se generaliza la indemnizaci\u00f3n de 20 d\u00edas por a\u00f1o trabajado para el despido objetivo, de manera que la disminuci\u00f3n persistente de ingresos &#8220;durante tres trimestres consecutivos&#8221; ser\u00e1 motivo suficiente para recurrir al despido.<\/p>\n","protected":false},"excerpt":{"rendered":"<p>Convocados por los principales sindicatos espa\u00f1oles, CCOO y UGT, miles de ciudadanos salieron este domingo a las calles de toda Espa\u00f1a para protestar contra la reforma laboral aprobada por el Gobierno y considerada por el presidente, Mariano Rajoy, como &#8220;justa, buena y necesaria&#8221;.<\/p>\n","protected":false},"author":1,"featured_media":285506,"comment_status":"open","ping_status":"open","sticky":false,"template":"","format":"standard","meta":{"footnotes":""},"categories":[24],"tags":[444,1964,1218,1965],"class_list":["post-285505","post","type-post","status-publish","format-standard","has-post-thumbnail","hentry","category-mundo","tag-espana","tag-manifestacion","tag-protesta","tag-reforma-laboral"],"_links":{"self":[{"href":"https:\/\/diarioelpopular.com\/index.php\/wp-json\/wp\/v2\/posts\/285505","targetHints":{"allow":["GET"]}}],"collection":[{"href":"https:\/\/diarioelpopular.com\/index.php\/wp-json\/wp\/v2\/posts"}],"about":[{"href":"https:\/\/diarioelpopular.com\/index.php\/wp-json\/wp\/v2\/types\/post"}],"author":[{"embeddable":true,"href":"https:\/\/diarioelpopular.com\/index.php\/wp-json\/wp\/v2\/users\/1"}],"replies":[{"embeddable":true,"href":"https:\/\/diarioelpopular.com\/index.php\/wp-json\/wp\/v2\/comments?post=285505"}],"version-history":[{"count":0,"href":"https:\/\/diarioelpopular.com\/index.php\/wp-json\/wp\/v2\/posts\/285505\/revisions"}],"wp:featuredmedia":[{"embeddable":true,"href":"https:\/\/diarioelpopular.com\/index.php\/wp-json\/"}],"wp:attachment":[{"href":"https:\/\/diarioelpopular.com\/index.php\/wp-json\/wp\/v2\/media?parent=285505"}],"wp:term":[{"taxonomy":"category","embeddable":true,"href":"https:\/\/diarioelpopular.com\/index.php\/wp-json\/wp\/v2\/categories?post=285505"},{"taxonomy":"post_tag","embeddable":true,"href":"https:\/\/diarioelpopular.com\/index.php\/wp-json\/wp\/v2\/tags?post=285505"}],"curies":[{"name":"wp","href":"https:\/\/api.w.org\/{rel}","templated":true}]}}