{"id":2865,"date":"2011-06-23T23:32:39","date_gmt":"2011-06-24T03:32:39","guid":{"rendered":"http:\/\/retrolab.ca\/elpopular\/?p=2865"},"modified":"2011-06-23T23:32:39","modified_gmt":"2011-06-24T03:32:39","slug":"mundial-sub17-brasil-pasa-ecuador-se-acerca-panama-se-complica-y-argentina-se-la-juega","status":"publish","type":"post","link":"https:\/\/diarioelpopular.com\/index.php\/2011\/06\/23\/mundial-sub17-brasil-pasa-ecuador-se-acerca-panama-se-complica-y-argentina-se-la-juega\/","title":{"rendered":"Mundial Sub&#8217;17: Brasil pasa, Ecuador se acerca, Panam\u00e1 se complica y Argentina se la juega"},"content":{"rendered":"<div id=\"attachment_2866\" style=\"width: 710px\" class=\"wp-caption aligncenter\"><a href=\"http:\/\/retrolab.ca\/elpopular\/wp-content\/uploads\/2011\/06\/Mundial-Sub17-Panam\u00e1-Ecuador.jpg\"><img loading=\"lazy\" decoding=\"async\" aria-describedby=\"caption-attachment-2866\" class=\"size-full wp-image-2866\" title=\"Mundial Sub'17, Panam\u00e1-Ecuador\" src=\"http:\/\/retrolab.ca\/elpopular\/wp-content\/uploads\/2011\/06\/Mundial-Sub17-Panam\u00e1-Ecuador.jpg\" alt=\"\" width=\"700\" height=\"420\" \/><\/a><p id=\"caption-attachment-2866\" class=\"wp-caption-text\">El defensa Jordi Melendez (d), de Panam\u00e1, disputa un bal\u00f3n con Kevin Mercado (i) de Ecuador, durante el partido de la primera ronda del grupo E del Mundial de F\u00fatbol Sub&#039;17, en el estadio Corregidora de la ciudad mexicana de Quer\u00e9taro. Foto: Alex Cruz \/ EFE<\/p><\/div>\n<p><em>Efe. Ciudad de M\u00e9xico.- <\/em>La selecci\u00f3n de Brasil venci\u00f3 este jueves 0-1 a Australia y firm\u00f3 su pase a octavos de final del Mundial de f\u00fatbol\u00a0Sub&#8217;17, en el que Ecuador super\u00f3 1-2 a Panam\u00e1 y mejor\u00f3 su situaci\u00f3n, mientras complic\u00f3 la de los centroamericanos.<\/p>\n<p>En el grupo F, Adryan coloc\u00f3 el tiro libre en el \u00e1ngulo para sellar el triunfo de Brasil en el minuto 76 despu\u00e9s de un largo acoso a la porter\u00eda australiana que coloc\u00f3 un cerrojo defensivo, quebrado por una jugada a bal\u00f3n parado.<\/p>\n<p>Los brasile\u00f1os controlaron el partido desde el arranque, presionaron al rival y lo minaron poco a poco hasta que lograron anotar para asegurarse su segunda victoria en el Mundial\u00a0Sub&#8217;17\u00a0que se disputa en siete ciudades de M\u00e9xico.<\/p>\n<p>Brasil encabeza invicto con seis puntos el Grupo F, delante Costa de Marfil y Australia, ambos con tres unidades.<\/p>\n<p>Souleymane Coulibaly convirti\u00f3 cuatro goles para empatar el r\u00e9cord de anotaciones en un partido en este tipo de torneo, y lider\u00f3 a Costa de Marfil, ganador 4-2 de Dinamarca, para saltar al segundo lugar del grupo, con mejor porcentaje de goles a favor y en contra que los australianos.<\/p>\n<p>En el grupo E, Ecuador sac\u00f3 provecho de tener un hombre m\u00e1s en la cancha durante 40 minutos para vencer 1-2 a Panam\u00e1 y acomodarse en el grupo E del Mundial de f\u00fatbol\u00a0Sub&#8217;17, en el cual ha aumentado mucho sus oportunidades de clasificarse a octavos.<\/p>\n<p>Por Ecuador convirtieron Jordan Jaime (m.62) y Jos\u00e9 Cevallos (m.82), mientras por Panam\u00e1 lo hizo Jorman Aguilar (m.33).<\/p>\n<p>Cuando mejor estaban los ecuatorianos, Panam\u00e1 los enfri\u00f3 de la manera m\u00e1s dura, con un gol anotado por Aguilar con un disparo al \u00e1ngulo, en una jugada de tiro libre, pero en el 51, los centroamericanos perdieron al delantero Alfredo Stephens, expulsado, y ah\u00ed comenz\u00f3 a marcarse el destino del encuentro.<\/p>\n<p>En el 62, Jaime hizo el 1-1 con un golpe de cabeza al desmarcarse de la defensa y rematar a un \u00e1ngulo y en el 82, Joel Valencia entr\u00f3 por la izquierda y le puso un servicio a Cevallos, certero con el disparo de pierna derecha al \u00e1ngulo, para finiquitar el resultado.<\/p>\n<p>Alemania, vencedor este jueves de Burkina Faso, 0-3, lidera el grupo E con seis puntos, mientras Panam\u00e1 y Ecuador suman tres, pero los ecuatorianos tienen una mejor situaci\u00f3n porque se enfrentar\u00e1n al d\u00e9bil Burkina en tercera ronda, mientras los centroamericanos ir\u00e1n ante el poderoso Alemania, que promedia 4,5 goles por partido.<\/p>\n<p>Este viernes comenzar\u00e1 la tercera vuelta del Mundial con la definici\u00f3n de los grupos A y B. En el A, M\u00e9xico, ya clasificado, se enfrentar\u00e1 a Holanda y Corea del Norte al Congo, mientras en el B, Argentina disputar\u00e1 su pase ante Jap\u00f3n y Francia ir\u00e1 frente a Jamaica.<\/p>\n","protected":false},"excerpt":{"rendered":"<p>La selecci\u00f3n de Brasil venci\u00f3 este jueves 0-1 a Australia y firm\u00f3 su pase a octavos de final del Mundial de f\u00fatbol Sub&#8217;17, en el que Ecuador super\u00f3 1-2 a Panam\u00e1 y mejor\u00f3 su situaci\u00f3n, mientras complic\u00f3 la de los centroamericanos.<\/p>\n","protected":false},"author":1,"featured_media":2866,"comment_status":"closed","ping_status":"open","sticky":false,"template":"","format":"standard","meta":{"footnotes":""},"categories":[28],"tags":[179,6422],"class_list":["post-2865","post","type-post","status-publish","format-standard","has-post-thumbnail","hentry","category-deportes","tag-futbol-2","tag-mundial-sub17"],"_links":{"self":[{"href":"https:\/\/diarioelpopular.com\/index.php\/wp-json\/wp\/v2\/posts\/2865","targetHints":{"allow":["GET"]}}],"collection":[{"href":"https:\/\/diarioelpopular.com\/index.php\/wp-json\/wp\/v2\/posts"}],"about":[{"href":"https:\/\/diarioelpopular.com\/index.php\/wp-json\/wp\/v2\/types\/post"}],"author":[{"embeddable":true,"href":"https:\/\/diarioelpopular.com\/index.php\/wp-json\/wp\/v2\/users\/1"}],"replies":[{"embeddable":true,"href":"https:\/\/diarioelpopular.com\/index.php\/wp-json\/wp\/v2\/comments?post=2865"}],"version-history":[{"count":0,"href":"https:\/\/diarioelpopular.com\/index.php\/wp-json\/wp\/v2\/posts\/2865\/revisions"}],"wp:featuredmedia":[{"embeddable":true,"href":"https:\/\/diarioelpopular.com\/index.php\/wp-json\/"}],"wp:attachment":[{"href":"https:\/\/diarioelpopular.com\/index.php\/wp-json\/wp\/v2\/media?parent=2865"}],"wp:term":[{"taxonomy":"category","embeddable":true,"href":"https:\/\/diarioelpopular.com\/index.php\/wp-json\/wp\/v2\/categories?post=2865"},{"taxonomy":"post_tag","embeddable":true,"href":"https:\/\/diarioelpopular.com\/index.php\/wp-json\/wp\/v2\/tags?post=2865"}],"curies":[{"name":"wp","href":"https:\/\/api.w.org\/{rel}","templated":true}]}}