{"id":2890,"date":"2011-06-23T23:36:16","date_gmt":"2011-06-24T03:36:16","guid":{"rendered":"http:\/\/retrolab.ca\/elpopular\/?p=2890"},"modified":"2011-06-23T23:36:16","modified_gmt":"2011-06-24T03:36:16","slug":"europa-promete-a-grecia-un-segundo-rescate-si-aprueba-el-plan-de-ajuste","status":"publish","type":"post","link":"https:\/\/diarioelpopular.com\/index.php\/2011\/06\/23\/europa-promete-a-grecia-un-segundo-rescate-si-aprueba-el-plan-de-ajuste\/","title":{"rendered":"Europa promete a Grecia m\u00e1s dinero si aprueba el severo plan de ajuste"},"content":{"rendered":"<div id=\"attachment_2891\" style=\"width: 710px\" class=\"wp-caption aligncenter\"><a href=\"http:\/\/retrolab.ca\/elpopular\/wp-content\/uploads\/2011\/06\/grecia.jpg\"><img loading=\"lazy\" decoding=\"async\" aria-describedby=\"caption-attachment-2891\" class=\"size-full wp-image-2891\" title=\"Papandr\u00e9u en Bruselas\" src=\"http:\/\/retrolab.ca\/elpopular\/wp-content\/uploads\/2011\/06\/grecia.jpg\" alt=\"\" width=\"700\" height=\"420\" \/><\/a><p id=\"caption-attachment-2891\" class=\"wp-caption-text\">El primer ministro griego, Yorgos Papandr\u00e9u, sale de una sesi\u00f3n en Bruselas, B\u00e9lgica, en el primer d\u00eda de la cumbre de l\u00edderes de la Uni\u00f3n Europea (UE), donde Papandr\u00e9u afirm\u00f3 que la &quot;luz verde&quot; que ha recibido Atenas de sus socios internacionales para una ayuda adicional y evitar la bancarrota del pa\u00eds es una &quot;se\u00f1al positiva para el futuro de Grecia&quot;. Foto: Bruno Fahy \/ EFE<\/p><\/div>\n<p><em>Agencias. Bruselas.- <\/em>Los l\u00edderes europeos aumentaron este jueves la presi\u00f3n sobre el jefe de la oposici\u00f3n conservadora en Grecia, Antonis Samaras, y apelaron a su &#8220;responsabilidad&#8221; para que salga adelante el plan de ajuste y privatizaciones de 28.000 millones de euros que la Uni\u00f3n Europea y el Fondo Monetario Internacional (FMI) exigen a Atenas como condici\u00f3n para desbloquear las nuevas ayudas de emergencia, informa Europa Press.<\/p>\n<p>Estas instituciones llegaron a un acuerdo con el Ejecutivo que preside Yorgos Papandr\u00e9u sobre los nuevos recortes que deber\u00e1 realizar el pa\u00eds para conseguir la ayuda, pero ahora el documento debe aprobarlo el Parlamento.<\/p>\n<p>El primer ministro luxemburgu\u00e9s y presidente del Eurogrupo, Jean-Claude Juncker, fue contundente al advertir de que &#8220;no hay un plan B&#8221; para Grecia y pidi\u00f3 a Samaras y al resto del parlamento griego que &#8220;cumpla&#8221; y respalden las reformas en el voto del pr\u00f3ximo martes. &#8220;No podemos hacer creer a los griegos que puede haber otra soluci\u00f3n. No hay un plan B. Tienen que cumplir&#8221;, declar\u00f3 a su llegada a la reuni\u00f3n de jefes de Estado y de Gobierno de la UE en Bruselas.<\/p>\n<p>La canciller alemana, Angel Merkel, tambi\u00e9n dej\u00f3 claro que no habr\u00e1 m\u00e1s ayudas para Grecia si no sale adelante el paquete de reformas y pidi\u00f3 a la oposici\u00f3n que asuma su &#8220;responsabilidad hist\u00f3rica&#8221;.<\/p>\n<p>Horas antes de que arrancara la cumbre, en una reuni\u00f3n previa de mandatarios del Partido Popular Europeo, la canciller recalc\u00f3 que la UE no dar\u00e1 luz verde a &#8220;ning\u00fan programa&#8221; de ayuda para Atenas mientras no se produzca &#8220;el importante voto&#8221; del martes. &#8220;Apelamos a la oposici\u00f3n para que asuma su responsabilidad hist\u00f3rica&#8221;, dijo m\u00e1s tarde.<\/p>\n<p>La Uni\u00f3n Europea exige la aprobaci\u00f3n de estas medidas como requisito previo para desembolsar la ayuda de emergencia de 12.000 millones de euros que Atenas necesita para no suspender pagos este verano. En la reuni\u00f3n de este jueves, el presidente del Gobierno espa\u00f1ol, Jos\u00e9 Luis Rodr\u00edguez Zapatero, defendi\u00f3 que se desbloquee la ayuda de emergencia para evitar la quiebra y esperaba de esta reuni\u00f3n una &#8220;se\u00f1al pol\u00edtica determinante&#8221;, seg\u00fan explicaron fuentes gubernamentales. &#8220;Si no rescatan a Grecia, no le hacen ning\u00fan favor al euro&#8221;, se\u00f1al\u00f3 Zapatero.<\/p>\n<p>Otros que se sumaron a la llamada de unidad nacional en Grecia fueron el nuevo primer ministro portugu\u00e9s, Pedro Passos Coelho, que consider\u00f3 &#8220;muy importante&#8221; para toda Europa que los ajustes de Yorgos Papandr\u00e9u salgan adelante, aunque no valor\u00f3 la actitud de Samaras, y el sueco Fredrik Reinfeldt, que dijo que &#8220;el resto de pa\u00edses en Europa quieren ver un compromiso a largo plazo y con una base amplia en el parlamento griego&#8221;.<\/p>\n<p>&#8220;Creo que es muy importante que todos los pol\u00edticos griegos asuman su responsabilidad, porque hay mucho que debe hacerse en Grecia, y que no digan a los ciudadanos griegos que hay una salida f\u00e1cil&#8221;, insisti\u00f3 el primer ministro sueco, que, adem\u00e1s, revel\u00f3 que en la reuni\u00f3n previa del PPE los l\u00edderes de esta familia pol\u00edtica pidieron a Samaras &#8220;dejar claro que participar\u00e1 para impulsar estas medidas&#8221;.<\/p>\n<p>Mientras, Papandr\u00e9u reclam\u00f3 a la Uni\u00f3n Europea que demuestre un &#8220;compromiso fuerte&#8221; con Grecia para lograr que el parlamento griego apruebe las reformas que someter\u00e1 el martes a votaci\u00f3n. &#8220;Grecia est\u00e1 firmemente comprometida a continuar un programa muy dif\u00edcil pero importante de cambios radicales para hacer viable nuestra econom\u00eda&#8221;, resalt\u00f3 el primer ministro griego tras reunirse con el presidente franc\u00e9s, Nicolas Sarkozy, y la canciller alemana, Angela Merkel, antes del inicio del Consejo Europeo.<\/p>\n<p>&#8220;Esto es una batalla por nuestro pa\u00eds y tambi\u00e9n es una batalla por una moneda com\u00fan europea y por una Europa com\u00fan&#8221;, insisti\u00f3.<\/p>\n<p>Pese a los numerosos mensajes de los l\u00edderes europeos, el jefe de la oposici\u00f3n conservadora griega, Antonis Samaras, mantuvo su discurso de los \u00faltimos d\u00edas y asegur\u00f3 que no apoyar\u00e1 el plan de ajuste. Samaras acudi\u00f3 a Bruselas para participar en la reuni\u00f3n del PPE. Samaras admiti\u00f3 la necesidad de aplicar medidas de ajuste a la econom\u00eda griega para su recuperaci\u00f3n, pero reiter\u00f3 su rechazo a las que plantea Papandr\u00e9u.<\/p>\n<p><strong>En julio<\/strong><\/p>\n<p>Concretamente, la zona euro se comprometi\u00f3 a tener listo un segundo plan de rescate para\u00a0Grecia\u00a0a comienzos del mes de julio, seg\u00fan dice la declaraci\u00f3n publicada al terminar la primera jornada de cumbre de jefes de Estado y de Gobierno de la UE, informa Efe.<\/p>\n<p>&#8220;Los jefes de Estado y de Gobierno de la zona euro piden a los ministros de Finanzas que terminen el trabajo relacionado con los los elementos pendientes que permitan tomar las decisiones necesarias a principios de julio&#8221;, dice el documento.<\/p>\n<p>Estas decisiones se tomar\u00e1n previsiblemente a lo largo de las reuniones de ministros de Finanzas previstas para los pr\u00f3ximos 3 y 11 de julio, en Bruselas.<\/p>\n<p>El compromiso de garantizar la financiaci\u00f3n de\u00a0Grecia\u00a0a medio plazo era uno de los requisitos exigidos por el Fondo Monetario Internacional para continuar colaborando con la Uni\u00f3n Europea en el programa de asistencia a\u00a0Grecia.<\/p>\n<p>El FMI hab\u00eda exigido solucionar este asunto antes de desembolsar los 3.300 que le corresponden en el pr\u00f3ximo tramo de ayuda (12.000 millones en total), necesarios para que\u00a0Grecia\u00a0no caiga en suspensi\u00f3n de pagos durante el verano.<\/p>\n<p>El primer ministro griego, Yorgos Papandr\u00e9u, dijo que la &#8220;luz verde&#8221; que ha recibido Atenas de sus socios internacionales para recibir ayuda adicional es una &#8220;se\u00f1al positiva para el futuro de\u00a0Grecia&#8221;.<\/p>\n<p>La declaraci\u00f3n no aclara el montante a que ascender\u00e1 el segundo rescate, aunque el primer ministro griego dijo hace unos d\u00edas que \u00e9ste podr\u00eda situarse en el entorno del primero, aprobado en mayo de 2010 y que se elev\u00f3 a 110.000 millones de euros.<\/p>\n<p>Lo que s\u00ed aclara el documento es que los l\u00edderes respaldan el enfoque decidido el 20 de junio pasado por los ministros de Finanzas de la zona euro en cuanto &#8220;al fomento de la participaci\u00f3n voluntaria del sector privado&#8221; en el segundo rescate de\u00a0Grecia.<\/p>\n<p>La f\u00f3rmula para articular la participaci\u00f3n de los acreedores privados de\u00a0Grecia\u00a0se efectuar\u00e1 mediante un &#8220;roll-over&#8221; de los bonos griegos, consistente en que los tenedores de obligaciones del Tesoro griego volver\u00e1n a adquirir bonos del pa\u00eds cuando venzan los t\u00edtulos que tienen en cartera, de manera &#8220;voluntaria e informal&#8221;.<\/p>\n<p>Esta implicaci\u00f3n se efectuar\u00e1, seg\u00fan acordaron los ministros de Finanzas de la zona euro y respaldaron hoy los jefes de Estado y de Gobierno de la UE, evitando que sea declarado un impago de la deuda griega, tal y como hab\u00edan acordado previamente la canciller alemana y el presidente franc\u00e9s, en una reuni\u00f3n que mantuvieron la semana pasada.<\/p>\n<p>La Comisi\u00f3n Europea y el Banco Central Europeo han defendido desde el comienzo esta necesidad de evitar la declaraci\u00f3n de un &#8220;incumplimiento crediticio&#8221; para escapar a las consecuencias que acarrear\u00eda sobre el sector financiero del pa\u00eds pero tambi\u00e9n el riesgo de contagio a los pa\u00edses de la periferia de la zona euro m\u00e1s expuestos por la crisis de la deuda.<\/p>\n<p>Los pa\u00edses europeos avanzaron este jueves sobre este \u00faltimo punto, al pedir a los grandes tenedores de deuda de\u00a0Grecia\u00a0que se impliquen en el segundo rescate del pa\u00eds, una iniciativa en la que particip\u00f3 la vicepresidenta segunda del Gobierno espa\u00f1ol, Elena Salgado, quien convoc\u00f3 a los altos directivos de las grandes entidades espa\u00f1olas para pedirles apoyo en el rescate griego.<\/p>\n<p>Por otro lado, los l\u00edderes hicieron un llamamiento al conjunto de la clase pol\u00edtica griega a apoyar el nuevo paquete de ajustes y el plan de privatizaciones del pa\u00eds como paso previo para continuar recibiendo el apoyo exterior.<\/p>\n<p>En la declaraci\u00f3n que publicaron al t\u00e9rmino de la primera jornada de cumbre, piden al Parlamento heleno que escenifique &#8220;con urgencia&#8221; su apoyo a estas leyes &#8220;clave&#8221; mediante un voto previsto el pr\u00f3ximo martes.<\/p>\n<p>&#8220;Dado el alcance, la magnitud y la naturaleza de las reformas requeridas en\u00a0Grecia, la unidad nacional es un requisito previo al \u00e9xito&#8221;, aseveraron los l\u00edderes europeos en su declaraci\u00f3n.<\/p>\n<p>&#8220;Este ajuste es absolutamente necesario para devolver la confianza en la econom\u00eda griega&#8221;, dijo el presidente del Consejo, Herman Van Rompuy, en una rueda de prensa que ofreci\u00f3 al t\u00e9rmino de la primera jornada de cumbre.<\/p>\n<p>Precisamente, el Gobierno griego recibi\u00f3 este jueves la aprobaci\u00f3n de los t\u00e9cnicos de la UE y el FMI desplazados a Atenas sobre el plan de austeridad que el Gobierno heleno pretende someter a aprobaci\u00f3n parlamentaria el pr\u00f3ximo martes, y que incluye recorte del gasto p\u00fablico unos 28.300 millones de euros hasta el a\u00f1o 2015.<\/p>\n<p>Los l\u00edderes europeos dijeron ser &#8220;conscientes de los esfuerzos que suponen las medidas de ajuste para los ciudadanos griegos&#8221;, pero se declararon convencidos &#8220;de que esos sacrificios son indispensables para la recuperaci\u00f3n econ\u00f3mica y contribuir\u00e1n a la estabilidad futura y al bienestar del pa\u00eds&#8221;.<\/p>\n<p>Para compensar las consecuencias de los ajustes exigidos por la UE y el FMI sobre la deprimida econom\u00eda helena, la Uni\u00f3n Europea aumentar\u00e1 al 85 % la tasa de cofinanciaci\u00f3n comunitaria de los programas financiados con fondos estructurales en\u00a0Grecia, anunci\u00f3 hoy el presidente de la Comisi\u00f3n Europea, Jos\u00e9 Manuel Durao Barroso.<\/p>\n<p>Esta decisi\u00f3n pretende paliar la paradoja formada por el hecho de que la dura austeridad exigida a\u00a0Grecia\u00a0le impidiera aprovecharse de los fondos comunitarios, por no contar con dinero para cofinanciar los programas.<\/p>\n","protected":false},"excerpt":{"rendered":"<p>Los l\u00edderes europeos presionan a la oposici\u00f3n griega para que respalde las medidas de austeridad del Gobierno. La zona euro se comprometi\u00f3 a tener listo un segundo plan de rescate para Grecia a comienzos del mes de julio.<\/p>\n","protected":false},"author":1,"featured_media":2891,"comment_status":"closed","ping_status":"open","sticky":false,"template":"","format":"standard","meta":{"footnotes":""},"categories":[24],"tags":[801,1592,1146,341],"class_list":["post-2890","post","type-post","status-publish","format-standard","has-post-thumbnail","hentry","category-mundo","tag-eurozona","tag-grecia","tag-rescate","tag-ue"],"_links":{"self":[{"href":"https:\/\/diarioelpopular.com\/index.php\/wp-json\/wp\/v2\/posts\/2890","targetHints":{"allow":["GET"]}}],"collection":[{"href":"https:\/\/diarioelpopular.com\/index.php\/wp-json\/wp\/v2\/posts"}],"about":[{"href":"https:\/\/diarioelpopular.com\/index.php\/wp-json\/wp\/v2\/types\/post"}],"author":[{"embeddable":true,"href":"https:\/\/diarioelpopular.com\/index.php\/wp-json\/wp\/v2\/users\/1"}],"replies":[{"embeddable":true,"href":"https:\/\/diarioelpopular.com\/index.php\/wp-json\/wp\/v2\/comments?post=2890"}],"version-history":[{"count":0,"href":"https:\/\/diarioelpopular.com\/index.php\/wp-json\/wp\/v2\/posts\/2890\/revisions"}],"wp:featuredmedia":[{"embeddable":true,"href":"https:\/\/diarioelpopular.com\/index.php\/wp-json\/"}],"wp:attachment":[{"href":"https:\/\/diarioelpopular.com\/index.php\/wp-json\/wp\/v2\/media?parent=2890"}],"wp:term":[{"taxonomy":"category","embeddable":true,"href":"https:\/\/diarioelpopular.com\/index.php\/wp-json\/wp\/v2\/categories?post=2890"},{"taxonomy":"post_tag","embeddable":true,"href":"https:\/\/diarioelpopular.com\/index.php\/wp-json\/wp\/v2\/tags?post=2890"}],"curies":[{"name":"wp","href":"https:\/\/api.w.org\/{rel}","templated":true}]}}