{"id":293986,"date":"2012-02-20T23:20:54","date_gmt":"2012-02-21T04:20:54","guid":{"rendered":"http:\/\/diarioelpopular.com\/?p=293986"},"modified":"2012-02-20T23:20:54","modified_gmt":"2012-02-21T04:20:54","slug":"penarol-obligado-a-ganar-ante-el-dificil-atletico-nacional","status":"publish","type":"post","link":"https:\/\/diarioelpopular.com\/index.php\/2012\/02\/20\/penarol-obligado-a-ganar-ante-el-dificil-atletico-nacional\/","title":{"rendered":"Pe\u00f1arol, obligado a ganar ante el dif\u00edcil Atl\u00e9tico Nacional"},"content":{"rendered":"<div id=\"attachment_293987\" style=\"width: 710px\" class=\"wp-caption aligncenter\"><a href=\"https:\/\/diarioelpopular.com\/wp-content\/uploads\/2012\/02\/Pe\u00f1arol.jpg\"><img loading=\"lazy\" decoding=\"async\" aria-describedby=\"caption-attachment-293987\" class=\"size-full wp-image-293987\" title=\"Pe\u00f1arol\" src=\"https:\/\/diarioelpopular.com\/wp-content\/uploads\/2012\/02\/Pe\u00f1arol.jpg\" alt=\"\" width=\"700\" height=\"420\" \/><\/a><p id=\"caption-attachment-293987\" class=\"wp-caption-text\">El finalista del a\u00f1o pasado afronta el encuentro con presi\u00f3n despu\u00e9s del fallido debut en la competici\u00f3n<\/p><\/div>\n<p><em><strong>Efe. Montevideo.-<\/strong><\/em> Pe\u00f1arol tendr\u00e1 este martes la obligaci\u00f3n de ganar en casa ante el dif\u00edcil Atl\u00e9tico Nacional colombiano en la segunda fecha del grupo 8 de la Copa Libertadores para mantener sus aspiraciones en la m\u00e1xima competici\u00f3n continental.<\/p>\n<p>El finalista del a\u00f1o pasado afronta el encuentro con presi\u00f3n despu\u00e9s del fallido debut en la competici\u00f3n la semana pasada, que se sald\u00f3 con una derrota por 1-0 en casa del Godoy Cruz en un encuentro que ten\u00eda que haber ganado con facilidad y que sirvi\u00f3 para despertar del sue\u00f1o a un equipo que lleg\u00f3 muy confiado a la competici\u00f3n.<\/p>\n<p>Esa confianza no tendr\u00e1 lugar ante los colombianos, que llegan de vencer a la Universidad de Chile por 2-0 y Pe\u00f1arol saldr\u00e1 muy consciente de lo que se juega, m\u00e1s a\u00fan al tratarse de su primer partido en casa y ante una afici\u00f3n exigente.<\/p>\n<p>&#8220;Para nosotros, es una final&#8221;, lleg\u00f3 a reconocer el entrenador carbonero Gregorio P\u00e9rez.<\/p>\n<p>P\u00e9rez, que no har\u00e1 p\u00fablica la lista de titulares hasta el d\u00eda del partido, se mostr\u00f3 adem\u00e1s precavido ante la calidad del Atl\u00e9tico Nacional y alert\u00f3 a sus jugadores del nivel del cuadro colombiano.<\/p>\n<p>&#8220;Ser\u00e1 un rival de cuidado, como lo seremos nosotros para ellos&#8221;, dijo.<\/p>\n<p>Las principales dudas del cuadro uruguayo parecen ser la conformaci\u00f3n de la zaga y si el fichaje estrella para esta campa\u00f1a, Rodrigo Mora, estar\u00e1 disponible para jugar pese a sus problemas musculares.<\/p>\n<p>Por su parte, el equipo colombiano llega a Montevideo dispuesto a seguir dando que hablar en la Libertadores y para ello el entrenador Santiago Escobar reserv\u00f3 a su equipo titular del \u00faltimos encuentro por la liga colombiana.<\/p>\n<p>El equipo de Medell\u00edn llega a este encuentro pleno de confianza tanto por el buen resultado que obtuvo en su partido inaugural de la Libertadores como por su marcha en el torneo local, donde va l\u00edder en solitario.<\/p>\n<p><strong>Alineaciones probables y ficha t\u00e9cnica:<\/strong><\/p>\n<ul>\n<li><strong>Pe\u00f1arol:<\/strong> Fabi\u00e1n Carini; Juan \u00c1lvez, Carlos Valdez, Marcelo Silva, Dar\u00edo Rodr\u00edguez; Luis Aguiar, Nicol\u00e1s Freitas, Sebasti\u00e1n Crist\u00f3foro; Fabi\u00e1n Estoyanoff, Marcelo Zalayeta y Maximiliano P\u00e9rez. Director T\u00e9cnico: Gregorio P\u00e9rez.<\/li>\n<li><strong>Atl\u00e9tico Nacional:<\/strong> Gast\u00f3n Fernando Pezzuti, Cristian Tula, Elkin Calle, Farid D\u00edaz, Alexis Henr\u00edquez, Macnelly Torres, Luis Fernando Mosquera, Jherson C\u00f3rdoba, Jhon Valoy, Diego \u00c1lvarez, Dorlan Pab\u00f3n. DT:Santiago Escobar<\/li>\n<li><strong>\u00c1rbitro:<\/strong> Carlos Amarilla de Paraguay, auxiliado por sus compatriotas Nicol\u00e1s Yegros y Carlos C\u00e1ceres.<\/li>\n<li><strong>Estadio:<\/strong> Estadio Centenario de Montevideo.<\/li>\n<li><strong>Hora:<\/strong> 20:15 hora local (22:15 GMT).<\/li>\n<\/ul>\n<p>&nbsp;<\/p>\n","protected":false},"excerpt":{"rendered":"<p>Pe\u00f1arol tendr\u00e1 este martes la obligaci\u00f3n de ganar en casa ante el dif\u00edcil Atl\u00e9tico Nacional colombiano en la segunda fecha del grupo 8 de la Copa Libertadores para mantener sus aspiraciones en la m\u00e1xima competici\u00f3n continental.<\/p>\n","protected":false},"author":1,"featured_media":293987,"comment_status":"open","ping_status":"open","sticky":false,"template":"","format":"standard","meta":{"footnotes":""},"categories":[28],"tags":[1787,1298,179,830],"class_list":["post-293986","post","type-post","status-publish","format-standard","has-post-thumbnail","hentry","category-deportes","tag-atletico-nacional","tag-copa-libertadores","tag-futbol-2","tag-penarol"],"_links":{"self":[{"href":"https:\/\/diarioelpopular.com\/index.php\/wp-json\/wp\/v2\/posts\/293986","targetHints":{"allow":["GET"]}}],"collection":[{"href":"https:\/\/diarioelpopular.com\/index.php\/wp-json\/wp\/v2\/posts"}],"about":[{"href":"https:\/\/diarioelpopular.com\/index.php\/wp-json\/wp\/v2\/types\/post"}],"author":[{"embeddable":true,"href":"https:\/\/diarioelpopular.com\/index.php\/wp-json\/wp\/v2\/users\/1"}],"replies":[{"embeddable":true,"href":"https:\/\/diarioelpopular.com\/index.php\/wp-json\/wp\/v2\/comments?post=293986"}],"version-history":[{"count":0,"href":"https:\/\/diarioelpopular.com\/index.php\/wp-json\/wp\/v2\/posts\/293986\/revisions"}],"wp:featuredmedia":[{"embeddable":true,"href":"https:\/\/diarioelpopular.com\/index.php\/wp-json\/"}],"wp:attachment":[{"href":"https:\/\/diarioelpopular.com\/index.php\/wp-json\/wp\/v2\/media?parent=293986"}],"wp:term":[{"taxonomy":"category","embeddable":true,"href":"https:\/\/diarioelpopular.com\/index.php\/wp-json\/wp\/v2\/categories?post=293986"},{"taxonomy":"post_tag","embeddable":true,"href":"https:\/\/diarioelpopular.com\/index.php\/wp-json\/wp\/v2\/tags?post=293986"}],"curies":[{"name":"wp","href":"https:\/\/api.w.org\/{rel}","templated":true}]}}