{"id":3001,"date":"2011-06-25T22:34:13","date_gmt":"2011-06-26T02:34:13","guid":{"rendered":"http:\/\/retrolab.ca\/elpopular\/?p=3001"},"modified":"2011-06-25T22:34:13","modified_gmt":"2011-06-26T02:34:13","slug":"espana-campeona-de-europa-sub21","status":"publish","type":"post","link":"https:\/\/diarioelpopular.com\/index.php\/2011\/06\/25\/espana-campeona-de-europa-sub21\/","title":{"rendered":"Espa\u00f1a, campeona de Europa sub&#8217;21"},"content":{"rendered":"<div id=\"attachment_3002\" style=\"width: 710px\" class=\"wp-caption aligncenter\"><a href=\"http:\/\/retrolab.ca\/elpopular\/wp-content\/uploads\/2011\/06\/esp.jpg\"><img loading=\"lazy\" decoding=\"async\" aria-describedby=\"caption-attachment-3002\" class=\"size-full wp-image-3002\" title=\"Espa\u00f1a, campeona de Europa sub'21\" src=\"http:\/\/retrolab.ca\/elpopular\/wp-content\/uploads\/2011\/06\/esp.jpg\" alt=\"\" width=\"700\" height=\"420\" \/><\/a><p id=\"caption-attachment-3002\" class=\"wp-caption-text\">El capit\u00e1n del equipo espa\u00f1ol, Javi Mart\u00ednez, celebra con sus compa\u00f1eros la consecuci\u00f3n del Campeonato Europeo Sub&#039;21 de f\u00fatbol, tras vencer 2-0 ante Suiza en la final disputada en el estadio de Aarhus, Dinamarca. Foto: Henning Bagger \/ EFE<\/p><\/div>\n<p><em>Roberto Morales. Aarhus (Dinamarca).-<\/em> Espa\u00f1a conquist\u00f3 su tercer Europeo\u00a0sub&#8217;21\u00a0al derrotar a Suiza en la final (0-2) y toc\u00f3 el cielo de Aarhus con un Thiago celestial, autor de un gol para enmarcar en una falta a 40 metros de la porter\u00eda que puso el broche a un torneo que extiende el dominio espa\u00f1ol en el f\u00fatbol.<\/p>\n<p>Una nueva generaci\u00f3n repleta de brillantez se proclam\u00f3 campeona de Europa en un estadio que debe ser patrimonio de la humanidad para Espa\u00f1a. En el Aarhus Stadion naci\u00f3 un estilo en la absoluta que la gui\u00f3 a ser campeona de Europa y del mundo. Los chicos de Milla, con una herencia de juego impagable, culminaron un torneo impecable.<\/p>\n<p>Superaron la presi\u00f3n de ser favorito. La racha de \u00e9xitos del f\u00fatbol espa\u00f1ol provoca que los rivales estudien el juego y plasmen un planteamiento centrado en la destrucci\u00f3n, antes que en mostrar sus cualidades. Le ocurri\u00f3 a Suiza. Hasta la final brillante en su f\u00fatbol. Segura en defensa, sin encajar un gol. Sacrific\u00f3 la calidad de jugadores como Shaquiri o Xhaka en la pelea. En el reto de frenar la magia de jugadores que cambian el ritmo: Thiago y Ander Herrera.<\/p>\n<p>A Espa\u00f1a le cost\u00f3 romper el partido. Salvo una llegada aislada que culmin\u00f3 Adri\u00e1n en un centro que no encontr\u00f3 rematador, se atasc\u00f3. La presi\u00f3n de la final. El cansancio acumulado de un equipo en el que Milla no ha rotado. Emerg\u00eda una figura por encima de todas para mantener la fuerza. Es Javi Mart\u00ednez. Como medio centro \u00fanico en el Europeo ha demostrado ser el gran dominador.<\/p>\n<p>Tras las exhibiciones de trabajo sin bal\u00f3n, el ejercicio de presi\u00f3n de Espa\u00f1a se rebaj\u00f3. Provoc\u00f3 que, aunque mandase, su dominio no fuese abrumador. Y le falt\u00f3 profundidad de inicio. Thiago, el futbolista que transforma el juego, ten\u00eda siempre dos rivales encima.<\/p>\n<p>Suiza permanec\u00eda agazapada. El peligro para Espa\u00f1a era el mismo que en semifinales con Bielorrusia. Una llegada aislada complicar\u00eda el panorama al equipo de Milla. Y ocurri\u00f3 a la media hora de partido. Una maniobra de Shaqiri, la culmin\u00f3 con un derechazo potente que sac\u00f3 de pu\u00f1os De Gea.<\/p>\n<p>Sirvi\u00f3 para despertar a la selecci\u00f3n espa\u00f1ola. Los buenos conceptos no ten\u00edan ejecuci\u00f3n. El descaro de Muniain hizo adelantar l\u00edneas y acercarse a la zona de peligro. Thiago lo intent\u00f3 y roz\u00f3 el palo con un disparo lejano. Y el premio lleg\u00f3 gracias a la revelaci\u00f3n de Espa\u00f1a en el campeonato. Didac puso un centro perfecto en una subida aprovechando el espacio y Ander sorprendi\u00f3 a todos, apareciendo desde segunda l\u00ednea, para cabecear a la red. Quedaban cuatro minutos para el descanso.<\/p>\n<p>Suiza ten\u00eda que modificar su planteamiento para empatar. Lo intent\u00f3 en el segundo acto, corriendo el riesgo de sufrir alg\u00fan contragolpe letal espa\u00f1ol. A los dos les falt\u00f3 frescura en la cabeza y las piernas. El ritmo fue bajo y tras un remate en carrera de Emeghara, los chicos de Milla se adue\u00f1aron del bal\u00f3n.<\/p>\n<p>No fue el d\u00eda de Adri\u00e1n. Un futbolista extra\u00f1o. Capaz de marcar cuando menos se le espera como de perder cada bal\u00f3n que le llega. No disfrut\u00f3 de ocasiones. Estuvieron en botas de Muniain, que se top\u00f3 con la seguridad de Sommer, y Javi Mart\u00ednez, que remat\u00f3 alto una acci\u00f3n de estrategia.<\/p>\n<p>Antes de que Suiza hincase la rodilla dio dos sustos a De Gea con dos cabezazos de Kasami y Klose que no encontraron puerta. Y acab\u00f3 rendida a la calidad de Thiago. Ideas de genio. Ejecuci\u00f3n de maestro. Cuando esperaban que tocara en corto una falta. Golpe\u00f3 desde 40 metros con una suavidad magistral.<\/p>\n<p>El tanto del campeonato de un futbolista que marcar\u00e1 una \u00e9poca si no tuerce su camino. El broche de oro para el campe\u00f3n. La &#8220;generaci\u00f3n de oro&#8221; de la selecci\u00f3n espa\u00f1ola absoluta tiene el futuro garantizado.<\/p>\n<p><strong>Ficha t\u00e9cnica:<\/strong><\/p>\n<ul>\n<li><strong>0 &#8211; Suiza: <\/strong>Sommer; Koch, Klose, Rossini, Berardi; Lustenberger; Shaqiri, Frei (Gavranovic, m.54), Xhaka (Kasami, m.68), Emeghara (Abrashi, m.54); y Mehmedi.<\/li>\n<li><strong>2 &#8211; Espa\u00f1a: <\/strong>De Gea; Montoya, Bot\u00eda, Dom\u00ednguez, Didac Vil\u00e1; Javi Mart\u00ednez, Ander Herrera (Capel, m.89), Thiago, Mata, Munia\u00edn (Parejo, m.86); y Adri\u00e1n (Jeffr\u00e9n, m.81)<\/li>\n<li><strong>Goles:<\/strong> 0-1, m.41: Ander Herrera. 0-2, m.81: Thiago.<\/li>\n<li><strong>\u00c1rbitro:<\/strong> Paolo Tagliavento (ITA). Amonest\u00f3 a Lustenberger (16) y Berardi (62) por Suiza, y a Javi Mart\u00ednez (78) y De Gea (92) por Espa\u00f1a.<\/li>\n<li><strong>Incidencias: <\/strong>Final del Europeo\u00a0sub&#8217;21\u00a0de Dinamarca disputado en el Aarhus Stadion ante de 16.110 espectadores. El \u00e1rbitro port\u00f3 brazalete negro por el fallecimiento del colegiado ruso Vladimir Pettay en un accidente a\u00e9reo. Presidi\u00f3 el encuentro Michel Platini, m\u00e1ximo mandatario de la UEFA, acompa\u00f1ado por \u00c1ngel Mar\u00eda Villar, presidente de la Real Federaci\u00f3n Espa\u00f1ola de F\u00fatbol (RFEF).<\/li>\n<\/ul>\n<p>&nbsp;<\/p>\n","protected":false},"excerpt":{"rendered":"<p>Espa\u00f1a conquist\u00f3 su tercer Europeo sub&#8217;21 al derrotar a Suiza en la final (0-2) y toc\u00f3 el cielo de Aarhus con un Thiago celestial, autor de un gol para enmarcar en una falta a 40 metros de la porter\u00eda que puso el broche a un torneo que extiende el dominio espa\u00f1ol en el f\u00fatbol.<\/p>\n","protected":false},"author":1,"featured_media":3002,"comment_status":"closed","ping_status":"open","sticky":false,"template":"","format":"standard","meta":{"footnotes":""},"categories":[28],"tags":[444,6431,179,6432],"class_list":["post-3001","post","type-post","status-publish","format-standard","has-post-thumbnail","hentry","category-deportes","tag-espana","tag-europeo","tag-futbol-2","tag-sub21"],"_links":{"self":[{"href":"https:\/\/diarioelpopular.com\/index.php\/wp-json\/wp\/v2\/posts\/3001","targetHints":{"allow":["GET"]}}],"collection":[{"href":"https:\/\/diarioelpopular.com\/index.php\/wp-json\/wp\/v2\/posts"}],"about":[{"href":"https:\/\/diarioelpopular.com\/index.php\/wp-json\/wp\/v2\/types\/post"}],"author":[{"embeddable":true,"href":"https:\/\/diarioelpopular.com\/index.php\/wp-json\/wp\/v2\/users\/1"}],"replies":[{"embeddable":true,"href":"https:\/\/diarioelpopular.com\/index.php\/wp-json\/wp\/v2\/comments?post=3001"}],"version-history":[{"count":0,"href":"https:\/\/diarioelpopular.com\/index.php\/wp-json\/wp\/v2\/posts\/3001\/revisions"}],"wp:featuredmedia":[{"embeddable":true,"href":"https:\/\/diarioelpopular.com\/index.php\/wp-json\/"}],"wp:attachment":[{"href":"https:\/\/diarioelpopular.com\/index.php\/wp-json\/wp\/v2\/media?parent=3001"}],"wp:term":[{"taxonomy":"category","embeddable":true,"href":"https:\/\/diarioelpopular.com\/index.php\/wp-json\/wp\/v2\/categories?post=3001"},{"taxonomy":"post_tag","embeddable":true,"href":"https:\/\/diarioelpopular.com\/index.php\/wp-json\/wp\/v2\/tags?post=3001"}],"curies":[{"name":"wp","href":"https:\/\/api.w.org\/{rel}","templated":true}]}}