{"id":302427,"date":"2012-02-21T23:37:03","date_gmt":"2012-02-22T04:37:03","guid":{"rendered":"http:\/\/diarioelpopular.com\/?p=302427"},"modified":"2012-02-21T23:37:03","modified_gmt":"2012-02-22T04:37:03","slug":"los-artistas-latinos-llegan-con-fuerza-a-los-oscar","status":"publish","type":"post","link":"https:\/\/diarioelpopular.com\/index.php\/2012\/02\/21\/los-artistas-latinos-llegan-con-fuerza-a-los-oscar\/","title":{"rendered":"Los artistas latinos llegan con fuerza a los \u00d3scar"},"content":{"rendered":"<div id=\"attachment_302458\" style=\"width: 710px\" class=\"wp-caption aligncenter\"><a href=\"https:\/\/diarioelpopular.com\/wp-content\/uploads\/2012\/02\/B\u00e9r\u00e9nice-Bejo.jpg\"><img loading=\"lazy\" decoding=\"async\" aria-describedby=\"caption-attachment-302458\" class=\"size-full wp-image-302458\" title=\"B\u00e9r\u00e9nice Bejo\" src=\"https:\/\/diarioelpopular.com\/wp-content\/uploads\/2012\/02\/B\u00e9r\u00e9nice-Bejo.jpg\" alt=\"\" width=\"700\" height=\"420\" \/><\/a><p id=\"caption-attachment-302458\" class=\"wp-caption-text\">La actriz argentina B\u00e9r\u00e9nice Bejo logr\u00f3 la candidatura al \u00d3scar en la categor\u00eda de mejor actriz de reparto por su labor en el filme franc\u00e9s &#039;The Artist&#039;. Foto: Efe<\/p><\/div>\n<p><em><strong>Fernando Mex\u00eda. Los \u00c1ngeles (EE UU).-<\/strong><\/em> La 84 edici\u00f3n de entrega de los premios \u00d3scar tendr\u00e1 un marcado sabor latino con la presencia de cuatro artistas originarios de M\u00e9xico, Argentina y Brasil en categor\u00edas que van desde las interpretativas hasta las m\u00e1s t\u00e9cnicas.<\/p>\n<p>Demi\u00e1n Bichir y B\u00e9r\u00e9nice Bejo disputan las estatuillas de mejor actor y mejor actriz de reparto por &#8220;A Better Life&#8221; y &#8220;The Artist&#8221;, respectivamente, los m\u00fasicos Carlinhos Brown y Sergio Mendes optan al galard\u00f3n de mejor canci\u00f3n por &#8220;Real in Rio&#8221; de la pel\u00edcula &#8220;Rio&#8221; y Emmanuel Lubezki es candidato a mejor director de fotograf\u00eda por &#8220;The Tree of Life&#8221;.<\/p>\n<p>Lubezki parece, a priori, quien m\u00e1s opciones tiene de llevarse a casa el \u00d3scar.<\/p>\n<p><strong>B\u00c9R\u00c9NICE BEJO<\/strong> (Argentina): La candidata silenciosa<\/p>\n<p>Francesa de adopci\u00f3n nacida en Buenos Aires, B\u00e9r\u00e9nice Bejo conserva a sus 35 a\u00f1os el acento argentino cuando habla en un espa\u00f1ol que sin embargo no oculta su educaci\u00f3n gala. En &#8220;The Artist&#8221; la actriz obvi\u00f3 su dualidad ling\u00fc\u00edstica para interpretar a una diva del cine mudo de Hollywood de finales de los a\u00f1os 20 y principio de los 30.<\/p>\n<p>Su papel, junto al de su compa\u00f1ero de reparto Jean Dujardin fue recompensado con una de las 10 nominaciones que obtuvo &#8220;The Artist&#8221;, cinta que en plena revoluci\u00f3n del HD y el 3D ha revivido el atractivo de aquel cine artesanal de m\u00edmica exagerada capaz de transmitir emociones sin color ni di\u00e1logos.<\/p>\n<p>Las opciones de Bejo en su primera tentativa al \u00d3scar son, no obstante, muy escasas. La gran favorita en esta categor\u00eda es Octavia Spencer, quien se ha llevado todos los premios posibles esta temporada por la pel\u00edcula de segregaci\u00f3n racial &#8220;The Help&#8221;, filme por el que tambi\u00e9n est\u00e1 nominada en esta categor\u00eda la actriz Jessica Chastain.<\/p>\n<p>Ni Melissa McCarthy por &#8220;Bridesmaids&#8221;, ni Janet McTeer por &#8220;Albert Nobbs&#8221; parecen poder hacer sombra a Spencer, mientras que Bejo espera sin hacer ruido poder dar la sorpresa.<\/p>\n<p><strong>DEMI\u00c1N BICHIR<\/strong> (M\u00e9xico): La nominaci\u00f3n es el premio<\/p>\n<p>Con una pel\u00edcula independiente sobre el drama de la inmigraci\u00f3n ilegal que muestra el lado menos glamuroso de la ciudad de Los \u00c1ngeles, Demi\u00e1n Bichir, de 48 a\u00f1os, logr\u00f3 el m\u00e1s dif\u00edcil todav\u00eda al conquistar la nominaci\u00f3n de mejor actor por &#8220;A Better Life&#8221;.<\/p>\n<p>Lo hizo gracias a una soberbia interpretaci\u00f3n que consigui\u00f3 abrirse camino entre los grandes nombres de la meca del cine cuyos trabajos est\u00e1n muy promocionados por las estructuras de los grandes estudios. Es por ello que estar entre los cinco finalistas es ya, de por s\u00ed, un \u00e9xito, m\u00e1s a\u00fan si cabe porque estrellas como Leonardo DiCaprio (&#8220;J. Edgar&#8221;) se quedaron en el camino.<\/p>\n<p>Llegados a este punto, la realidad se impone y las previsiones -casi siempre acertadas- de los expertos en los \u00d3scar hacen presagiar que la estatuilla de mejor actor es cosa de dos: George Clooney (&#8220;The Descendants&#8221;) o Jean Dujardin (&#8220;The Artist&#8221;).<\/p>\n<p>Los votantes podr\u00edan decantarse en tercer lugar por Brad Pitt con su cinta de b\u00e9isbol &#8220;Moneyball&#8221;, mientras que Bichir y el veterano Gary Oldman con &#8220;Tinker Tailor Soldier Spy&#8221;, aparecen por detr\u00e1s en esa carrera.<\/p>\n<p>Es frecuente que los premios de mejor actor y mejor actriz vayan a parar a artistas cuyos filmes son candidatos tambi\u00e9n en la categor\u00eda de mejor pel\u00edcula, algo que no ocurre en el caso de Bichir y Oldman.<\/p>\n<p><strong>CARLINHOS BROWN Y SERGIO MENDES<\/strong> (Brasil): A la sombra de &#8220;The Muppets&#8221;<\/p>\n<p>Los m\u00fasicos Carlinhos Brown y Sergio Mendes tienen este a\u00f1o el honor de representar a Brasil en los \u00d3scar gracias a su &#8220;Real in Rio&#8221;, tema de la pel\u00edcula de animaci\u00f3n &#8220;Rio&#8221; que fue recompensado con una candidatura a la mejor canci\u00f3n en estos galardones.<\/p>\n<p>Estos artistas heredan el legado dejado en 2011 por Sebastiao Carlos dos Santos, apodado &#8220;Tiao&#8221;, quien el a\u00f1o pasado acudi\u00f3 a la gala en nombre del documental &#8220;Lixo Extraordin\u00e1rio&#8221; en el que se contaba su historia como recolector de basura en Jardim Gramacho, uno de los mayores vertederos del mundo, situado en R\u00edo de Janeiro.<\/p>\n<p>Al igual que ocurri\u00f3 en 2011, las posibilidades de \u00d3scar de &#8220;Real in Rio&#8221; son muy bajas y eso que en teor\u00eda se podr\u00edan contar por un 50 por ciento ya que \u00fanicamente dos canciones compiten por el premio en liza. El problema es que la contrincante es &#8220;Man or Muppet&#8221; de la popular pel\u00edcula &#8220;The Muppets&#8221;.<\/p>\n<p>Es infrecuente que haya \u00fanicamente dos candidatos en una categor\u00eda y, seg\u00fan los expertos, eso ocurre cuando los miembros de la Academia coinciden casi de forma un\u00e1nime en sus puntuaciones sobre el ganador. Al tratarse de una competencia es necesario que haya dos postulantes al premio y por ello se incluye a la segunda opci\u00f3n m\u00e1s valorada.<\/p>\n<p>La lectura que se hace en Hollywood es que &#8220;Man or Muppet&#8221; es una apuesta segura de victoria.<\/p>\n<p><strong>EMMANUEL LUBEZKI<\/strong> (M\u00e9xico): A la quinta va la vencida<\/p>\n<p>A sus 47 a\u00f1os, Emmanuel Lubezki, natural de Ciudad de M\u00e9xico, sabe bien lo que es estar nominado a un \u00d3scar, no en vano su candidatura a la mejor fotograf\u00eda por &#8220;The Tree of Life&#8221; es su quinta tentativa. Todo apunta a que, adem\u00e1s, ser\u00e1 la definitiva.<\/p>\n<p>Lubezki compiti\u00f3 por la estatuilla con &#8220;Children of Men&#8221; (2006), &#8220;The New World&#8221; (2005), &#8220;Sleepy Hollow&#8221; (1999) y &#8220;La princesita&#8221; (1995), siempre sin fortuna.<\/p>\n<p>En esta edici\u00f3n, las quinielas parecen decantarse a su favor especialmente despu\u00e9s de que el 12 de febrero lograra imponerse en la 26 edici\u00f3n de los premios de la American Society of Cinematographers (ASC), unos galardones que son una referencia sobre el favorito al \u00d3scar de fotograf\u00eda.<\/p>\n<p>En los \u00faltimos seis a\u00f1os, en cuatro ocasiones el vencedor en los ASC se alz\u00f3 tambi\u00e9n con el \u00d3scar.<\/p>\n<p>Cierto es que Lubezki ya se gan\u00f3 los favores de la ASC en 2007 con &#8220;Children of Men&#8221; y vio c\u00f3mo su compatriota Guillermo Navarro le ganaba en los \u00d3scar con &#8220;El laberinto del fauno&#8221;, pero la consistencia del trabajo de Lubezki podr\u00eda depararle mejor suerte esta vez.<\/p>\n<p>Sus rivales por el galard\u00f3n son Guillaume Schiffman (&#8220;The Artist&#8221;), Jeff Cronenweth (&#8220;The Girl with the Dragon Tattoo&#8221;), Robert Richardson (&#8220;Hugo&#8221;) y Janusz Kaminski (&#8220;War Horse&#8221;).<\/p>\n<p>Schiffman es quien aparece mejor situado tras Lubezki para ganar el \u00d3scar.<\/p>\n","protected":false},"excerpt":{"rendered":"<p>La 84 edici\u00f3n de entrega de los premios \u00d3scar tendr\u00e1 un marcado sabor latino con la presencia de cuatro artistas originarios de M\u00e9xico, Argentina y Brasil en categor\u00edas que van desde las interpretativas hasta las m\u00e1s t\u00e9cnicas.<\/p>\n","protected":false},"author":1,"featured_media":302458,"comment_status":"open","ping_status":"open","sticky":false,"template":"","format":"standard","meta":{"footnotes":""},"categories":[80],"tags":[1177,2068,2069,2070,2071,1158,2072],"class_list":["post-302427","post","type-post","status-publish","format-standard","has-post-thumbnail","hentry","category-cine-2","tag-berenice-bejo","tag-carlinhos-brown","tag-demian-bichir","tag-emmanuel-lubezki","tag-latinos","tag-oscar","tag-sergio-mendes"],"_links":{"self":[{"href":"https:\/\/diarioelpopular.com\/index.php\/wp-json\/wp\/v2\/posts\/302427","targetHints":{"allow":["GET"]}}],"collection":[{"href":"https:\/\/diarioelpopular.com\/index.php\/wp-json\/wp\/v2\/posts"}],"about":[{"href":"https:\/\/diarioelpopular.com\/index.php\/wp-json\/wp\/v2\/types\/post"}],"author":[{"embeddable":true,"href":"https:\/\/diarioelpopular.com\/index.php\/wp-json\/wp\/v2\/users\/1"}],"replies":[{"embeddable":true,"href":"https:\/\/diarioelpopular.com\/index.php\/wp-json\/wp\/v2\/comments?post=302427"}],"version-history":[{"count":0,"href":"https:\/\/diarioelpopular.com\/index.php\/wp-json\/wp\/v2\/posts\/302427\/revisions"}],"wp:featuredmedia":[{"embeddable":true,"href":"https:\/\/diarioelpopular.com\/index.php\/wp-json\/"}],"wp:attachment":[{"href":"https:\/\/diarioelpopular.com\/index.php\/wp-json\/wp\/v2\/media?parent=302427"}],"wp:term":[{"taxonomy":"category","embeddable":true,"href":"https:\/\/diarioelpopular.com\/index.php\/wp-json\/wp\/v2\/categories?post=302427"},{"taxonomy":"post_tag","embeddable":true,"href":"https:\/\/diarioelpopular.com\/index.php\/wp-json\/wp\/v2\/tags?post=302427"}],"curies":[{"name":"wp","href":"https:\/\/api.w.org\/{rel}","templated":true}]}}