{"id":305226,"date":"2012-02-22T11:17:02","date_gmt":"2012-02-22T16:17:02","guid":{"rendered":"http:\/\/diarioelpopular.com\/?p=305226"},"modified":"2012-02-22T11:17:02","modified_gmt":"2012-02-22T16:17:02","slug":"notas-del-futbol-hispano-29","status":"publish","type":"post","link":"https:\/\/diarioelpopular.com\/index.php\/2012\/02\/22\/notas-del-futbol-hispano-29\/","title":{"rendered":"Notas del f\u00fatbol hispano"},"content":{"rendered":"<div id=\"attachment_305228\" style=\"width: 244px\" class=\"wp-caption alignright\"><a href=\"https:\/\/diarioelpopular.com\/wp-content\/uploads\/2012\/02\/FOTO-1-CARLOS-BRIZUELA.jpg\"><img loading=\"lazy\" decoding=\"async\" aria-describedby=\"caption-attachment-305228\" class=\"size-medium wp-image-305228\" title=\"Don Carlos Brizuela, nos comunica el retiro del equipo \u201cSport Abadence\u201d de la Primera Divisi\u00f3n\" src=\"https:\/\/diarioelpopular.com\/wp-content\/uploads\/2012\/02\/FOTO-1-CARLOS-BRIZUELA-234x300.jpg\" alt=\"\" width=\"234\" height=\"300\" \/><\/a><p id=\"caption-attachment-305228\" class=\"wp-caption-text\">Don Carlos Brizuela, nos comunica el retiro del equipo \u201cSport Abadence\u201d de la Primera Divisi\u00f3n<\/p><\/div>\n<p>Clima incierto, cambiable e imprevisto en nuestra ciudad de Toronto, a veces no sabemos como estar\u00e1 la temperatura a pesar que tenemos confiables informativos del tiempo. Al igual como est\u00e1 ocurriendo en los torneos locales de indoor soccer, llegamos a cubrir y nos encontramos con equipos que se retiran, jugadores que no asisten a los compromisos en un torneo por estar jugando en otro, dirigentes que no cumplen con determinado torneo por pocas posibilidades de clasificar su equipo a las instancias finales, adem\u00e1s de jugadores \u201ctemperamentales\u201d que solo llegan a los partidos a causar problemas a los organizadores. Tiempos variables dentro y fuera de los gimnasios.<\/p>\n<p>Conversamos con don <strong>Carlos Brizuela<\/strong> sobre el tema del retiro del equipo \u201cSport Abadence\u201d que participaba en la Primera Divisi\u00f3n del torneo de la liga \u201cBurocr\u00e1tica Comercial\u201d, nos manifest\u00f3 que Mauricio V\u00e1squez, director t\u00e9cnico del equipo le comunic\u00f3 que su equipo no segu\u00eda participando por las pocas posibilidades de clasificar entre los cuatro primeros que disputar\u00edan del titulo de la categor\u00eda. Indudablemente que don Carlos estaba molesto porque no se esperaba una acci\u00f3n de este tipo por parte de un colaborador de la liga que le malograba su programaci\u00f3n de las siguientes fechas.<\/p>\n<div id=\"attachment_305229\" style=\"width: 810px\" class=\"wp-caption aligncenter\"><a href=\"https:\/\/diarioelpopular.com\/wp-content\/uploads\/2012\/02\/FOTO-2-SPORT-ABADENCE-1.jpg\"><img loading=\"lazy\" decoding=\"async\" aria-describedby=\"caption-attachment-305229\" class=\"size-full wp-image-305229\" title=\"Escuadra de \u201cSport Abadence\u201d, que se retir\u00f3 de la Liga Burocr\u00e1tica Comercial\" src=\"https:\/\/diarioelpopular.com\/wp-content\/uploads\/2012\/02\/FOTO-2-SPORT-ABADENCE-1.jpg\" alt=\"\" width=\"800\" height=\"505\" \/><\/a><p id=\"caption-attachment-305229\" class=\"wp-caption-text\">Escuadra de \u201cSport Abadence\u201d, que se retir\u00f3 de la Liga Burocr\u00e1tica Comercial<\/p><\/div>\n<p>El retiro sorpresivo del equipo \u201c<strong>Sport Abadence<\/strong>\u201d de la liga \u201cBurocr\u00e1tica Comercial\u201d y el motivo por el cual no seguir\u00edan en el torneo caus\u00f3 variados comentarios entre los asistentes al gimnasio \u201cSt. Basil The Great College\u201d. Se coment\u00f3 que la baja en el juego del \u201cSport Abadence\u201d y posterior retiro se debi\u00f3 a la p\u00e9rdida del t\u00edtulo de campe\u00f3n del torneo regular ante el elenco de \u201cYerba Brava\u201d, tambi\u00e9n porque en cuatro encuentros solo hab\u00edan obtenido un punto y aunque ten\u00edan posibilidades matem\u00e1ticas de estar entre los cuatro primeros vieron que ten\u00edan que enfrentar a \u201cPuro Toque\u201d y \u201cJohnnie Walker\u201d equipos de los cuales temian recibir goleadas. Escuchamos varias otras opiniones sobre la decisi\u00f3n de Mauricio V\u00e1squez, que ya no vienen al caso comentar.<\/p>\n<div id=\"attachment_305230\" style=\"width: 154px\" class=\"wp-caption alignleft\"><a href=\"https:\/\/diarioelpopular.com\/wp-content\/uploads\/2012\/02\/FOTO-3-GUARDIOLA.jpg\"><img loading=\"lazy\" decoding=\"async\" aria-describedby=\"caption-attachment-305230\" class=\" wp-image-305230 \" title=\"Pep Guardiola, director t\u00e9cnico del \u201cF.C. Barcelona\u201d de Espa\u00f1a, juega a los misterios con la continuidad en su cargo\" src=\"https:\/\/diarioelpopular.com\/wp-content\/uploads\/2012\/02\/FOTO-3-GUARDIOLA-206x300.jpg\" alt=\"\" width=\"144\" height=\"210\" \/><\/a><p id=\"caption-attachment-305230\" class=\"wp-caption-text\">Pep Guardiola, director t\u00e9cnico del \u201cF.C. Barcelona\u201d de Espa\u00f1a, juega a los misterios con la continuidad en su cargo<\/p><\/div>\n<p>El entrenador del Barcelona, <strong>Pep Guardiola,<\/strong> ha pedido &#8220;un poco m\u00e1s de tiempo&#8221; para decidir si la pr\u00f3xima temporada sigue dirigiendo el conjunto azulgrana, como es el deseo del club y de todo su entorno. &#8220;Hasta ahora, siempre hab\u00eda renovado en enero o febrero. Ahora mismo, prefiero tomarme un poco m\u00e1s de tiempo. Si lo respetan bien y si no mala suerte&#8221;, ha declarado Guardiola. El t\u00e9cnico del conjunto catal\u00e1n ha vuelto a insistir que &#8220;en ning\u00fan sitio&#8221; estar\u00e1 mejor que en el Bar\u00e7a, pero que seguir o no es &#8220;una &#8220;cuesti\u00f3n personal que no tiene nada que ver con la instituci\u00f3n&#8221;. &#8220;Para seguir aqu\u00ed, tengo que sentirlo. Yo no puedo trabajar en un club tan exigente si no estoy del todo convencido que me siento fuerte para hacerlo. No puedo enga\u00f1ar al club con algo que no siento&#8221;, ha apuntado sobre su futuro un Guardiola m\u00e1s enigm\u00e1tico de lo habitual.<\/p>\n<div id=\"attachment_305231\" style=\"width: 168px\" class=\"wp-caption alignright\"><a href=\"https:\/\/diarioelpopular.com\/wp-content\/uploads\/2012\/02\/FOTO-4-VARELA-VITO-CURALLI.jpg\"><img loading=\"lazy\" decoding=\"async\" aria-describedby=\"caption-attachment-305231\" class=\" wp-image-305231 \" title=\"Sa\u00fal Varela y el r\u00e9feri Vito Curalli revisan las noticias deportivas del diario El Popular\" src=\"https:\/\/diarioelpopular.com\/wp-content\/uploads\/2012\/02\/FOTO-4-VARELA-VITO-CURALLI-226x300.jpg\" alt=\"\" width=\"158\" height=\"210\" \/><\/a><p id=\"caption-attachment-305231\" class=\"wp-caption-text\">Sa\u00fal Varela y el r\u00e9feri Vito Curalli revisan las noticias deportivas del diario El Popular<\/p><\/div>\n<p>Don <strong>Sa\u00fal Varela,<\/strong> organizador del torneo \u201cTaca Airlines\u201d tiene plena confianza en el trabajo del coordinador de r\u00e9feris de la liga \u201cCentro Sur La Original\u201d Vito Curalli, est\u00e1 contento con la calidad de los r\u00e9feris que cada semana dirigen en su torneo. Indudablemente que siempre hay jugadores o directores t\u00e9cnicos que cuestionan la forma de dirigir y aplicar los reglamentos de juego, en especial en los jugadores de los equipos que pierden. Una mala costumbre que est\u00e1 muy arraigada en los torneos locales.<\/p>\n<div id=\"attachment_305234\" style=\"width: 220px\" class=\"wp-caption alignleft\"><a href=\"https:\/\/diarioelpopular.com\/wp-content\/uploads\/2012\/02\/FOTO-5-TORONTO-FC-ECUATORIANOS.jpg\"><img loading=\"lazy\" decoding=\"async\" aria-describedby=\"caption-attachment-305234\" class=\" wp-image-305234 \" title=\"Los jugadores del \u201cToronto F.C.\u201d celebran su triunfo ante el \u201cU. de Florida\u201d en la ciudad de Orlando\" src=\"https:\/\/diarioelpopular.com\/wp-content\/uploads\/2012\/02\/FOTO-5-TORONTO-FC-ECUATORIANOS-300x250.jpg\" alt=\"\" width=\"210\" height=\"175\" \/><\/a><p id=\"caption-attachment-305234\" class=\"wp-caption-text\">Los jugadores del \u201cToronto F.C.\u201d celebran su triunfo ante el \u201cU. de Florida\u201d en la ciudad de Orlando<\/p><\/div>\n<p>Los ecuatorianos <strong>Joao Plata <\/strong>y<strong> Giovanni Caicedo,<\/strong> estuvieron presentes en la victoria de su equipo el Toronto FC, 5-1 ante la Universidad de Florida en Orlando. Toronto, realiz\u00f3 su primer compromiso de pretemporada donde fueron tomados en cuenta por el entrenador Aron Mohamed Winter, el delantero Joao Plata y el zaguero central Giovanni Caicedo. Por el equipo canadiense marcaron, Luis Silva 5\u00b4 y 15\u00b4, el ecuatoriano Joao Plata a los 20\u00b4 y luego puso dos asistencias para que \u00a0Johnson Soolsma, ampli\u00e9 el marcador a los 23\u00b4 y Terry Dunfield cierre la goleada a los 38 minutos. En la segunda etapa el director t\u00e9cnico Aron Winter, mand\u00f3 un equipo diferente, en la cual incluy\u00f3 a Caicedo.<\/p>\n<div id=\"attachment_305236\" style=\"width: 280px\" class=\"wp-caption alignright\"><a href=\"https:\/\/diarioelpopular.com\/wp-content\/uploads\/2012\/02\/FOTO-6-REFERI-F.C.CASPOP.jpg\"><img loading=\"lazy\" decoding=\"async\" aria-describedby=\"caption-attachment-305236\" class=\" wp-image-305236 \" title=\"El r\u00e9feri Ricky Zamparelli, escucha pacientemente los alegatos del los jugadores del \u201cF.C. Capop\u201d\" src=\"https:\/\/diarioelpopular.com\/wp-content\/uploads\/2012\/02\/FOTO-6-REFERI-F.C.CASPOP-300x271.jpg\" alt=\"\" width=\"270\" height=\"244\" \/><\/a><p id=\"caption-attachment-305236\" class=\"wp-caption-text\">El r\u00e9feri Ricky Zamparelli, escucha pacientemente los alegatos del los jugadores del \u201cF.C. Capop\u201d<\/p><\/div>\n<p>Una situaci\u00f3n poco com\u00fan ocurri\u00f3 en el torneo \u201cTaca Airlines\u201d en la fecha del s\u00e1bado pasado, los jugadores del \u201c<strong>F.C. Capop<\/strong>\u201d que se enfrentaban al invicto \u201cEsmeralda Sporting\u201d de la categor\u00eda S\u00faper M\u00e1ster, decidieron retirarse del partido por cobros indebidos, seg\u00fan su criterio, del r\u00e9feri Ricky Zamparelli. Copiamos a la letra la informaci\u00f3n que publica la liga en su p\u00e1gina oficial: El partido de \u201cEsmeralda Sporting\u201d y \u201cF.C. CAPOP\u201d finaliz\u00f3 faltando cuatro minutos para el final y cuando el marcador estaba empatado 1-1, por una confusi\u00f3n en la interpretaci\u00f3n del reglamento por parte de los integrantes de CAPOP en relaci\u00f3n a los cambios. El art\u00edculo 22 del reglamento interno de la liga dice, que los cambios se deben hacer por el centro de la cancha y cuando el reemplazante est\u00e9 fuera del rect\u00e1ngulo de juego, y no ocurri\u00f3 as\u00ed, el jugador ingres\u00f3 cuando el saliente estaba dentro del rect\u00e1ngulo de juego y el arbitro mostr\u00f3 la cartulina amarilla al saliente y no al que ingresaba. El jugador saliente con esta amonestaci\u00f3n acumulaba su segunda tarjeta siendo expulsado, decisi\u00f3n que caus\u00f3 malestar en los integrantes del equipo CAPOP que no quisieron seguir jugando. Sin m\u00e1s comentarios.<\/p>\n<div id=\"attachment_305240\" style=\"width: 184px\" class=\"wp-caption alignleft\"><a href=\"https:\/\/diarioelpopular.com\/wp-content\/uploads\/2012\/02\/FOTO-07-HUMBERTO-SUAZO.jpg\"><img loading=\"lazy\" decoding=\"async\" aria-describedby=\"caption-attachment-305240\" class=\" wp-image-305240 \" title=\"El chileno Humberto Suazo jugador del \u201cMonterrey\u201d fue citado a la selecci\u00f3n de su pa\u00eds\" src=\"https:\/\/diarioelpopular.com\/wp-content\/uploads\/2012\/02\/FOTO-07-HUMBERTO-SUAZO.jpg\" alt=\"\" width=\"174\" height=\"167\" \/><\/a><p id=\"caption-attachment-305240\" class=\"wp-caption-text\">El chileno Humberto Suazo jugador del \u201cMonterrey\u201d fue citado a la selecci\u00f3n de su pa\u00eds<\/p><\/div>\n<p>El delantero <strong>Humberto Suazo<\/strong> agradeci\u00f3 el apoyo que ha recibido del seleccionador chileno, Claudio Borghi, al convocarlo para el partido amistoso con Ghana, el 29 de febrero en Nueva York. &#8220;Dije que Claudio Borghi era como un pap\u00e1 que ten\u00eda en el futbol. Me trat\u00f3 muy bien y en todo momento me dio su apoyo&#8221;, dijo a periodistas el jugador del Monterrey mexicano. Suazo fue sancionado por los directivos de su equipo por presentarse tarde a la pretemporada debido a que negociaba su paso al Boca Juniors argentino. &#8220;En cada partido que juegue con la selecci\u00f3n tratar\u00e9 de dar lo mejor de m\u00ed&#8221;, prometi\u00f3. Para el pr\u00f3ximo partido amistoso de la Roja Borghi convoc\u00f3 a Suazo y al guardameta Miguel Pinto, que milita en el Atlas mexicano.<\/p>\n<div id=\"attachment_305241\" style=\"width: 170px\" class=\"wp-caption alignright\"><a href=\"https:\/\/diarioelpopular.com\/wp-content\/uploads\/2012\/02\/FOTO-8-LEO-LAURITO-JANE-Y-FINCH.jpg\"><img loading=\"lazy\" decoding=\"async\" aria-describedby=\"caption-attachment-305241\" class=\" wp-image-305241 \" title=\"Un importante valor del elenco \u201cJane y Finch\u201d en el torneo de la liga \u201cCentro Sur La original\u201d\" src=\"https:\/\/diarioelpopular.com\/wp-content\/uploads\/2012\/02\/FOTO-8-LEO-LAURITO-JANE-Y-FINCH-229x300.jpg\" alt=\"\" width=\"160\" height=\"210\" \/><\/a><p id=\"caption-attachment-305241\" class=\"wp-caption-text\">Un importante valor del elenco \u201cJane y Finch\u201d en el torneo de la liga \u201cCentro Sur La original\u201d<\/p><\/div>\n<p>\u201c<strong>Jane y Finch<\/strong>\u201d, de la categor\u00eda de Adultos, con su triunfo ante el \u201cCopihues Rojos\u201d en la fecha pasada completo 31 puntos a dos del puntero \u201cArgentina Mza\u201d con doce partidos jugados, diez ganados un empate y uno perdido. Adem\u00e1s se alej\u00f3 por seis puntos de los copihuanos. Integran el equipo los siguientes jugadores: Alex L\u00f3pez, Andy Garc\u00eda, Arturo Alava, Danny Roca, Guillermo D\u00edaz, Josu\u00e9 Jaramillo, Joshua Lemos, Julio Garc\u00eda, Julio Oertel, Leo Laurito, Marcelo Capozzolo, Marcelo Oertel y Matthew O\u2019Connor.<\/p>\n<div id=\"attachment_305246\" style=\"width: 162px\" class=\"wp-caption alignleft\"><a href=\"https:\/\/diarioelpopular.com\/wp-content\/uploads\/2012\/02\/FOTO-9-RIQUELME.jpg\"><img loading=\"lazy\" decoding=\"async\" aria-describedby=\"caption-attachment-305246\" class=\"size-full wp-image-305246\" title=\"Juan Rom\u00e1n Riquelme, jugador temperamental del \u201cBoca Junior\u201d, al que involucran en todos los problemas de la instituci\u00f3n\" src=\"https:\/\/diarioelpopular.com\/wp-content\/uploads\/2012\/02\/FOTO-9-RIQUELME.jpg\" alt=\"\" width=\"152\" height=\"276\" \/><\/a><p id=\"caption-attachment-305246\" class=\"wp-caption-text\">Juan Rom\u00e1n Riquelme, jugador temperamental del \u201cBoca Junior\u201d, al que involucran en todos los problemas de la instituci\u00f3n<\/p><\/div>\n<p>El armador <strong>Juan Rom\u00e1n Riquelme<\/strong> resalt\u00f3 que las autoridades de Boca Juniors lo desligaron del conflicto con el entrenador Julio C\u00e9sar Falcioni, y argument\u00f3 que &#8220;cada vez que hay un problema, hasta si es con el portero del club me quieren meter&#8221;. Hasta el presidente (Daniel Angelici) y el vicepresidente (Juan Carlos Crespi) han dicho que Riquelme no ha tenido nada que ver, pero cada vez que hay un problema, lo quieren meter a Riquelme. El tiempo pone las cosas en su lugar&#8221;, afirm\u00f3 el capit\u00e1n boquense. Asimismo, ratific\u00f3 que vive &#8220;en paz&#8221;, que qued\u00f3 claro que no se meti\u00f3 &#8220;en nada&#8221; y que lo \u00fanico que desea &#8220;es seguir jugando&#8221;. Riquelme habl\u00f3 y en ning\u00fan momento neg\u00f3 haber sostenido una discusi\u00f3n con Falcioni luego del partido contra el Deportivo Zamora en Venezuela, pero cuando se le pregunt\u00f3 al respecto contest\u00f3 terminantemente: &#8220;Lo que pasa en el vestuario son cosas nuestras&#8221;.<\/p>\n<div id=\"attachment_305245\" style=\"width: 250px\" class=\"wp-caption alignright\"><a href=\"https:\/\/diarioelpopular.com\/wp-content\/uploads\/2012\/02\/FOTO-10-F.C.-CAPOP1.jpg\"><img loading=\"lazy\" decoding=\"async\" aria-describedby=\"caption-attachment-305245\" class=\" wp-image-305245 \" title=\"El elenco de \u201cF.C. Capop\u201d que ya no estar\u00e1 en el torneo \u201cTaca Airlines\u201d debido a decisi\u00f3n propia\" src=\"https:\/\/diarioelpopular.com\/wp-content\/uploads\/2012\/02\/FOTO-10-F.C.-CAPOP1-300x287.jpg\" alt=\"\" width=\"240\" height=\"230\" \/><\/a><p id=\"caption-attachment-305245\" class=\"wp-caption-text\">El elenco de \u201cF.C. Capop\u201d que ya no estar\u00e1 en el torneo \u201cTaca Airlines\u201d debido a decisi\u00f3n propia<\/p><\/div>\n<p>Seg\u00fan nuestra opini\u00f3n y varias otras, creemos que la decisi\u00f3n del equipo \u201c<strong>F.C. Capop<\/strong>\u201d, de la categor\u00eda S\u00faper M\u00e1ster, fue apresurada al retirarse del partido y posteriormente del torneo. Este equipo portugu\u00e9s era uno de los que se pensaba pod\u00eda destronar al \u201cEsmeralda Sporting\u201d y estuvo a punto de lograrlo. El \u201cF.C. Capop\u201d qued\u00f3 con 26 puntos pudiendo hacerlo con 29 (de haber ganado) y las distancias se hubiesen acortado. Se piensa que la medida de retirar el equipo por parte de Hudson Ferraz, fue producto del calor de las discusiones por un cobro en el cual el r\u00e9feri solo aplic\u00f3 el reglamento. Una decisi\u00f3n lamentable.<\/p>\n<div id=\"attachment_305249\" style=\"width: 200px\" class=\"wp-caption alignleft\"><a href=\"https:\/\/diarioelpopular.com\/wp-content\/uploads\/2012\/02\/FOTO-11-CARLOS-ZAMBRANO-SELCC-PERU.jpg\"><img loading=\"lazy\" decoding=\"async\" aria-describedby=\"caption-attachment-305249\" class=\" wp-image-305249 \" title=\"Carlos Zambrano, jugador peruano que juega en Alemania, convocado a la selecci\u00f3n de su pa\u00eds\" src=\"https:\/\/diarioelpopular.com\/wp-content\/uploads\/2012\/02\/FOTO-11-CARLOS-ZAMBRANO-SELCC-PERU.jpg\" alt=\"\" width=\"190\" height=\"226\" \/><\/a><p id=\"caption-attachment-305249\" class=\"wp-caption-text\">Carlos Zambrano, jugador peruano que juega en Alemania, convocado a la selecci\u00f3n de su pa\u00eds<\/p><\/div>\n<p><strong>Sergio Markari\u00e1n,<\/strong> director t\u00e9cnico de Per\u00fa, entreg\u00f3 la lista de jugadores del medio local convocados para el amistoso con T\u00fanez del pr\u00f3ximo 29 de febrero. Las novedades son los regresos de John Galliquio, Diego Penny y Hern\u00e1n Rengifo. Para el puesto de arquero, Markari\u00e1n convoc\u00f3 a Salom\u00f3n Libman, Leao Butr\u00f3n de San Mart\u00edn y Diego Penny. En defensa, Orlando Contreras y Roberto Guizasola, Walter Vilchez y Yoshimar Yot\u00fan, John Galliquio y \u00c1lvaro Ampuero, Aldo Corzo y Christian Ramos. Los mediocampistas son: Paolo Hurtado, Edwin Retamozo, Luis Adv\u00edncula y Carlos Lobat\u00f3n, Cristian Cueva, Michael Guevara y Ronald Quinteros y Antonio Gonz\u00e1lez. Los delanteros elegidos fueron Irven \u00c1vila y Hern\u00e1n Rengifo. Esta lista se complementa con los jugadores del extranjero: Ra\u00fal Fern\u00e1ndez (Niza de Francia), Alberto Rodr\u00edguez y Andr\u00e9 Carrillo (Sporting de Lisboa), Carlos Zambrano (St. Pauli alem\u00e1n), Santiago Acasiete (Almeria UD de Espa\u00f1a) y Renzo Revoredo (Olimpia de Paraguay), Luis Ramirez (Corinthians de Brasil), Rinaldo Cruzado (Chievo Verona de Italia), Juan Vargas (Fiorentina), Ra\u00fal Ruid\u00edaz (Universidad de Chile), Jefferson Farf\u00e1n (Schalke 04), Paolo Guerrero (Hamburgo) y Claudio Pizarro (Werder Bremen).<\/p>\n<div id=\"attachment_305253\" style=\"width: 179px\" class=\"wp-caption alignright\"><a href=\"https:\/\/diarioelpopular.com\/wp-content\/uploads\/2012\/02\/FOTO-12-DAVID-PRADO-MIGUEL-GUTIERREZ-SABROCITO.jpg\"><img loading=\"lazy\" decoding=\"async\" aria-describedby=\"caption-attachment-305253\" class=\" wp-image-305253\" title=\"David Prado y Miguel Guti\u00e9rrez, jugadores importantes del elenco de \u201cSabrosito F.C.\u201d en \u201cLa Original\" src=\"https:\/\/diarioelpopular.com\/wp-content\/uploads\/2012\/02\/FOTO-12-DAVID-PRADO-MIGUEL-GUTIERREZ-SABROCITO-211x300.jpg\" alt=\"\" width=\"169\" height=\"240\" \/><\/a><p id=\"caption-attachment-305253\" class=\"wp-caption-text\">David Prado y Miguel Guti\u00e9rrez, jugadores importantes del elenco de \u201cSabrosito F.C.\u201d en \u201cLa Original<\/p><\/div>\n<p>Una dura pelea le dio el elenco de \u201c<strong>Sabrosito<\/strong>\u201d a los punteros e invictos de la categor\u00eda M\u00e1ster \u201cEsmeralda Sporting\u201d lograron un meritorio empate a tres goles. Le ha faltado un poco de suerte a los sabrosones en algunos partidos, de doce enfrentamientos han tenido cinco empates y esos resultados los tienen en la parte de abajo de la tabla de posiciones.<\/p>\n<div id=\"attachment_305254\" style=\"width: 181px\" class=\"wp-caption alignleft\"><a href=\"https:\/\/diarioelpopular.com\/wp-content\/uploads\/2012\/02\/FOTO-13-RAUL-GONZALEZ.jpg\"><img loading=\"lazy\" decoding=\"async\" aria-describedby=\"caption-attachment-305254\" class=\" wp-image-305254 \" title=\"El eterno Ra\u00fal Gonz\u00e1lez, marc\u00f3 el gol 400 de su carrera deportiva\" src=\"https:\/\/diarioelpopular.com\/wp-content\/uploads\/2012\/02\/FOTO-13-RAUL-GONZALEZ-244x300.jpg\" alt=\"\" width=\"171\" height=\"210\" \/><\/a><p id=\"caption-attachment-305254\" class=\"wp-caption-text\">El eterno Ra\u00fal Gonz\u00e1lez, marc\u00f3 el gol 400 de su carrera deportiva<\/p><\/div>\n<p><strong>Ra\u00fal Gonz\u00e1lez,<\/strong> leyenda del f\u00fatbol mundial a sus 34 a\u00f1os de edad, logr\u00f3 el domingo, reci\u00e9n pasado, el tanto n\u00famero 400 de su carrera al marcar el primero de la goleada lograda por su equipo, el Schalke 04, ante el Wolfsburgo (4-0) en la 22\u00aa jornada de la Bundesliga alemana. &#8220;Lo importante para m\u00ed era la victoria de mi equipo, ni siquiera era consciente de que pod\u00eda marcar mi gol 400&#8221;, se\u00f1al\u00f3 con modestia Ra\u00fal, que logr\u00f3 su tanto en el minuto 10, cuando aprovech\u00f3 en el segundo palo un bal\u00f3n peinado por Joel Matip a la salida de un c\u00f3rner. Ra\u00fal marc\u00f3 323 goles con su equipo de casi toda la vida, el Real Madrid, donde jug\u00f3 16 temporadas y es el m\u00e1ximo realizador hist\u00f3rico, por delante del hispano-argentino Alfredo Di St\u00e9fano.<\/p>\n<p>Ra\u00fal Gonz\u00e1lez, el ex internacional espa\u00f1ol comenz\u00f3 su carrera el 29 de octubre de 1994, y abri\u00f3 su cuenta de goles el 5 de noviembre de ese a\u00f1o en una victoria ante el Atl\u00e9tico de Madrid (4-2). Adem\u00e1s, marc\u00f3 44 goles con la selecci\u00f3n espa\u00f1ola, siendo su segundo mejor realizador hist\u00f3rico tras David Villa, y 33 en la temporada y media que lleva en el Schalke 04. Ra\u00fal anot\u00f3 el 1 de diciembre pasado su gol n\u00famero 74 en competiciones europeas, lo que permiti\u00f3 que su club se clasificara para los dieciseisavos de final de la Europa League.<\/p>\n<div id=\"attachment_305257\" style=\"width: 810px\" class=\"wp-caption aligncenter\"><a href=\"https:\/\/diarioelpopular.com\/wp-content\/uploads\/2012\/02\/FOTO-14-SONSONATE.jpg\"><img loading=\"lazy\" decoding=\"async\" aria-describedby=\"caption-attachment-305257\" class=\"size-full wp-image-305257\" title=\"\u201cSonsonate\u201d, escuadra de la Segunda Divisi\u00f3n en el torneo \u201cT\u00edpico Centroamericano\u201d\" src=\"https:\/\/diarioelpopular.com\/wp-content\/uploads\/2012\/02\/FOTO-14-SONSONATE.jpg\" alt=\"\" width=\"800\" height=\"601\" \/><\/a><p id=\"caption-attachment-305257\" class=\"wp-caption-text\">\u201cSonsonate\u201d, escuadra de la Segunda Divisi\u00f3n en el torneo \u201cT\u00edpico Centroamericano\u201d<\/p><\/div>\n<p>La escuadra de \u201c<strong>Sonsonate<\/strong>\u201d en la Segunda Divisi\u00f3n del torneo \u201cT\u00edpico Centroamericano\u201d se ubic\u00f3 en la sexta posici\u00f3n debido a la p\u00e9rdida del enfrentamiento en la fecha pasada con \u201cTejutepeque\u201d por un estrecho marcador de cuatro a cinco. En esta categor\u00eda la diferencia entre los equipos no es muy distante por lo que cualquier escuadra pude subir varios lugares en la siguiente fecha. Un torneo muy apasionante se est\u00e1 jugando en el gimnasio \u201cSt. Basil The Great College\u201d.<\/p>\n<div id=\"attachment_305258\" style=\"width: 220px\" class=\"wp-caption alignright\"><a href=\"https:\/\/diarioelpopular.com\/wp-content\/uploads\/2012\/02\/FOTO-15-CARLOS-TEVEZ.jpg\"><img loading=\"lazy\" decoding=\"async\" aria-describedby=\"caption-attachment-305258\" class=\" wp-image-305258 \" title=\"Carlos Tevez deber\u00e1 pagar multa millonaria por sus indisciplinas\" src=\"https:\/\/diarioelpopular.com\/wp-content\/uploads\/2012\/02\/FOTO-15-CARLOS-TEVEZ-300x287.jpg\" alt=\"\" width=\"210\" height=\"201\" \/><\/a><p id=\"caption-attachment-305258\" class=\"wp-caption-text\">Carlos Tevez deber\u00e1 pagar multa millonaria por sus indisciplinas<\/p><\/div>\n<p>El delantero argentino <strong>Carlos T\u00e9vez,<\/strong> tras su estad\u00eda en Argentina sin autorizaci\u00f3n de su club, el Manchester City de Inglaterra, tendr\u00e1 que pagar una multa de 12 millones de euros (17 millones de d\u00f3lares). \u00a0Seg\u00fan lo publicado por un diario de aqu\u00e9l pa\u00eds, el jugador del City recibir\u00e1 dicha sanci\u00f3n por sus actos de indisciplina, a pesar de haberse reivindicado y ofrecer disculpas p\u00fablicamente, tras su retorno. &#8220;Si me equivoqu\u00e9 o eso piensa la gente, el club o Mancini, pido perd\u00f3n. Estoy dispuesto a volver y jugar con la camiseta del club&#8221; se\u00f1al\u00f3 T\u00e9vez. \u00a0 Algunos jugadores del plantel como el defensa ingl\u00e9s Joleon Lescott y el medio argentino Pablo Zabaleta, le han dado la bienvenida a Carlos T\u00e9vez a trav\u00e9s de las redes sociales.<\/p>\n<div id=\"attachment_305259\" style=\"width: 810px\" class=\"wp-caption aligncenter\"><a href=\"https:\/\/diarioelpopular.com\/wp-content\/uploads\/2012\/02\/FOTO-16-ATLETICO-ARGENTINA-S-MASTER.jpg\"><img loading=\"lazy\" decoding=\"async\" aria-describedby=\"caption-attachment-305259\" class=\"size-full wp-image-305259\" title=\"\u201cAtl\u00e9tico Argentina\u201d elenco de la categor\u00eda S\u00faper M\u00e1ster en la liga \u201cCentro Sur La Original\u201d\" src=\"https:\/\/diarioelpopular.com\/wp-content\/uploads\/2012\/02\/FOTO-16-ATLETICO-ARGENTINA-S-MASTER.jpg\" alt=\"\" width=\"800\" height=\"625\" \/><\/a><p id=\"caption-attachment-305259\" class=\"wp-caption-text\">\u201cAtl\u00e9tico Argentina\u201d elenco de la categor\u00eda S\u00faper M\u00e1ster en la liga \u201cCentro Sur La Original\u201d<\/p><\/div>\n<p>El \u201c<strong>Atl\u00e9tico Argentina<\/strong>\u201d es un equipo fuerte en la categor\u00eda S\u00faper M\u00e1ster, un elenco al cual le ha faltado un poco de tranquilidad, algo de suerte en sus confrontaciones y que todos sus integrantes lleguen a los partidos. Tienen un buen elenco de jugadores trasandinos: Fernando O. Cisteros, Alberto Mercado, Antonio Quiroga, Carlos Casella, Carlos Funes, Daniel D\u00edaz, Daniel Sosa, Emilio Tafran, Javier Olgu\u00edn, Jorge Gonz\u00e1lez, Juan Aguirre, Juan Carlos D\u00edaz, Juan Peralta, Mario Aguirre, Miguel Gallo, Rodolfo D\u00edaz, Rolando Morales y Wilder Guti\u00e9rrez.<\/p>\n<div id=\"attachment_305261\" style=\"width: 250px\" class=\"wp-caption alignleft\"><a href=\"https:\/\/diarioelpopular.com\/wp-content\/uploads\/2012\/02\/FOTO-17-BEBETO.jpg\"><img loading=\"lazy\" decoding=\"async\" aria-describedby=\"caption-attachment-305261\" class=\"size-full wp-image-305261\" title=\"Bebeto, ex seleccionado brasilero, fue invitado a integrar el Comit\u00e9 Organizador del \u201cMundial de Futbol Brasil 2014\u201d\" src=\"https:\/\/diarioelpopular.com\/wp-content\/uploads\/2012\/02\/FOTO-17-BEBETO.jpg\" alt=\"\" width=\"240\" height=\"361\" \/><\/a><p id=\"caption-attachment-305261\" class=\"wp-caption-text\">Bebeto, ex seleccionado brasilero, fue invitado a integrar el Comit\u00e9 Organizador del \u201cMundial de Futbol Brasil 2014\u201d<\/p><\/div>\n<p>El d\u00eda que cumpli\u00f3 los 48 a\u00f1os, <strong>Bebeto<\/strong> se convirti\u00f3 en el tercer miembro del Consejo de Administraci\u00f3n del Comit\u00e9 Organizador Local (COL) de la Copa Mundial de la FIFA Brasil 2014. As\u00ed, uno de los h\u00e9roes de la conquista del cuarto t\u00edtulo mundial brasile\u00f1o en 1994 acompa\u00f1ar\u00e1 al Presidente Ricardo Teixeira y a Ronaldo al frente del COL. \u201cEs como si estuviese marcando el primer gol o siendo convocado por la selecci\u00f3n por primera vez. No voy a escatimar esfuerzos para ayudar a que esta sea la mejor Copa Mundial de la FIFA de todos los tiempos\u201d, se\u00f1al\u00f3 el ex futbolista. \u201cRonaldo y Bebeto hicieron mucho por la selecci\u00f3n brasile\u00f1a dentro de la cancha. Ahora, trabajar\u00e1n juntos fuera para que la Copa Mundial de la FIFA en Brasil sea un \u00e9xito\u201d, afirm\u00f3 el Presidente del COL, Ricardo Teixeira.<\/p>\n<p>Ronaldo gui\u00f3 a Bebeto en una visita por la sede del COL, situada en Barra da Tijuca, en la zona oeste de R\u00edo de Janeiro. \u201cNos esforzaremos al m\u00e1ximo para que este sea uno de los trabajos m\u00e1s bonitos de nuestra carrera. Es un gran refuerzo para nuestro equipo, que ahora tiene un t\u00e1ndem de delanteros\u201d, se congratul\u00f3 Ronaldo. Bebeto observ\u00f3 atentamente las im\u00e1genes de las obras de los estadios, transmitidas en tiempo real a las pantallas de la sala ocupada por ingenieros y arquitectos de la empresa Arena, encargada por el COL de llevar a cabo el seguimiento de los estadios. Adem\u00e1s de comentar con Ronaldo la evoluci\u00f3n de los trabajos, se interes\u00f3 ante los especialistas por el c\u00e9sped que se utilizar\u00e1 en los campos.<\/p>\n<p>El entrenador de la <strong>selecci\u00f3n paraguaya<\/strong> de f\u00fatbol, Francisco Arce, incluy\u00f3\u00a0 al argentino-paraguayo Jonathan Santana en la lista de los 18 convocados para el partido amistoso contra Guatemala, de hoy en Asunci\u00f3n.<\/p>\n<p>La lista de convocados de Paraguay es la siguiente:<\/p>\n<ul>\n<li><strong>Arqueros:<\/strong> Diego Barreto y Joel Silva<\/li>\n<li><strong>Defensores:<\/strong> Tom\u00e1s Bartomeus y Julio Manzur, Pablo Aguilar), Luis Cardozo y Miguel Samudio.<\/li>\n<li><strong>Centrocampistas:<\/strong> Jonathan Santana y V\u00edctor Ayala, Jorge Mendoza Edgardo Orzusa Eric Ramos, Fidencio Oviedo.<\/li>\n<li><strong>Delanteros:<\/strong> Edgar Ben\u00edtez y Santiago Salcedo, Jos\u00e9 Ortigoza, Ariel Bogado y Rodolfo Gamarra.<\/li>\n<\/ul>\n<p>Nos vemos la pr\u00f3xima semana en las notas del futbol hispano.<\/p>\n","protected":false},"excerpt":{"rendered":"<p>Clima incierto, cambiable e imprevisto en nuestra ciudad de Toronto, a veces no sabemos como estar\u00e1 la temperatura a pesar que tenemos confiables informativos del&hellip;<\/p>\n","protected":false},"author":1,"featured_media":305264,"comment_status":"open","ping_status":"open","sticky":false,"template":"","format":"standard","meta":{"footnotes":""},"categories":[28],"tags":[179,657],"class_list":["post-305226","post","type-post","status-publish","format-standard","has-post-thumbnail","hentry","category-deportes","tag-futbol-2","tag-futbol-hispano"],"_links":{"self":[{"href":"https:\/\/diarioelpopular.com\/index.php\/wp-json\/wp\/v2\/posts\/305226","targetHints":{"allow":["GET"]}}],"collection":[{"href":"https:\/\/diarioelpopular.com\/index.php\/wp-json\/wp\/v2\/posts"}],"about":[{"href":"https:\/\/diarioelpopular.com\/index.php\/wp-json\/wp\/v2\/types\/post"}],"author":[{"embeddable":true,"href":"https:\/\/diarioelpopular.com\/index.php\/wp-json\/wp\/v2\/users\/1"}],"replies":[{"embeddable":true,"href":"https:\/\/diarioelpopular.com\/index.php\/wp-json\/wp\/v2\/comments?post=305226"}],"version-history":[{"count":0,"href":"https:\/\/diarioelpopular.com\/index.php\/wp-json\/wp\/v2\/posts\/305226\/revisions"}],"wp:featuredmedia":[{"embeddable":true,"href":"https:\/\/diarioelpopular.com\/index.php\/wp-json\/"}],"wp:attachment":[{"href":"https:\/\/diarioelpopular.com\/index.php\/wp-json\/wp\/v2\/media?parent=305226"}],"wp:term":[{"taxonomy":"category","embeddable":true,"href":"https:\/\/diarioelpopular.com\/index.php\/wp-json\/wp\/v2\/categories?post=305226"},{"taxonomy":"post_tag","embeddable":true,"href":"https:\/\/diarioelpopular.com\/index.php\/wp-json\/wp\/v2\/tags?post=305226"}],"curies":[{"name":"wp","href":"https:\/\/api.w.org\/{rel}","templated":true}]}}