{"id":3073,"date":"2011-06-26T22:04:35","date_gmt":"2011-06-27T02:04:35","guid":{"rendered":"http:\/\/retrolab.ca\/elpopular\/?p=3073"},"modified":"2011-06-26T22:04:35","modified_gmt":"2011-06-27T02:04:35","slug":"vettel-domina-en-valencia-y-alonso-segundo","status":"publish","type":"post","link":"https:\/\/diarioelpopular.com\/index.php\/2011\/06\/26\/vettel-domina-en-valencia-y-alonso-segundo\/","title":{"rendered":"Vettel domina en Valencia, y Alonso, segundo"},"content":{"rendered":"<div id=\"attachment_3074\" style=\"width: 710px\" class=\"wp-caption aligncenter\"><a href=\"http:\/\/retrolab.ca\/elpopular\/wp-content\/uploads\/2011\/06\/vettel.jpg\"><img loading=\"lazy\" decoding=\"async\" aria-describedby=\"caption-attachment-3074\" class=\"size-full wp-image-3074\" title=\"Gran Premio de Europa\" src=\"http:\/\/retrolab.ca\/elpopular\/wp-content\/uploads\/2011\/06\/vettel.jpg\" alt=\"\" width=\"700\" height=\"420\" \/><\/a><p id=\"caption-attachment-3074\" class=\"wp-caption-text\">El piloto alem\u00e1n de Red Bull, Sebastian Vettel, celebra en el podio la victoria conseguida en el Gran Premio de Europa disputado en el circuito urbano de Valencia. Foto: Srdjan Suki \/ EFE<\/p><\/div>\n<p><em>C\u00e9sar Toldr\u00e1. Valencia (Espa\u00f1a).-<\/em> El alem\u00e1n Sebastian\u00a0Vettel\u00a0(Red Bull) se adjudic\u00f3 el Gran Premio de Europa por delante del espa\u00f1ol Fernando Alonso (Ferrari) en una carrera en la que el mexicano Sergio P\u00e9rez tuvo un buen regreso a la pista y estuvo cerca de puntuar, mientras que venezolano Pastor Maldonado se vio condenado por una dif\u00edcil salida.<\/p>\n<p>Con el Red Bull del alem\u00e1n Sebastian\u00a0Vettel\u00a0intratable, Alonso fue uno de las estrellas de la carrera por las calles de las inmediaciones del Puerto de Valencia al protagonizar un intenso duelo con el australiano Mark Webber (Red Bull) por la segunda plaza y por subir por primera vez al podio tras las tres ediciones anteriores que le fueron aciagas.<\/p>\n<p>En la salida, aunque Alonso perdi\u00f3 la cuarta posici\u00f3n desde la que parti\u00f3 en favor de su compa\u00f1ero Felipe Massa, que tambi\u00e9n rebas\u00f3 al brit\u00e1nico Lewis Hamilton (McLaren), el piloto espa\u00f1ol logr\u00f3 rebasar a ambos en la primera curva del trazado y se situ\u00f3 tercero.<\/p>\n<p>A partir de ah\u00ed los dos Red Bull marcaron la pauta y tras ellos el Ferrari del piloto asturiano, que se situ\u00f3 a la estela del australiano de Red Bull hasta hacer en con su segunda posici\u00f3n en una dura pugna.<\/p>\n<p>Mejor le rodaron la cosas al mexicano Sergio P\u00e9rez (Sauber), quien en su regreso a una carrera tras su ausencia en el Canad\u00e1 por su accidente de hace un mes en M\u00f3naco, se qued\u00f3 a las puertas de los puntos -und\u00e9cimo- con un monoplaza al que poco le beneficiaba el trazado urbano de Valencia.<\/p>\n<p>P\u00e9rez, que se mostr\u00f3 decepcionado por su clasificaci\u00f3n del s\u00e1bado, mejor\u00f3 notablemente en carrera y demostr\u00f3 que los problemas de mareos que le impidieron salir a la pista en Montreal est\u00e1n totalmente olvidados.<\/p>\n<p>Aunque &#8216;Checo&#8217; P\u00e9rez asegur\u00f3 que a\u00fan acus\u00f3 en los primeros compases de los entrenamientos del viernes algunos mareos como consecuencia del accidente de Monte Carlo en la carrera de hoy evidenci\u00f3 que ya est\u00e1n superados al resolver la carrera con una buena nota. Parti\u00f3 decimosexto y gan\u00f3 cinco posiciones.<\/p>\n<p>La cruz de la moneda volvi\u00f3 a caer en esta ocasi\u00f3n del lado del venezolano Pastor Maldonado. Tras una mala salida pas\u00f3 del decimoquinto al vig\u00e9simo segundo y ya s\u00f3lo pudo remontar hasta el decimoctavo puesto, con muchos problemas en carrera.<\/p>\n<p>Maldonado no logr\u00f3 revertir la mala suerte que le acompa\u00f1a en su debut en la F\u00f3rmula Uno. Tras los dos abandonos consecutivos en M\u00f3naco y Montreal hoy volvi\u00f3 a vivir una carrera complicada y una salida con problemas condicion\u00f3 una carrera de la que esperaba mucho m\u00e1s.<\/p>\n<p>Los muros de Valencia siempre se le dieron bien al venezolano en otras categor\u00edas del automovilismo, puesto que tanto en categor\u00eda GT como en las GP2 Series subi\u00f3 al podio, incluso en esta \u00faltima logr\u00f3 una victoria.<\/p>\n<p>La cuarta edici\u00f3n de la carrera ya no fue tan exitosa para el brit\u00e1nico Lewis Hamilton, pues aunque acab\u00f3 en la cuarta posici\u00f3n hoy, el piloto de McLaren hab\u00eda ocupado la segunda posici\u00f3n del podio en los tres a\u00f1os anteriores.<\/p>\n<p>Mucho m\u00e1s desafortunada a\u00fan fue la carrera de Michael Schumacher (Mercedes GP). Tras partir desde la octava posici\u00f3n, el siete veces campe\u00f3n del Mundo vio como una colisi\u00f3n le dejaba sin aler\u00f3n a la salida de un cambio de ruedas que le oblig\u00f3 a entrar a la vuelta siguiente, lo que le arruin\u00f3 la carrera. Acab\u00f3 decimos\u00e9ptimo.<\/p>\n<p>Con respecto a anteriores ediciones de la carrera en Valencia, la aplicaci\u00f3n del aler\u00f3n m\u00f3vil y las estrategias con los neum\u00e1ticos ha propiciado que el actual Gran Premio de Europa se haya revitalizado con adelantamientos y una brillantez desconocida hasta ahora.<\/p>\n<p>Adem\u00e1s, en una carrera que por su car\u00e1cter urbano cuenta con muros que los pilotos pasan a poco cent\u00edmetros no se ha producido ni un s\u00f3lo abandono, ni si quiera por aver\u00eda, una circunstancia que no se daba desde el Gran Premio de Italia, en Monza, en 2005.<\/p>\n","protected":false},"excerpt":{"rendered":"<p>El alem\u00e1n Sebastian Vettel (Red Bull) se adjudic\u00f3 el Gran Premio de Europa por delante del espa\u00f1ol Fernando Alonso (Ferrari) en una carrera en la que el mexicano Sergio P\u00e9rez tuvo un buen regreso a la pista y estuvo cerca de puntuar, mientras que venezolano Pastor Maldonado se vio condenado por una dif\u00edcil salida.<\/p>\n","protected":false},"author":1,"featured_media":3074,"comment_status":"closed","ping_status":"open","sticky":false,"template":"","format":"standard","meta":{"footnotes":""},"categories":[28],"tags":[2527,6232,444,6211,6148,1252,5856],"class_list":["post-3073","post","type-post","status-publish","format-standard","has-post-thumbnail","hentry","category-deportes","tag-alonso","tag-automovilismo","tag-espana","tag-formula-1","tag-formula-uno","tag-valencia","tag-vettel"],"_links":{"self":[{"href":"https:\/\/diarioelpopular.com\/index.php\/wp-json\/wp\/v2\/posts\/3073","targetHints":{"allow":["GET"]}}],"collection":[{"href":"https:\/\/diarioelpopular.com\/index.php\/wp-json\/wp\/v2\/posts"}],"about":[{"href":"https:\/\/diarioelpopular.com\/index.php\/wp-json\/wp\/v2\/types\/post"}],"author":[{"embeddable":true,"href":"https:\/\/diarioelpopular.com\/index.php\/wp-json\/wp\/v2\/users\/1"}],"replies":[{"embeddable":true,"href":"https:\/\/diarioelpopular.com\/index.php\/wp-json\/wp\/v2\/comments?post=3073"}],"version-history":[{"count":0,"href":"https:\/\/diarioelpopular.com\/index.php\/wp-json\/wp\/v2\/posts\/3073\/revisions"}],"wp:featuredmedia":[{"embeddable":true,"href":"https:\/\/diarioelpopular.com\/index.php\/wp-json\/"}],"wp:attachment":[{"href":"https:\/\/diarioelpopular.com\/index.php\/wp-json\/wp\/v2\/media?parent=3073"}],"wp:term":[{"taxonomy":"category","embeddable":true,"href":"https:\/\/diarioelpopular.com\/index.php\/wp-json\/wp\/v2\/categories?post=3073"},{"taxonomy":"post_tag","embeddable":true,"href":"https:\/\/diarioelpopular.com\/index.php\/wp-json\/wp\/v2\/tags?post=3073"}],"curies":[{"name":"wp","href":"https:\/\/api.w.org\/{rel}","templated":true}]}}