{"id":307401,"date":"2012-02-22T19:00:32","date_gmt":"2012-02-23T00:00:32","guid":{"rendered":"http:\/\/diarioelpopular.com\/?p=307401"},"modified":"2012-02-22T19:00:32","modified_gmt":"2012-02-23T00:00:32","slug":"strauss-kahn-queda-libre-sin-cargos-pero-volvera-a-declarar","status":"publish","type":"post","link":"https:\/\/diarioelpopular.com\/index.php\/2012\/02\/22\/strauss-kahn-queda-libre-sin-cargos-pero-volvera-a-declarar\/","title":{"rendered":"Strauss-Kahn queda libre sin cargos, pero volver\u00e1 a declarar"},"content":{"rendered":"<div id=\"attachment_307402\" style=\"width: 710px\" class=\"wp-caption aligncenter\"><a href=\"https:\/\/diarioelpopular.com\/wp-content\/uploads\/2012\/02\/STRAUSS-KAHN-LLEGA-A-DECLARAR-BAJO-ARRESTO-SOBRE-UNA-RED-DE-PROSTITUCI\u00d3N.jpg\"><img loading=\"lazy\" decoding=\"async\" aria-describedby=\"caption-attachment-307402\" class=\"size-full wp-image-307402\" title=\"STRAUSS-KAHN LLEGA A DECLARAR BAJO ARRESTO SOBRE UNA RED DE PROSTITUCI\u00d3N\" src=\"https:\/\/diarioelpopular.com\/wp-content\/uploads\/2012\/02\/STRAUSS-KAHN-LLEGA-A-DECLARAR-BAJO-ARRESTO-SOBRE-UNA-RED-DE-PROSTITUCI\u00d3N.jpg\" alt=\"\" width=\"700\" height=\"420\" \/><\/a><p id=\"caption-attachment-307402\" class=\"wp-caption-text\">El exdirector gerente del Fondo Monetario Internacional Dominique Strauss-Kahn llega para declarar bajo arresto por su presunta implicaci\u00f3n en una red de prostituci\u00f3n, a una Gendarmer\u00eda de Lille, en el norte de Francia, el martes 21 de febrero de 2012. Foto: Julien Warnand \/ Efe<\/p><\/div>\n<p><em><strong>Efe. Par\u00eds.-<\/strong><\/em> El exdirector del Fondo Monetario Internacional (FMI) Dominique\u00a0Strauss-Kahn\u00a0qued\u00f3 este mi\u00e9rcoles en libertad tras permanecer detenido dos d\u00edas por su presunta implicaci\u00f3n en una red de proxenetismo, aunque deber\u00e1 volver a comparecer ante el juez en relaci\u00f3n con este caso.<\/p>\n<p>Strauss-Kahn, de 62 a\u00f1os, sali\u00f3 en su propio veh\u00edculo de la Gendarmer\u00eda de Lille, en el norte de Francia, y puso rumbo a Par\u00eds, tras haber pasado una noche en el calabozo.<\/p>\n<p>La abogada del pol\u00edtico socialista, Fr\u00e9d\u00e9rique Baulieu, explic\u00f3 que\u00a0Strauss-Kahn\u00a0respondi\u00f3 &#8220;de forma serena al conjunto de las preguntas que le hicieron los agentes&#8221; y record\u00f3 que fue su cliente quien hab\u00eda pedido ser interrogado.<\/p>\n<p>&#8220;Est\u00e1 muy satisfecho de haber podido explicarse. Ahora el caso est\u00e1 en manos de los jueces instructores&#8221;, indic\u00f3 la letrada, que consider\u00f3 &#8220;una buena cosa&#8221; que no se hayan formulado cargos contra su cliente.<\/p>\n<p>Pero, seg\u00fan fuentes judiciales, el antiguo responsable del FMI tendr\u00e1 que volver a comparecer ante los jueces que instruyen el caso de presunto proxenetismo y desv\u00edo de fondos, que decidir\u00e1n entonces si le procesan.<\/p>\n<p>La p\u00e1gina web del diario &#8220;Le Figaro&#8221; indic\u00f3 que\u00a0Strauss-Kahn\u00a0comparecer\u00e1 ante los jueces el pr\u00f3ximo 28 de marzo, lo que le otorga m\u00e1s de un mes para preparar su defensa.<\/p>\n<p>Strauss-Kahn\u00a0est\u00e1 envuelto en este caso por haber participado en varias correr\u00edas sexuales organizadas por amigos suyos y por dos empresarios del norte de Francia.<\/p>\n<p>Esas fiestas tuvieron lugar en Par\u00eds, Lille, Bruselas y Washington, sede del FMI, escenario de la \u00faltima de ellas un d\u00eda antes de que\u00a0Strauss-Kahn\u00a0fuera arrestado en Nueva York tras la denuncia de violaci\u00f3n presentada por una empleada del hotel Sofitel el 14 de mayo de 2011.<\/p>\n<p>Aquella denuncia, que le hizo pasar por una prisi\u00f3n estadounidense y le mantuvo retenido en aquel pa\u00eds durante meses, motiv\u00f3 su salida de la instituci\u00f3n financiera internacional.<\/p>\n<p>El exministro socialista ha reconocido haber participado en estas fiestas que investiga la Justicia francesa, pero afirma que ignoraba que las mujeres que participaban en ellas fueran prostitutas.<\/p>\n<p>Una versi\u00f3n que corroboran la mayor parte de los testigos interrogados hasta ahora por los investigadores, incluidos los ocho procesados.<\/p>\n<p>Es el caso de los dos empresarios que pagaban las facturas de las fiestas, David Roquet, director de una filial de la constructora Eiffage en el norte de Francia, y Fabrice Paszkowski, responsable de una empresa m\u00e9dica de la misma regi\u00f3n.<\/p>\n<p>Pero el semanario &#8220;Le Point&#8221; publica que los agentes han recolectado el testimonio de varias prostitutas que participaron en los festejos y que dudan que\u00a0Strauss-Kahnignorara el car\u00e1cter profesional de sus prestaciones.<\/p>\n<p>Una de ellas, asegura la revista, declar\u00f3 que el entonces responsable del FMI intervino para que ella obtuviera un visado.<\/p>\n<p>Pero el pol\u00edtico tambi\u00e9n afronta sospechas de desv\u00edo de fondos, porque las fiestas eran pagadas por Roquet y Paszkowski y cargadas a sus respectivas empresas.<\/p>\n<p>Finalmente, el exministro socialista fue interrogado por el papel que jugaron en esas correr\u00edas varios responsables policiales del norte de Francia, lo que puede abrir otra v\u00eda de investigaci\u00f3n.<\/p>\n<p>Adem\u00e1s de responsable del FMI,\u00a0Strauss-Kahn\u00a0era en aquellos momentos el favorito de todos los sondeos para las elecciones presidenciales francesas de 2012.<\/p>\n<p>Su fulgurante carrera pol\u00edtica qued\u00f3 frenada por los esc\u00e1ndalos sexuales en los que se vio envuelto.<\/p>\n<p>El primero de todos, la denuncia en Nueva York, ha sido suspendida en su parte penal, pero se mantiene activa en la civil, lo que puede causar todav\u00eda problemas al exresponsable del FMI.<\/p>\n<p>Aquel caso y la enorme repercusi\u00f3n medi\u00e1tica que tuvo llev\u00f3 a la escritora y periodista francesa Tristane Banon a acudir a la Justicia para denunciar un intento de violaci\u00f3n cometido por\u00a0Strauss-Kahn\u00a0contra ella en 2003.<\/p>\n<p>Despu\u00e9s de que los jueces consideraran prescritos esos hechos y cuando el pol\u00edtico socialista pensaba que hab\u00edan acabado sus problemas con la Justicia surgi\u00f3 esta nueva investigaci\u00f3n que le coloca, de nuevo, en el disparadero.<\/p>\n","protected":false},"excerpt":{"rendered":"<p>El exdirector del Fondo Monetario Internacional (FMI) Dominique Strauss-Kahn qued\u00f3 este mi\u00e9rcoles en libertad tras permanecer detenido dos d\u00edas por su presunta implicaci\u00f3n en una red de proxenetismo, aunque deber\u00e1 volver a comparecer ante el juez en relaci\u00f3n con este caso.<\/p>\n","protected":false},"author":1,"featured_media":307402,"comment_status":"open","ping_status":"open","sticky":false,"template":"","format":"standard","meta":{"footnotes":""},"categories":[24],"tags":[2101,2102,183,140],"class_list":["post-307401","post","type-post","status-publish","format-standard","has-post-thumbnail","hentry","category-mundo","tag-dominique-strauss-kahn","tag-dsk","tag-francia","tag-prostitucion"],"_links":{"self":[{"href":"https:\/\/diarioelpopular.com\/index.php\/wp-json\/wp\/v2\/posts\/307401","targetHints":{"allow":["GET"]}}],"collection":[{"href":"https:\/\/diarioelpopular.com\/index.php\/wp-json\/wp\/v2\/posts"}],"about":[{"href":"https:\/\/diarioelpopular.com\/index.php\/wp-json\/wp\/v2\/types\/post"}],"author":[{"embeddable":true,"href":"https:\/\/diarioelpopular.com\/index.php\/wp-json\/wp\/v2\/users\/1"}],"replies":[{"embeddable":true,"href":"https:\/\/diarioelpopular.com\/index.php\/wp-json\/wp\/v2\/comments?post=307401"}],"version-history":[{"count":0,"href":"https:\/\/diarioelpopular.com\/index.php\/wp-json\/wp\/v2\/posts\/307401\/revisions"}],"wp:featuredmedia":[{"embeddable":true,"href":"https:\/\/diarioelpopular.com\/index.php\/wp-json\/"}],"wp:attachment":[{"href":"https:\/\/diarioelpopular.com\/index.php\/wp-json\/wp\/v2\/media?parent=307401"}],"wp:term":[{"taxonomy":"category","embeddable":true,"href":"https:\/\/diarioelpopular.com\/index.php\/wp-json\/wp\/v2\/categories?post=307401"},{"taxonomy":"post_tag","embeddable":true,"href":"https:\/\/diarioelpopular.com\/index.php\/wp-json\/wp\/v2\/tags?post=307401"}],"curies":[{"name":"wp","href":"https:\/\/api.w.org\/{rel}","templated":true}]}}