{"id":307725,"date":"2012-02-22T19:16:31","date_gmt":"2012-02-23T00:16:31","guid":{"rendered":"http:\/\/diarioelpopular.com\/?p=307725"},"modified":"2012-02-22T19:16:31","modified_gmt":"2012-02-23T00:16:31","slug":"mubarak-rehusa-declarar-en-la-ultima-sesion-del-juicio","status":"publish","type":"post","link":"https:\/\/diarioelpopular.com\/index.php\/2012\/02\/22\/mubarak-rehusa-declarar-en-la-ultima-sesion-del-juicio\/","title":{"rendered":"Mubarak reh\u00fasa declarar en la \u00faltima sesi\u00f3n del juicio"},"content":{"rendered":"<div id=\"attachment_307727\" style=\"width: 710px\" class=\"wp-caption aligncenter\"><a href=\"https:\/\/diarioelpopular.com\/wp-content\/uploads\/2012\/02\/PROTESTAS-CONTRA-MUBARAK-EN-LA-\u00daLTIMA-SESI\u00d3N-DE-SU-JUICIO-ANTES-DE-LA-SENTENCIA.jpg\"><img loading=\"lazy\" decoding=\"async\" aria-describedby=\"caption-attachment-307727\" class=\"size-full wp-image-307727\" title=\"PROTESTAS CONTRA MUBARAK EN LA \u00daLTIMA SESI\u00d3N DE SU JUICIO ANTES DE LA SENTENCIA\" src=\"https:\/\/diarioelpopular.com\/wp-content\/uploads\/2012\/02\/PROTESTAS-CONTRA-MUBARAK-EN-LA-\u00daLTIMA-SESI\u00d3N-DE-SU-JUICIO-ANTES-DE-LA-SENTENCIA.jpg\" alt=\"\" width=\"700\" height=\"420\" \/><\/a><p id=\"caption-attachment-307727\" class=\"wp-caption-text\">Manifestantes egipcios gritan consignas contra el expresidente Hosni Mubarak durante una protesta frente a la academia de polic\u00eda, en la que se celebr\u00f3 la \u00faltima sesi\u00f3n de su juicio, en El Cairo. Foto: Khaled Elfiqi \/ Efe<\/p><\/div>\n<p><em><strong>Mohamed Siali. El Cairo.-<\/strong><\/em> Tras m\u00e1s de seis meses de proceso, la corte que juzga al expresidente egipcio Hosni\u00a0Mubarak\u00a0dej\u00f3 este mi\u00e9rcoles visto para sentencia el juicio por su presunta implicaci\u00f3n en la masacre de manifestantes y en casos de corrupci\u00f3n, y anunci\u00f3 que el fallo se conocer\u00e1 el pr\u00f3ximo 2 de junio.<\/p>\n<p>Mahmud Faruq Hashem, uno de los abogados de la defensa, asegur\u00f3 a Efe que esta fecha es &#8220;adecuada&#8221;, porque el juez Ahmed Refaat, presidente del tribunal, deber\u00e1 revisar m\u00e1s de 40.000 p\u00e1ginas que incluye este proceso, entre los alegatos de la defensa, los de la fiscal\u00eda, los testimonios de los testigos y las diferentes pruebas.<\/p>\n<p>&#8220;Si la corte pronuncia su sentencia con base a la documentaci\u00f3n que acumul\u00f3 durante el juicio, no hay ninguna prueba que implique a los acusados en la matanza de los manifestantes&#8221;, opin\u00f3.<\/p>\n<p>Para Hashem, los documentos del juicio &#8220;solo podr\u00edan condenar a\u00a0Mubarak\u00a0y a sus dos hijos, Alaa y Gamal, por corrupci\u00f3n y enriquecimiento il\u00edcito&#8221;.<\/p>\n<p>Junto a\u00a0Mubarak\u00a0y sus dos hijos, son procesados en este juicio el exministro del Interior Habib al Adli y seis de sus asesores.<\/p>\n<p>El expresidente y sus v\u00e1stagos renunciaron a declarar en la sesi\u00f3n de este mi\u00e9rcoles, pese a que el tribunal les dio la palabra, explic\u00f3 a Efe uno de los abogados de la acusaci\u00f3n, Ozman al Hafnaui.<\/p>\n<p>Mientras, Al Adli defendi\u00f3 durante m\u00e1s de una hora su inocencia y neg\u00f3 que la polic\u00eda disparara contra los manifestantes.<\/p>\n<p>El principal abogado defensor de\u00a0Mubarak, Farid al Dib, argument\u00f3 en su turno que\u00a0Mubarak\u00a0perdi\u00f3 su estatus de &#8220;presidente civil&#8221; en el momento en que sac\u00f3 al ej\u00e9rcito a la calle, el 28 de enero, y puso en duda que el tribunal sea competente para juzgarlo.<\/p>\n<p>La Fiscal\u00eda General pidi\u00f3 el pasado 5 de enero la pena de muerte en la horca para\u00a0Mubarak, quien al inicio del juicio se declar\u00f3 inocente de todos los cargos que se le imputan.<\/p>\n<p>El abogado acusador Al Hafnaui cree que la condena no atender\u00e1 las demandas populares que piden la ejecuci\u00f3n de\u00a0Mubarak.<\/p>\n<p>&#8220;Pienso que el castigo ser\u00e1 de trabajos forzados perpetuos u otras condenas agravadas para satisfacer al pueblo, pero sin que sea la pena de muerte&#8221;, explic\u00f3.<\/p>\n<p>Por el contrario, otro abogado de las v\u00edctimas, Abdul Fatah Hamed, pronostica que el veredicto &#8220;ser\u00e1 justo y complacer\u00e1 a los familiares de los m\u00e1rtires y a todo el pueblo egipcio&#8221;.<\/p>\n<p>A pocos metros de la entrada de la corte, situada en la Academia de la Polic\u00eda en El Cairo, se concentraron una veintena de personas, que levantaron mu\u00f1ecos con una soga en el cuello y repitieron consignas en las que ped\u00edan la ejecuci\u00f3n del expresidente.<\/p>\n<p>Entre los manifestantes, hab\u00eda un ni\u00f1o ense\u00f1ando varias marionetas de color rojo colgados del cuello con un hilo fino y en los que estaban escritos los nombres deMubarak, sus dos hijos Gamal y Alaa, y de los otros exresponsables egipcios procesados con ellos.<\/p>\n<p>&#8220;El pueblo quiere ejecutar al asesino&#8221;, &#8220;muerte, muerte para los que asesinaron a nuestros hermanos&#8221; y &#8220;Mubarak, la horca te est\u00e1 esperando&#8221; eran algunas de las consignas m\u00e1s repetidas por los manifestantes.<\/p>\n<p>Otro de los manifestantes se paseaba vendiendo zapatos con las caras del exmandatario y de sus dos hijos dibujadas en la suela.<\/p>\n<p>&#8220;Vengo aqu\u00ed en cada sesi\u00f3n porque hay una palabra que no solo yo quiero o\u00edr, sino todo el pueblo egipcio, y esa es la ejecuci\u00f3n de los asesinos&#8221;, asegur\u00f3 a Efe una manifestante que se identific\u00f3 como Shadia Bint al Nil.<\/p>\n<p>No muy lejos de esa protesta se concentr\u00f3 otro grupo de gente que ense\u00f1aban fotos de\u00a0Mubarak\u00a0como apoyo al expresidente y para &#8220;defender su inocencia&#8221;.<\/p>\n<p>&#8220;Hemos venido para apoyar al se\u00f1or presidente Hosni\u00a0Mubarak. Nos sentimos tranquilos aqu\u00ed fuera cerca de \u00e9l y no hay ninguna prueba que demuestre que est\u00e1 implicado&#8221;, dijo a Efe Noha Ali, una de los participantes.<\/p>\n<p>Entre los dos grupos y alrededor de la Academia de Polic\u00eda se desplegaron varias brigadas de antidisturbios de la polic\u00eda, adem\u00e1s de una unidad militar de blindados que vigilaba la entrada del tribunal con dos veh\u00edculos de combate.<\/p>\n<p>Mubarak, de 83 a\u00f1os, est\u00e1 ingresado en un centro m\u00e9dico internacional en las afueras de El Cairo, mientras que sus hijos y el resto de los inculpados en este juicio est\u00e1n presos en varias c\u00e1rceles.<\/p>\n","protected":false},"excerpt":{"rendered":"<p>Tras m\u00e1s de seis meses de proceso, la corte que juzga al expresidente egipcio Hosni Mubarak dej\u00f3 este mi\u00e9rcoles visto para sentencia el juicio por su presunta implicaci\u00f3n en la masacre de manifestantes y en casos de corrupci\u00f3n, y anunci\u00f3 que el fallo se conocer\u00e1 el pr\u00f3ximo 2 de junio.<\/p>\n","protected":false},"author":1,"featured_media":307727,"comment_status":"open","ping_status":"open","sticky":false,"template":"","format":"standard","meta":{"footnotes":""},"categories":[24],"tags":[343,344,345],"class_list":["post-307725","post","type-post","status-publish","format-standard","has-post-thumbnail","hentry","category-mundo","tag-egipto","tag-juicio","tag-mubarak"],"_links":{"self":[{"href":"https:\/\/diarioelpopular.com\/index.php\/wp-json\/wp\/v2\/posts\/307725","targetHints":{"allow":["GET"]}}],"collection":[{"href":"https:\/\/diarioelpopular.com\/index.php\/wp-json\/wp\/v2\/posts"}],"about":[{"href":"https:\/\/diarioelpopular.com\/index.php\/wp-json\/wp\/v2\/types\/post"}],"author":[{"embeddable":true,"href":"https:\/\/diarioelpopular.com\/index.php\/wp-json\/wp\/v2\/users\/1"}],"replies":[{"embeddable":true,"href":"https:\/\/diarioelpopular.com\/index.php\/wp-json\/wp\/v2\/comments?post=307725"}],"version-history":[{"count":0,"href":"https:\/\/diarioelpopular.com\/index.php\/wp-json\/wp\/v2\/posts\/307725\/revisions"}],"wp:featuredmedia":[{"embeddable":true,"href":"https:\/\/diarioelpopular.com\/index.php\/wp-json\/"}],"wp:attachment":[{"href":"https:\/\/diarioelpopular.com\/index.php\/wp-json\/wp\/v2\/media?parent=307725"}],"wp:term":[{"taxonomy":"category","embeddable":true,"href":"https:\/\/diarioelpopular.com\/index.php\/wp-json\/wp\/v2\/categories?post=307725"},{"taxonomy":"post_tag","embeddable":true,"href":"https:\/\/diarioelpopular.com\/index.php\/wp-json\/wp\/v2\/tags?post=307725"}],"curies":[{"name":"wp","href":"https:\/\/api.w.org\/{rel}","templated":true}]}}