{"id":308867,"date":"2012-02-22T22:40:27","date_gmt":"2012-02-23T03:40:27","guid":{"rendered":"http:\/\/diarioelpopular.com\/?p=308867"},"modified":"2012-02-22T22:40:27","modified_gmt":"2012-02-23T03:40:27","slug":"los-mayas-celebran-su-ano-nuevo-y-niegan-el-fin-del-mundo","status":"publish","type":"post","link":"https:\/\/diarioelpopular.com\/index.php\/2012\/02\/22\/los-mayas-celebran-su-ano-nuevo-y-niegan-el-fin-del-mundo\/","title":{"rendered":"Los mayas celebran su A\u00f1o Nuevo y niegan &#8216;el fin del mundo&#8217;"},"content":{"rendered":"<div id=\"attachment_308868\" style=\"width: 710px\" class=\"wp-caption aligncenter\"><a href=\"https:\/\/diarioelpopular.com\/wp-content\/uploads\/2012\/02\/INICIA-EL-A\u00d1O-NUEVO-MAYA-1528-ANTESALA-DE-LA-FINALIZACI\u00d3N-DEL-QUINTO-SOL.jpg\"><img loading=\"lazy\" decoding=\"async\" aria-describedby=\"caption-attachment-308868\" class=\"size-full wp-image-308868\" title=\"INICIA EL A\u00d1O NUEVO MAYA 1528, ANTESALA DE LA FINALIZACI\u00d3N DEL &quot;QUINTO SOL&quot;\" src=\"https:\/\/diarioelpopular.com\/wp-content\/uploads\/2012\/02\/INICIA-EL-A\u00d1O-NUEVO-MAYA-1528-ANTESALA-DE-LA-FINALIZACI\u00d3N-DEL-QUINTO-SOL.jpg\" alt=\"\" width=\"700\" height=\"420\" \/><\/a><p id=\"caption-attachment-308868\" class=\"wp-caption-text\">Ind\u00edgenas participan en la celebraci\u00f3n del A\u00f1o Nuevo 1528, Oxlajuj No&#039;j, este mi\u00e9rcoles 22 de febrero de 2012, en el centro arqueol\u00f3gico y ceremonial de Iximch\u00e9, ubicado en Tecpan, a cien kil\u00f3metros al oeste de la capital guatemalteca. Los ind\u00edgenas y el presidente Otto P\u00e9rez Molina, funcionarios, diplom\u00e1ticos y representantes de la comunidad internacional, de Guatemala participaron en la celebraci\u00f3n, antesala de la finalizaci\u00f3n del &quot;quinto sol&quot;, el per\u00edodo de &quot;cuenta larga&quot; del calendario de la cultura maya que concluir\u00e1 el 21 de diciembre cuando se prev\u00e9 el inicio de una nueva era para la humanidad. Foto: Sa\u00fal Martinez \/ Efe<\/p><\/div>\n<p><em><strong>Efe. Guatemala.-<\/strong><\/em> Los ind\u00edgenas de Guatemala celebraron este mi\u00e9rcoles el A\u00f1o Nuevo 1528, Oxlajuj No&#8217;j, antesala de la finalizaci\u00f3n del &#8220;quinto sol&#8221;, el per\u00edodo de &#8220;cuenta larga&#8221; del calendario de la cultura maya que concluir\u00e1 el 21 de diciembre, cuando se prev\u00e9 el inicio de una nueva era para la humanidad.<\/p>\n<p>Sacerdotes, ancianos y gu\u00edas espirituales de las diferentes etnias ind\u00edgenas del pa\u00eds dieron la bienvenida al a\u00f1o de las &#8220;trece sabidur\u00edas&#8221; (Oxlajuj No&#8217;j), el cual marca el inicio de un nuevo per\u00edodo de cosechas agr\u00edcolas, con ceremonias espirituales en diferentes centros sagrados\u00a0mayas\u00a0del pa\u00eds.<\/p>\n<p>La principal celebraci\u00f3n, en la que particip\u00f3 el presidente Otto P\u00e9rez Molina, funcionarios, diplom\u00e1ticos y representantes de la comunidad internacional, tuvo lugar en el centro arqueol\u00f3gico y ceremonial de Iximch\u00e9, ubicado a cien kil\u00f3metros al oeste de la capital guatemalteca.<\/p>\n<p>El inicio del a\u00f1o 1528 se establece por medio del &#8220;calendario Ab&#8221; el cual es considerado uno de los m\u00e1s exactos y sofisticados mecanismos de medici\u00f3n del tiempo que ha conocido la humanidad.<\/p>\n<p>Al igual que el calendario gregoriano contempla un per\u00edodo de 365 d\u00edas, pero con la diferencia de que se divide en 18 meses de 20 d\u00edas cada uno, m\u00e1s un per\u00edodo de 5 d\u00edas denominado &#8220;wayeb&#8221;.<\/p>\n<p>El &#8220;wayeb&#8221;, que comenz\u00f3 el pasado 17 de febrero y concluy\u00f3 hoy, es un per\u00edodo de reflexi\u00f3n y ayuno, en el que los ind\u00edgenas agradecen a la &#8220;madre naturaleza&#8221; por las cosechas agr\u00edcolas, analizan los hechos ocurridos durante al a\u00f1o que termina y piden prosperidad y paz para el futuro.<\/p>\n<p>Durante el acto oficial P\u00e9rez destac\u00f3 como la principal &#8220;riqueza&#8221; de los guatemaltecos la multiculturalidad de este pa\u00eds centroamericano, &#8220;cuna de la cultura maya&#8221; que dej\u00f3 un legado &#8220;de ciencias y exactitud&#8221; a la humanidad, seg\u00fan sus palabras.<\/p>\n<p>El gobernante anunci\u00f3 que los d\u00edas 21 de cada mes, hasta llegar al 21 de diciembre, cuando concluir\u00e1 el &#8220;quinto sol&#8221;, el per\u00edodo de &#8220;cuenta larga&#8221; del calendario maya, se realizar\u00e1n actividades similares en los diferentes centros ceremoniales ind\u00edgenas.<\/p>\n<p>Para ello, dijo el gobernante, una comisi\u00f3n presidencial coordinada por la vicepresidenta Roxana Baldetti e integrada por diferentes instituciones del Estado, se encargar\u00e1 de los preparativos para la celebraci\u00f3n del inicio de &#8220;la nueva era&#8221; anunciada por los\u00a0mayas\u00a0siglos atr\u00e1s.<\/p>\n<p>Esa nueva era ha sido interpretada por algunos como el fin del mundo, lo que ha generado una gran colecci\u00f3n de libros, pel\u00edculas y otros productos, adem\u00e1s de toda clase de teor\u00edas sin ning\u00fan sustento en la verdadera tradici\u00f3n maya.<\/p>\n<p>Seg\u00fan la tradici\u00f3n astron\u00f3mica maya, el 21 de diciembre de 2012, cuando concluye el per\u00edodo de &#8220;cuenta larga&#8221;, finaliza el &#8220;quinto sol&#8221; y da inicio una nueva era para la humanidad.<\/p>\n<p>Las evidencias cient\u00edficas encontradas en estelas, esfinges y c\u00f3dices\u00a0mayas\u00a0se\u00f1alan que el &#8220;quinto sol&#8221; del calendario de &#8220;cuenta larga&#8221; comenz\u00f3 el 13 de agosto del a\u00f1o 3114 antes de Cristo, y concluir\u00e1 el 21 de diciembre de 2012, con la celebraci\u00f3n del 13 B&#8217;aktun.<\/p>\n<p>De acuerdo con el Consejo de Ancianos Gu\u00edas Espirituales\u00a0Mayas\u00a0de Guatemala, cada B&#8217;aktun contiene 400 a\u00f1os que multiplicados por trece dan un total de 5.200 a\u00f1os, &#8220;un per\u00edodo de sol que ha ocurrido otras veces, desde que los antepasados\u00a0mayas\u00a0empezaron a controlar y contar el tiempo&#8221;.<\/p>\n<p>El final del quinto per\u00edodo de sol, que se celebrar\u00e1 el 21 de diciembre de 2012, seg\u00fan el Consejo de Ancianos, ser\u00e1 el inicio de &#8220;un nuevo amanecer&#8221;, una nueva era para la humanidad.<\/p>\n<p>&#8220;Este tiempo sagrado del que estamos siendo testigos es propicio para pedir porque no falten nuestros alimentos. Pedimos que nuestras semillas ancestrales sean resguardadas y sembradas por las nuevas generaciones, pero tambi\u00e9n exigimos la libre determinaci\u00f3n y respeto a los territorios de los pueblos ind\u00edgenas, fundamentales para garantizar la seguridad y soberan\u00eda alimentaria&#8221;, agreg\u00f3 el Consejo de Ancianos por medio de un comunicado.<\/p>\n<p>Adem\u00e1s del calendario de &#8220;cuenta larga&#8221; y del &#8220;calendario Ab&#8221;, de 365 d\u00edas, los\u00a0mayas\u00a0tambi\u00e9n ten\u00edan el &#8220;calendario ritual&#8221; o sagrado, de 260 d\u00edas.<\/p>\n","protected":false},"excerpt":{"rendered":"<p>Los ind\u00edgenas de Guatemala celebraron este mi\u00e9rcoles el A\u00f1o Nuevo 1528, Oxlajuj No&#8217;j, antesala de la finalizaci\u00f3n del &#8220;quinto sol&#8221;, el per\u00edodo de &#8220;cuenta larga&#8221; del calendario de la cultura maya que concluir\u00e1 el 21 de diciembre, cuando se prev\u00e9 el inicio de una nueva era para la humanidad.<\/p>\n","protected":false},"author":1,"featured_media":308868,"comment_status":"open","ping_status":"open","sticky":false,"template":"","format":"standard","meta":{"footnotes":""},"categories":[24],"tags":[31,2113,2114],"class_list":["post-308867","post","type-post","status-publish","format-standard","has-post-thumbnail","hentry","category-mundo","tag-31","tag-fin-del-mundo","tag-mayas"],"_links":{"self":[{"href":"https:\/\/diarioelpopular.com\/index.php\/wp-json\/wp\/v2\/posts\/308867","targetHints":{"allow":["GET"]}}],"collection":[{"href":"https:\/\/diarioelpopular.com\/index.php\/wp-json\/wp\/v2\/posts"}],"about":[{"href":"https:\/\/diarioelpopular.com\/index.php\/wp-json\/wp\/v2\/types\/post"}],"author":[{"embeddable":true,"href":"https:\/\/diarioelpopular.com\/index.php\/wp-json\/wp\/v2\/users\/1"}],"replies":[{"embeddable":true,"href":"https:\/\/diarioelpopular.com\/index.php\/wp-json\/wp\/v2\/comments?post=308867"}],"version-history":[{"count":0,"href":"https:\/\/diarioelpopular.com\/index.php\/wp-json\/wp\/v2\/posts\/308867\/revisions"}],"wp:featuredmedia":[{"embeddable":true,"href":"https:\/\/diarioelpopular.com\/index.php\/wp-json\/"}],"wp:attachment":[{"href":"https:\/\/diarioelpopular.com\/index.php\/wp-json\/wp\/v2\/media?parent=308867"}],"wp:term":[{"taxonomy":"category","embeddable":true,"href":"https:\/\/diarioelpopular.com\/index.php\/wp-json\/wp\/v2\/categories?post=308867"},{"taxonomy":"post_tag","embeddable":true,"href":"https:\/\/diarioelpopular.com\/index.php\/wp-json\/wp\/v2\/tags?post=308867"}],"curies":[{"name":"wp","href":"https:\/\/api.w.org\/{rel}","templated":true}]}}