{"id":315235,"date":"2012-02-23T23:05:21","date_gmt":"2012-02-24T04:05:21","guid":{"rendered":"http:\/\/diarioelpopular.com\/?p=315235"},"modified":"2012-02-23T23:05:21","modified_gmt":"2012-02-24T04:05:21","slug":"el-gobierno-dice-que-el-nuevo-presupuesto-no-sera-draconiano","status":"publish","type":"post","link":"https:\/\/diarioelpopular.com\/index.php\/2012\/02\/23\/el-gobierno-dice-que-el-nuevo-presupuesto-no-sera-draconiano\/","title":{"rendered":"El Gobierno dice que el nuevo presupuesto &#8220;no ser\u00e1 draconiano&#8221;"},"content":{"rendered":"<div id=\"attachment_7232\" style=\"width: 310px\" class=\"wp-caption alignright\"><a href=\"https:\/\/diarioelpopular.com\/wp-content\/uploads\/2011\/08\/Jim-Flaherty.jpg\"><img loading=\"lazy\" decoding=\"async\" aria-describedby=\"caption-attachment-7232\" class=\"size-medium wp-image-7232\" title=\"Jim Flaherty\" src=\"https:\/\/diarioelpopular.com\/wp-content\/uploads\/2011\/08\/Jim-Flaherty-300x180.jpg\" alt=\"\" width=\"300\" height=\"180\" \/><\/a><p id=\"caption-attachment-7232\" class=\"wp-caption-text\">El ministro de Finanzas, Jim Flaherty<\/p><\/div>\n<p><em><strong>El Popular. Ottawa.-<\/strong><\/em> El nuevo presupuesto federal no estar\u00e1 marcado por la austeridad ni ser\u00e1 \u201cdraconiano\u201d, seg\u00fan afirm\u00f3 este jueves el ministro de Finanzas, Jim Flaherty.<\/p>\n<p>\u201cCreo que los canadienses se dan cuenta del contexto en que viven, y de que Canad\u00e1 no se encuentra en una situaci\u00f3n de especial austeridad\u201d, indic\u00f3 el ministro. \u201cNo somos uno de esos pa\u00edses, la mayor\u00eda, de Europa, que han ido acumulando d\u00e9ficit y deuda durante mucho tiempo y que ahora se ven obligados a adoptar medidas dr\u00e1sticas\u201d, a\u00f1adi\u00f3, se\u00f1alando asimismo que \u201cvamos a tener que presentar unos presupuestos moderados, pero no draconianos\u201d.<\/p>\n","protected":false},"excerpt":{"rendered":"<p>El nuevo presupuesto federal no estar\u00e1 marcado por la austeridad ni ser\u00e1 \u201cdraconiano\u201d, seg\u00fan afirm\u00f3 este jueves el ministro de Finanzas, Jim Flaherty.<\/p>\n","protected":false},"author":1,"featured_media":7232,"comment_status":"open","ping_status":"open","sticky":false,"template":"","format":"standard","meta":{"footnotes":""},"categories":[21],"tags":[616,617],"class_list":["post-315235","post","type-post","status-publish","format-standard","has-post-thumbnail","hentry","category-canada","tag-jim-flaherty","tag-presupuesto"],"_links":{"self":[{"href":"https:\/\/diarioelpopular.com\/index.php\/wp-json\/wp\/v2\/posts\/315235","targetHints":{"allow":["GET"]}}],"collection":[{"href":"https:\/\/diarioelpopular.com\/index.php\/wp-json\/wp\/v2\/posts"}],"about":[{"href":"https:\/\/diarioelpopular.com\/index.php\/wp-json\/wp\/v2\/types\/post"}],"author":[{"embeddable":true,"href":"https:\/\/diarioelpopular.com\/index.php\/wp-json\/wp\/v2\/users\/1"}],"replies":[{"embeddable":true,"href":"https:\/\/diarioelpopular.com\/index.php\/wp-json\/wp\/v2\/comments?post=315235"}],"version-history":[{"count":0,"href":"https:\/\/diarioelpopular.com\/index.php\/wp-json\/wp\/v2\/posts\/315235\/revisions"}],"wp:featuredmedia":[{"embeddable":true,"href":"https:\/\/diarioelpopular.com\/index.php\/wp-json\/"}],"wp:attachment":[{"href":"https:\/\/diarioelpopular.com\/index.php\/wp-json\/wp\/v2\/media?parent=315235"}],"wp:term":[{"taxonomy":"category","embeddable":true,"href":"https:\/\/diarioelpopular.com\/index.php\/wp-json\/wp\/v2\/categories?post=315235"},{"taxonomy":"post_tag","embeddable":true,"href":"https:\/\/diarioelpopular.com\/index.php\/wp-json\/wp\/v2\/tags?post=315235"}],"curies":[{"name":"wp","href":"https:\/\/api.w.org\/{rel}","templated":true}]}}