{"id":316693,"date":"2012-02-23T23:40:09","date_gmt":"2012-02-24T04:40:09","guid":{"rendered":"http:\/\/diarioelpopular.com\/?p=316693"},"modified":"2012-02-23T23:40:09","modified_gmt":"2012-02-24T04:40:09","slug":"violencia-policial-contra-una-marcha-de-discapacitados-en-bolivia","status":"publish","type":"post","link":"https:\/\/diarioelpopular.com\/index.php\/2012\/02\/23\/violencia-policial-contra-una-marcha-de-discapacitados-en-bolivia\/","title":{"rendered":"La polic\u00eda reprime una marcha de discapacitados en Bolivia"},"content":{"rendered":"<div id=\"attachment_316694\" style=\"width: 710px\" class=\"wp-caption aligncenter\"><a href=\"https:\/\/diarioelpopular.com\/wp-content\/uploads\/2012\/02\/Violencia-policial-contra-una-marcha-de-discapacitados-en-Bolivia.jpg\"><img loading=\"lazy\" decoding=\"async\" aria-describedby=\"caption-attachment-316694\" class=\"size-full wp-image-316694\" title=\"Violencia policial contra una marcha de discapacitados en Bolivia\" src=\"https:\/\/diarioelpopular.com\/wp-content\/uploads\/2012\/02\/Violencia-policial-contra-una-marcha-de-discapacitados-en-Bolivia.jpg\" alt=\"\" width=\"700\" height=\"420\" \/><\/a><p id=\"caption-attachment-316694\" class=\"wp-caption-text\">Violentos choques entre centenares de discapacitados y sus acompa\u00f1antes con polic\u00edas que les impiden pasar hacia el Palacio de Gobierno. Foto: Mart\u00edn Alipaz \/ Efe<\/p><\/div>\n<div id=\"attachment_316695\" style=\"width: 310px\" class=\"wp-caption alignright\"><a href=\"https:\/\/diarioelpopular.com\/wp-content\/uploads\/2012\/02\/Una-marcha-de-discapacitados-es-reprimida-con-violencia-cerca-del-Palacio-de-Morales.jpg\"><img loading=\"lazy\" decoding=\"async\" aria-describedby=\"caption-attachment-316695\" class=\"size-medium wp-image-316695\" title=\"Una marcha de discapacitados es reprimida con violencia cerca del Palacio de Morales\" src=\"https:\/\/diarioelpopular.com\/wp-content\/uploads\/2012\/02\/Una-marcha-de-discapacitados-es-reprimida-con-violencia-cerca-del-Palacio-de-Morales-300x189.jpg\" alt=\"\" width=\"300\" height=\"189\" \/><\/a><p id=\"caption-attachment-316695\" class=\"wp-caption-text\">Un grupo de discapacitados y sus acompa\u00f1antes tratan de superar una segunda barricada policial durante violentos choques que protagonizan con polic\u00edas que les impiden pasar hacia el Palacio de Gobierno, donde se encontraba el presidente Evo Morales, con quien quer\u00edan entrevistarse para solicitar un subsidio anual de 341 d\u00f3lares. Foto: Efe<\/p><\/div>\n<p><em><strong>Javier Aliaga. La Paz.-<\/strong><\/em> La caravana de discapacitados que lleg\u00f3 este jueves a La Paz tras recorrer\u00a0Bolivia\u00a0en sillas de ruedas o con muletas durante 100 d\u00edas, para pedir al presidente Evo Morales un subsidio, termin\u00f3 con choques violentos cuando la Polic\u00eda reprimi\u00f3 su intento de llegar al Palacio de Gobierno.<\/p>\n<p>Los discapacitados marcharon 1.400 kil\u00f3metros por carreteras de cinco de las nueve regiones del pa\u00eds, para tratar de sensibilizar a Morales, hasta ahora sin \u00e9xito, y pretend\u00edan entrar a la plaza Murillo, donde est\u00e1 el Palacio Quemado, sede de la Presidencia, resguardada por cientos de antidisturbios.<\/p>\n<p>Oficiales de la Polic\u00eda explicaron que la orden del Gobierno era impedir el paso de la marcha hasta la plaza, lo que desat\u00f3 violentos choques que duraron casi dos horas.<\/p>\n<p>Los discapacitados, algunos semidesnudos para mostrar sus lesiones, usaron sus muletas y partes de las sillas de ruedas para enfrentarse a los polic\u00edas, seg\u00fan comprobaron corresponsales de Efe.<\/p>\n<p>Los agentes golpearon a los manifestantes con sus escudos, lanzaron gases lacrim\u00f3genos y usaron descargas el\u00e9ctricas, aplic\u00e1ndolas a los metales de las sillas de ruedas, lo que origin\u00f3 una mayor reacci\u00f3n de los discapacitados y la solidaridad de gente que pasaba por el lugar.<\/p>\n<div id=\"attachment_316697\" style=\"width: 310px\" class=\"wp-caption alignright\"><a href=\"https:\/\/diarioelpopular.com\/wp-content\/uploads\/2012\/02\/Marcha-de-discapacitados-en-La-Paz.jpg\"><img loading=\"lazy\" decoding=\"async\" aria-describedby=\"caption-attachment-316697\" class=\"size-medium wp-image-316697\" title=\"Marcha de discapacitados en La Paz\" src=\"https:\/\/diarioelpopular.com\/wp-content\/uploads\/2012\/02\/Marcha-de-discapacitados-en-La-Paz-300x198.jpg\" alt=\"\" width=\"300\" height=\"198\" \/><\/a><p id=\"caption-attachment-316697\" class=\"wp-caption-text\">La refriega dej\u00f3 heridos en ambos lados, m\u00e1s algunos desmayados por los gases. Foto: Efe<\/p><\/div>\n<p>La refriega dej\u00f3 heridos en ambos lados, m\u00e1s algunos desmayados por los gases, y la polic\u00eda detuvo a cuatro familiares de los manifestantes, que piden un subsidio anual de 431 d\u00f3lares.<\/p>\n<p>En la caravana iban madres que cargaban a sus hijos con par\u00e1lisis cerebral, lisiados en diverso grado y cojos que empujaban sillas de ruedas, carretillas artesanales y diversos veh\u00edculos improvisados para llevar a otros a\u00fan m\u00e1s discapacitados.<\/p>\n<p>El choque tuvo un momento de gran tensi\u00f3n cuando un lisiado trep\u00f3 con dificultad a una camioneta llena de agentes antidisturbios y rompi\u00f3 a pu\u00f1etazos y piedra el parabrisas del veh\u00edculo, a\u00fan en movimiento, hasta hacerlo retroceder.<\/p>\n<p>Otro momento dif\u00edcil se produjo cuando los discapacitados hicieron caer a unos de los antidisturbios en medio de la trifulca y lo golpearon hasta que fue rescatado por agentes de inteligencia.<\/p>\n<p>Un grupo se desnud\u00f3 parcialmente para mostrar sus problemas f\u00edsicos, se baj\u00f3 de las sillas de ruedas y se arrastr\u00f3 hasta donde estaban los polic\u00edas, para intentar as\u00ed vencer la barricada, nuevamente sin \u00e9xito.<\/p>\n<p>El representante del Defensor del Pueblo, Gregorio Lanza, dijo a Efe que fue lamentable la violencia policial contra uno de los grupos m\u00e1s vulnerables de la sociedad, mas a\u00fan cuando se hab\u00eda pedido la instalaci\u00f3n de una mesa de di\u00e1logo con el sector.<\/p>\n<p>&#8220;Estos hechos de violencia lo \u00fanico que hacen es degradar la democracia, porque al final no resuelven los problemas&#8221;, afirm\u00f3 Lanza, y lament\u00f3 que el Gobierno no pueda tender puentes.<\/p>\n<p>Al quedar bloqueados a una calle del Palacio, los discapacitados anunciaron que evitar\u00e1n m\u00e1s choques y har\u00e1n una huelga de hambre.<\/p>\n<p>&#8220;Para evitar m\u00e1s conflictos con los hermanos de la Polic\u00eda, porque ellos tambi\u00e9n son mal pagados y viven de un peque\u00f1o sueldo, hemos apaciguado a nuestra gente, hemos tratado de evitar mayor conflicto&#8221;, dijo un dirigente de la protesta, Camilo Bianchi, desde su silla de ruedas.<\/p>\n<p>&#8220;Pero desde esta tarde, desde antes de los enfrentamientos, hemos entrado en una huelga de hambre absoluta las personas con discapacidad&#8221;, agreg\u00f3, y dijo que quieren reunirse con ministros &#8220;y si es posible con Evo Morales&#8221;.<\/p>\n<p>Varios discapacitados criticaron al mandatario porque en su Palacio recibe a productores de hoja de coca, materia prima de la coca\u00edna, y a otros sectores leales, pero les cierra el paso a ellos.<\/p>\n<p>En sus c\u00e1nticos reclamaban un trato dign\u00f3 y no limosnas, porque, seg\u00fan dijeron, el subsidio para los presos es mayor que el aprobado por Morales para ellos.<\/p>\n<p>Los dirigentes de la movilizaci\u00f3n, entre ellos el diputado de oposici\u00f3n Jaime Estivaris, afirmaron que el subsidio que comenz\u00f3 a pagar el mi\u00e9rcoles el Gobierno, de 143 d\u00f3lares anuales, es insuficiente para las necesidades de los discapacitados graves.<\/p>\n<p>La suma representa una ayuda diaria de apenas 40 centavos de d\u00f3lar, que los dirigentes consideran escasa porque Morales cre\u00f3 en 2008 un fondo para ellos que en este momento deber\u00eda tener 23 millones de d\u00f3lares, pero el Gobierno solo planea darles un 10 %.<\/p>\n<p>Una mujer que camin\u00f3 de la Amazon\u00eda a La Paz, Julia Torrillo, cuyo hijo de 13 a\u00f1os padece par\u00e1lisis cerebral, dijo que solo en medicamentos gasta 600 d\u00f3lares mensuales.<\/p>\n<p>La caravana, que fue respaldada en varias ciudades por vigilias de limitados f\u00edsicos, tuvo dos bajas fatales, la de un ni\u00f1o que muri\u00f3 ahogado durante la marcha y la de un hombre de 55 a\u00f1os que falleci\u00f3 tras dejar una de las protestas.<\/p>\n","protected":false},"excerpt":{"rendered":"<p>La caravana de discapacitados que lleg\u00f3 este jueves a La Paz tras recorrer Bolivia en sillas de ruedas o con muletas durante 100 d\u00edas, para pedir al presidente Evo Morales un subsidio, termin\u00f3 con choques violentos cuando la Polic\u00eda reprimi\u00f3 su intento de llegar al Palacio de Gobierno.<\/p>\n","protected":false},"author":1,"featured_media":316694,"comment_status":"open","ping_status":"open","sticky":false,"template":"","format":"standard","meta":{"footnotes":""},"categories":[23],"tags":[70,2165,2166,1172],"class_list":["post-316693","post","type-post","status-publish","format-standard","has-post-thumbnail","hentry","category-latinoamerica","tag-bolivia","tag-discapacitados","tag-la-paz","tag-marcha"],"_links":{"self":[{"href":"https:\/\/diarioelpopular.com\/index.php\/wp-json\/wp\/v2\/posts\/316693","targetHints":{"allow":["GET"]}}],"collection":[{"href":"https:\/\/diarioelpopular.com\/index.php\/wp-json\/wp\/v2\/posts"}],"about":[{"href":"https:\/\/diarioelpopular.com\/index.php\/wp-json\/wp\/v2\/types\/post"}],"author":[{"embeddable":true,"href":"https:\/\/diarioelpopular.com\/index.php\/wp-json\/wp\/v2\/users\/1"}],"replies":[{"embeddable":true,"href":"https:\/\/diarioelpopular.com\/index.php\/wp-json\/wp\/v2\/comments?post=316693"}],"version-history":[{"count":0,"href":"https:\/\/diarioelpopular.com\/index.php\/wp-json\/wp\/v2\/posts\/316693\/revisions"}],"wp:featuredmedia":[{"embeddable":true,"href":"https:\/\/diarioelpopular.com\/index.php\/wp-json\/"}],"wp:attachment":[{"href":"https:\/\/diarioelpopular.com\/index.php\/wp-json\/wp\/v2\/media?parent=316693"}],"wp:term":[{"taxonomy":"category","embeddable":true,"href":"https:\/\/diarioelpopular.com\/index.php\/wp-json\/wp\/v2\/categories?post=316693"},{"taxonomy":"post_tag","embeddable":true,"href":"https:\/\/diarioelpopular.com\/index.php\/wp-json\/wp\/v2\/tags?post=316693"}],"curies":[{"name":"wp","href":"https:\/\/api.w.org\/{rel}","templated":true}]}}