{"id":3210,"date":"2011-06-26T23:39:41","date_gmt":"2011-06-27T03:39:41","guid":{"rendered":"http:\/\/retrolab.ca\/elpopular\/?p=3210"},"modified":"2011-06-26T23:39:41","modified_gmt":"2011-06-27T03:39:41","slug":"alemania-sufrio-para-vencer-a-canada","status":"publish","type":"post","link":"https:\/\/diarioelpopular.com\/index.php\/2011\/06\/26\/alemania-sufrio-para-vencer-a-canada\/","title":{"rendered":"Alemania sufri\u00f3 para vencer a Canad\u00e1"},"content":{"rendered":"<div id=\"attachment_3211\" style=\"width: 710px\" class=\"wp-caption aligncenter\"><a href=\"http:\/\/retrolab.ca\/elpopular\/wp-content\/uploads\/2011\/06\/alemania.jpg\"><img loading=\"lazy\" decoding=\"async\" aria-describedby=\"caption-attachment-3211\" class=\"size-full wp-image-3211\" title=\"Mundial femenino, Alemania-Canad\u00e1\" src=\"http:\/\/retrolab.ca\/elpopular\/wp-content\/uploads\/2011\/06\/alemania.jpg\" alt=\"\" width=\"700\" height=\"420\" \/><\/a><p id=\"caption-attachment-3211\" class=\"wp-caption-text\">Las jugadoras de la selecci\u00f3n femenina alemana celebran su victoria ante Canad\u00e1, en el Olympiastadion de Berl\u00edn. Foto: Carmen Jaspersen \/ EFE<\/p><\/div>\n<p><em>Efe. Berl\u00edn.<\/em> La selecci\u00f3n alemana femenina de f\u00fatbol inici\u00f3 el camino en busca de su tercer t\u00edtulo\u00a0mundial\u00a0consecutivo con una sufrida victoria (2-1) sobre Canad\u00e1, que no merma, sin embargo, la condici\u00f3n de m\u00e1ximo favorito del conjunto teut\u00f3n en la Copa del Mundo que arranc\u00f3 este domingo en Alemania.<\/p>\n<p>Una cita en la que Francia quiere tener un papel protagonista, como demostr\u00f3 hoy en su estreno, tras imponerse a Nigeria con un solitario gol (1-0) de la delantera Marie-Laure Delie a los once minutos de la segunda parte.<\/p>\n<p>Tanto que permite al conjunto franc\u00e9s igualar a puntos en la primera plaza del grupo A con las anfitrionas, la selecci\u00f3n alemana, que se complic\u00f3 en los minutos finales un encuentro, que parec\u00eda totalmente encarrilado para las germanas a la conclusi\u00f3n del primer tiempo.<\/p>\n<p>Los goles de Kerstin Garefrekes, que firm\u00f3 el 1-0 a los diez minutos, y de Celia Okoyino da Mbabi, que anot\u00f3 el 2-0 a falta de tres minutos para el descanso, parec\u00edan vaticinar una c\u00f3moda victoria de las campeonas del Mundo en los a\u00f1os 2003 y 2007.<\/p>\n<p>Sin embargo, un postrero tanto de la canadiense Christine Sinclair, que puso a los ochenta y dos minutos el 2-1 en un lanzamiento de falta, llev\u00f3 la inquietud a las gradas de un estadio Ol\u00edmpico de Berl\u00edn, donde m\u00e1s de 73.000 espectadores se congregaron para animar a las de Silvia Neid.<\/p>\n<p>Ocho minutos en los que Canad\u00e1 busc\u00f3 con ah\u00ednco la porter\u00eda germana, aunque sin lograr el ansiado gol del empate, que no hubiera hecho justicia con el mayor dominio de las locales, a las que tan s\u00f3lo les falt\u00f3 punter\u00eda para haber logrado un triunfo mayor.<\/p>\n<p>Victoria con la que intentar\u00e1 arrancar ma\u00f1ana su participaci\u00f3n en el\u00a0Mundial\u00a0la selecci\u00f3n mexicana, que se medir\u00e1 con Inglaterra en Wolfsburgo en la primera jornada de un grupo B, que se completar\u00e1 con el duelo entre Jap\u00f3n y Nueva Zelanda.<\/p>\n","protected":false},"excerpt":{"rendered":"<p>La selecci\u00f3n alemana femenina de f\u00fatbol inici\u00f3 el camino en busca de su tercer t\u00edtulo mundial consecutivo con una sufrida victoria (2-1) sobre Canad\u00e1, en la Copa del Mundo que arranc\u00f3 este domingo en Alemania.<\/p>\n","protected":false},"author":1,"featured_media":3211,"comment_status":"closed","ping_status":"open","sticky":false,"template":"","format":"standard","meta":{"footnotes":""},"categories":[28],"tags":[737,77,179,6477],"class_list":["post-3210","post","type-post","status-publish","format-standard","has-post-thumbnail","hentry","category-deportes","tag-alemania","tag-canada-2","tag-futbol-2","tag-mundial-femenino"],"_links":{"self":[{"href":"https:\/\/diarioelpopular.com\/index.php\/wp-json\/wp\/v2\/posts\/3210","targetHints":{"allow":["GET"]}}],"collection":[{"href":"https:\/\/diarioelpopular.com\/index.php\/wp-json\/wp\/v2\/posts"}],"about":[{"href":"https:\/\/diarioelpopular.com\/index.php\/wp-json\/wp\/v2\/types\/post"}],"author":[{"embeddable":true,"href":"https:\/\/diarioelpopular.com\/index.php\/wp-json\/wp\/v2\/users\/1"}],"replies":[{"embeddable":true,"href":"https:\/\/diarioelpopular.com\/index.php\/wp-json\/wp\/v2\/comments?post=3210"}],"version-history":[{"count":0,"href":"https:\/\/diarioelpopular.com\/index.php\/wp-json\/wp\/v2\/posts\/3210\/revisions"}],"wp:featuredmedia":[{"embeddable":true,"href":"https:\/\/diarioelpopular.com\/index.php\/wp-json\/"}],"wp:attachment":[{"href":"https:\/\/diarioelpopular.com\/index.php\/wp-json\/wp\/v2\/media?parent=3210"}],"wp:term":[{"taxonomy":"category","embeddable":true,"href":"https:\/\/diarioelpopular.com\/index.php\/wp-json\/wp\/v2\/categories?post=3210"},{"taxonomy":"post_tag","embeddable":true,"href":"https:\/\/diarioelpopular.com\/index.php\/wp-json\/wp\/v2\/tags?post=3210"}],"curies":[{"name":"wp","href":"https:\/\/api.w.org\/{rel}","templated":true}]}}