{"id":321254,"date":"2012-02-24T10:07:35","date_gmt":"2012-02-24T15:07:35","guid":{"rendered":"http:\/\/diarioelpopular.com\/?p=321254"},"modified":"2012-02-24T10:07:35","modified_gmt":"2012-02-24T15:07:35","slug":"el-invierno-sigue-vivo-fuertes-nevadas-y-lluvia-por-todo-el-pais","status":"publish","type":"post","link":"https:\/\/diarioelpopular.com\/index.php\/2012\/02\/24\/el-invierno-sigue-vivo-fuertes-nevadas-y-lluvia-por-todo-el-pais\/","title":{"rendered":"El invierno sigue vivo: Fuertes nevadas y lluvia en todo el pa\u00eds"},"content":{"rendered":"<div id=\"attachment_321256\" style=\"width: 310px\" class=\"wp-caption alignright\"><a href=\"https:\/\/diarioelpopular.com\/wp-content\/uploads\/2012\/02\/Nieve-por-todo-el-pa\u00eds.jpeg\"><img loading=\"lazy\" decoding=\"async\" aria-describedby=\"caption-attachment-321256\" class=\"size-medium wp-image-321256\" title=\"Nieve por todo el pa\u00eds\" src=\"https:\/\/diarioelpopular.com\/wp-content\/uploads\/2012\/02\/Nieve-por-todo-el-pa\u00eds-300x180.jpg\" alt=\"\" width=\"300\" height=\"180\" \/><\/a><p id=\"caption-attachment-321256\" class=\"wp-caption-text\">Un sistema de bajas presiones que se desplaza hacia el este llevando consigo vientos, nieve y lluvia<\/p><\/div>\n<p><em><strong>El Popular. Redacci\u00f3n.-<\/strong><\/em> Buena parte del pa\u00eds se encuentra este viernes, y seguir\u00e1 a lo largo del fin de semana, bajo t\u00edpicas condiciones invernales, desde la Columbia Brit\u00e1nica hasta las provincias atl\u00e1nticas, pasando por las regiones del centro.<\/p>\n<p>Medio Ambiente de Canad\u00e1 emiti\u00f3 alertas meteorol\u00f3gicas para la Columbia Brit\u00e1nica, Manitoba, el sur y el este de Ontario, partes de Quebec y la costa Este, como consecuencia de un sistema de bajas presiones que se desplaza hacia el este llevando consigo vientos, nieve y lluvia.<\/p>\n<p>En el \u00e1rea metropolitana de Toronto se esperaban hasta 10 cent\u00edmetros de nieve. La nieve estar\u00e1 mezclada con lluvia, que ca\u00eda ya con fuerza sobre la ciudad este viernes por la ma\u00f1ana. Las previsiones meteorol\u00f3gicas se\u00f1alaban que la tormenta empezar\u00eda a calmarse sobre las seis de la tarde. Las autoridades de los aeropuertos de Pearson y Porter avisaron de que es posible que se produzcan retrasos o cancelaciones en los vuelos.<\/p>\n<p>En algunas zonas del oeste de Toronto se cancel\u00f3 este viernes por la ma\u00f1ana el servicio de autobuses escolares, un servicio que estaba totalmente suspendido en la regi\u00f3n de Waterloo.<\/p>\n<p>En la costa Sur de la Columbia Brit\u00e1nica se esperaban tambi\u00e9n intensas lluvias y hasta 15 cent\u00edmetros de nieve, una cantidad que podr\u00eda llegar incluso a los 25 cent\u00edmetros en algunas partes de Quebec.<\/p>\n","protected":false},"excerpt":{"rendered":"<p>Buena parte del pa\u00eds se encuentra este viernes, y seguir\u00e1 a lo largo del fin de semana, bajo t\u00edpicas condiciones invernales, desde la Columbia Brit\u00e1nica hasta las provincias atl\u00e1nticas, pasando por las regiones del centro.<\/p>\n","protected":false},"author":1,"featured_media":321256,"comment_status":"open","ping_status":"open","sticky":false,"template":"","format":"standard","meta":{"footnotes":""},"categories":[21],"tags":[562,2171,1340,2172,2173,329,22,2174],"class_list":["post-321254","post","type-post","status-publish","format-standard","has-post-thumbnail","hentry","category-canada","tag-invierno","tag-lluvia","tag-nieve","tag-rain","tag-snow","tag-tormenta","tag-toronto","tag-winter"],"_links":{"self":[{"href":"https:\/\/diarioelpopular.com\/index.php\/wp-json\/wp\/v2\/posts\/321254","targetHints":{"allow":["GET"]}}],"collection":[{"href":"https:\/\/diarioelpopular.com\/index.php\/wp-json\/wp\/v2\/posts"}],"about":[{"href":"https:\/\/diarioelpopular.com\/index.php\/wp-json\/wp\/v2\/types\/post"}],"author":[{"embeddable":true,"href":"https:\/\/diarioelpopular.com\/index.php\/wp-json\/wp\/v2\/users\/1"}],"replies":[{"embeddable":true,"href":"https:\/\/diarioelpopular.com\/index.php\/wp-json\/wp\/v2\/comments?post=321254"}],"version-history":[{"count":0,"href":"https:\/\/diarioelpopular.com\/index.php\/wp-json\/wp\/v2\/posts\/321254\/revisions"}],"wp:featuredmedia":[{"embeddable":true,"href":"https:\/\/diarioelpopular.com\/index.php\/wp-json\/"}],"wp:attachment":[{"href":"https:\/\/diarioelpopular.com\/index.php\/wp-json\/wp\/v2\/media?parent=321254"}],"wp:term":[{"taxonomy":"category","embeddable":true,"href":"https:\/\/diarioelpopular.com\/index.php\/wp-json\/wp\/v2\/categories?post=321254"},{"taxonomy":"post_tag","embeddable":true,"href":"https:\/\/diarioelpopular.com\/index.php\/wp-json\/wp\/v2\/tags?post=321254"}],"curies":[{"name":"wp","href":"https:\/\/api.w.org\/{rel}","templated":true}]}}