{"id":322562,"date":"2012-02-24T23:57:46","date_gmt":"2012-02-25T04:57:46","guid":{"rendered":"http:\/\/diarioelpopular.com\/?p=322562"},"modified":"2012-02-24T23:57:46","modified_gmt":"2012-02-25T04:57:46","slug":"el-principe-friso-de-holanda-podria-no-despertar-del-coma","status":"publish","type":"post","link":"https:\/\/diarioelpopular.com\/index.php\/2012\/02\/24\/el-principe-friso-de-holanda-podria-no-despertar-del-coma\/","title":{"rendered":"El pr\u00edncipe Friso de Holanda podr\u00eda no despertar del coma"},"content":{"rendered":"<div id=\"attachment_322563\" style=\"width: 710px\" class=\"wp-caption aligncenter\"><a href=\"https:\/\/diarioelpopular.com\/wp-content\/uploads\/2012\/02\/EL-PR\u00cdNCIPE-JUAN-FRISO-DE-HOLANDA.jpg\"><img loading=\"lazy\" decoding=\"async\" aria-describedby=\"caption-attachment-322563\" class=\"size-full wp-image-322563\" title=\"EL PR\u00cdNCIPE JUAN FRISO DE HOLANDA\" src=\"https:\/\/diarioelpopular.com\/wp-content\/uploads\/2012\/02\/EL-PR\u00cdNCIPE-JUAN-FRISO-DE-HOLANDA.jpg\" alt=\"\" width=\"700\" height=\"420\" \/><\/a><p id=\"caption-attachment-322563\" class=\"wp-caption-text\">Fotograf\u00eda de archivo fechada el 19 de febrero de 2011 del pr\u00edncipe Juan Friso, uno de los hijos de la reina Beatriz de Holanda, en la estaci\u00f3n de esqu\u00ed de la localidad austriaca de Lech. Foto: Frank Van Beek \/ Efe<\/p><\/div>\n<p><em><strong>Efe. Viena.-<\/strong><\/em> El pr\u00edncipe holand\u00e9s Juan\u00a0Friso, quien fue sepultado por un alud cuando esquiaba fuera de pista, puede que no despierte nunca del coma en que se encuentra, explicaron este viernes los m\u00e9dicos que le tratan en un hospital de Innsbruck, la capital del tirol austr\u00edaco.<\/p>\n<p>Los 20 minutos que pas\u00f3 sepultado bajo la nieve sin ox\u00edgeno tras la avalancha que le sorprendi\u00f3 la semana pasada en una estaci\u00f3n de esqu\u00ed austr\u00edaca, unido a un periodo de reanimaci\u00f3n cardiaca de 50 minutos, han ocasionado &#8220;da\u00f1os cerebrales graves&#8221; al pr\u00edncipe holand\u00e9s, seg\u00fan dijo el jefe de la Unidad de Cuidados Intensivos (UCI) de traumatolog\u00eda del hospital de Innsbruck, Wolfgang Koller.<\/p>\n<p>&#8220;Est\u00e1 claro que la falta de ox\u00edgeno ha causado un da\u00f1o cerebral grave en el paciente&#8221;, explic\u00f3 Koller, quien agreg\u00f3 que &#8220;en este momento, no se puede predecir si alguna vez recuperar\u00e1 la consciencia&#8221;.<\/p>\n<p>Un per\u00edodo de reanimaci\u00f3n de 50 minutos es &#8220;muy, muy largo, uno podr\u00eda incluso decir demasiado largo&#8221;, asever\u00f3 Koller.<\/p>\n<p>&#8220;Ten\u00edamos la esperanza de que las bajas temperaturas hubieran protegido hasta cierto punto el cerebro. Pero esta esperanza no se ha cumplido&#8221;, sostuvo el facultativo en una comparecencia de ocho minutos ante la prensa en la que no acept\u00f3 preguntas.<\/p>\n<p>El m\u00e9dico explic\u00f3 que no fue hasta ayer, jueves, cuando se pudo hacer una tomograf\u00eda sin poner en peligro la vida del paciente de 43 a\u00f1os.<\/p>\n<p>El diagn\u00f3stico presentado hoy se basa en esa tomograf\u00eda y en otras pruebas neurol\u00f3gicas, agreg\u00f3 Koller.<\/p>\n<p>Incluso en caso de recuperar la consciencia, una rehabilitaci\u00f3n del pr\u00edncipe &#8220;durar\u00eda meses, si no a\u00f1os&#8221;, dijo el m\u00e9dico, y agreg\u00f3 que la familia real holandesa deber\u00e1 buscar una instituci\u00f3n adecuada para atender a su familiar.<\/p>\n<p>El accidente se produjo el pasado viernes cuando Juan\u00a0Friso, el segundo hijo de la reina Beatriz de Holanda, y un acompa\u00f1ante esquiaban fuera de pista en la estaci\u00f3n de la localidad austr\u00edaca de Lech, en una zona donde se hab\u00eda avisado de un alto riesgo de avalanchas.<\/p>\n<p>El acompa\u00f1ante, un empresario hotelero austr\u00edaco, al que le une una gran amistad con el pr\u00edncipe, pudo salvarse de la avalancha al activar un &#8220;airbag&#8221; especial contra aludes.<\/p>\n<p>Un dispositivo de localizaci\u00f3n por sat\u00e9lite que llevaban los accidentados permiti\u00f3 a los equipos de rescate encontrarlos con rapidez y trasladarlos en helic\u00f3ptero al hospital.<\/p>\n<p>Parte de la familia real holandesa, incluidas la reina Beatriz y la esposa del pr\u00edncipe, Mabel Wisse Smit, se han trasladado a Innsbruck para acompa\u00f1ar al pr\u00edncipe en el hospital.<\/p>\n<p>Desde hace m\u00e1s de 40 a\u00f1os, la reina Beatriz y su familia pasan sus vacaciones de invierno en Lech, una de las estaciones de esqu\u00ed m\u00e1s exclusivas de Austria.<\/p>\n<p>Las autoridades austr\u00edacas han abierto una investigaci\u00f3n y han interrogado al acompa\u00f1ante, para esclarecer las causas del accidente.<\/p>\n<p>Amante del golf y el buceo, el pr\u00edncipe\u00a0Friso\u00a0renunci\u00f3 por amor a sus derechos din\u00e1sticos cuando el Gobierno decidi\u00f3 no aprobar en el Parlamento la autorizaci\u00f3n del matrimonio con su prometida, Mabel Wisse Smit, con la que se cas\u00f3 en 2004.<\/p>\n<p>La raz\u00f3n era que Mabel Wisse Smit hab\u00eda conocido en el pasado a Klaas Bruinsma, un presunto traficante de droga muy conocido en el pa\u00eds, que muri\u00f3 asesinado a las puertas de un hotel de Amsterdam en 1991, una informaci\u00f3n que la pareja ocult\u00f3 durante su noviazgo.<\/p>\n<p>Por ello, Juan\u00a0Friso\u00a0de Orange-Nassau, conocido popularmente en Holanda simplemente como &#8220;Friso&#8221;, forma parte de la familia pero no de la Casa Real holandesa.<\/p>\n<p>La pareja vive y trabaja desde 2006 en Londres, donde han nacido sus dos hijas, Emma Luana y Joanna Zaria, de 6 y 5 a\u00f1os, respectivamente.<\/p>\n","protected":false},"excerpt":{"rendered":"<p>El pr\u00edncipe holand\u00e9s Juan Friso, quien fue sepultado por un alud cuando esquiaba fuera de pista, puede que no despierte nunca del coma en que se encuentra, explicaron este viernes los m\u00e9dicos que le tratan en un hospital de Innsbruck, la capital del tirol austr\u00edaco.<\/p>\n","protected":false},"author":1,"featured_media":322563,"comment_status":"open","ping_status":"open","sticky":false,"template":"","format":"standard","meta":{"footnotes":""},"categories":[24],"tags":[431,1924,1925,1926],"class_list":["post-322562","post","type-post","status-publish","format-standard","has-post-thumbnail","hentry","category-mundo","tag-coma","tag-friso","tag-holanda","tag-principe"],"_links":{"self":[{"href":"https:\/\/diarioelpopular.com\/index.php\/wp-json\/wp\/v2\/posts\/322562","targetHints":{"allow":["GET"]}}],"collection":[{"href":"https:\/\/diarioelpopular.com\/index.php\/wp-json\/wp\/v2\/posts"}],"about":[{"href":"https:\/\/diarioelpopular.com\/index.php\/wp-json\/wp\/v2\/types\/post"}],"author":[{"embeddable":true,"href":"https:\/\/diarioelpopular.com\/index.php\/wp-json\/wp\/v2\/users\/1"}],"replies":[{"embeddable":true,"href":"https:\/\/diarioelpopular.com\/index.php\/wp-json\/wp\/v2\/comments?post=322562"}],"version-history":[{"count":0,"href":"https:\/\/diarioelpopular.com\/index.php\/wp-json\/wp\/v2\/posts\/322562\/revisions"}],"wp:featuredmedia":[{"embeddable":true,"href":"https:\/\/diarioelpopular.com\/index.php\/wp-json\/"}],"wp:attachment":[{"href":"https:\/\/diarioelpopular.com\/index.php\/wp-json\/wp\/v2\/media?parent=322562"}],"wp:term":[{"taxonomy":"category","embeddable":true,"href":"https:\/\/diarioelpopular.com\/index.php\/wp-json\/wp\/v2\/categories?post=322562"},{"taxonomy":"post_tag","embeddable":true,"href":"https:\/\/diarioelpopular.com\/index.php\/wp-json\/wp\/v2\/tags?post=322562"}],"curies":[{"name":"wp","href":"https:\/\/api.w.org\/{rel}","templated":true}]}}