{"id":323053,"date":"2012-02-25T20:42:02","date_gmt":"2012-02-26T01:42:02","guid":{"rendered":"http:\/\/diarioelpopular.com\/?p=323053"},"modified":"2012-02-25T20:42:02","modified_gmt":"2012-02-26T01:42:02","slug":"matan-a-dos-oficiales-en-kabul-y-la-otan-retira-a-su-personal","status":"publish","type":"post","link":"https:\/\/diarioelpopular.com\/index.php\/2012\/02\/25\/matan-a-dos-oficiales-en-kabul-y-la-otan-retira-a-su-personal\/","title":{"rendered":"Matan a dos oficiales en Kabul y la OTAN retira a su personal"},"content":{"rendered":"<div id=\"attachment_323054\" style=\"width: 710px\" class=\"wp-caption aligncenter\"><a href=\"https:\/\/diarioelpopular.com\/wp-content\/uploads\/2012\/02\/PROTESTAS-POR-LA-QUEMA-DE-CORANES.jpg\"><img loading=\"lazy\" decoding=\"async\" aria-describedby=\"caption-attachment-323054\" class=\"size-full wp-image-323054\" title=\"PROTESTAS POR LA QUEMA DE CORANES\" src=\"https:\/\/diarioelpopular.com\/wp-content\/uploads\/2012\/02\/PROTESTAS-POR-LA-QUEMA-DE-CORANES.jpg\" alt=\"\" width=\"700\" height=\"420\" \/><\/a><p id=\"caption-attachment-323054\" class=\"wp-caption-text\">Afganos gritan consignas en Kunduz (Afganist\u00e1n), este s\u00e1bado, 25 de febrero de 2012, durante un protesta contra la quema de libros del cor\u00e1n por parte soldados estadounidenses en una base de la OTAN en Afganist\u00e1n. Foto: Naqeeb Ahmed \/ Efe<\/p><\/div>\n<p><em><strong>Efe. Kabul.-<\/strong><\/em> Dos militares estadounidenses murieron este s\u00e1bado tiroteados por un supuesto talib\u00e1n dentro de la sede del Ministerio afgano del Interior, en una nueva jornada de violencia y protestas por la quema de ejemplares del Cor\u00e1n en la base de Bagram, la mayor de las utilizadas por EE UU en Afganist\u00e1n.<\/p>\n<p>Tras horas de especulaciones, el jefe de la misi\u00f3n de la OTAN en Afganist\u00e1n, John Allen, reconoci\u00f3 que se hab\u00eda visto obligado a replegar a ra\u00edz del hecho, &#8220;por razones obvias de protecci\u00f3n&#8221;, a todo su personal presente en Ministerios de Kabul.<\/p>\n<p>&#8220;Estamos investigando el crimen y seguiremos todas las pistas para encontrar a la persona responsable. El agresor es un cobarde y sus acciones no quedar\u00e1n sin respuesta&#8221;, afirm\u00f3 Allen en un comunicado de prensa.<\/p>\n<p>La misi\u00f3n de la OTAN en Afganist\u00e1n (ISAF) emiti\u00f3 un escueto comunicado previo en el que hab\u00eda reconocido que un &#8220;individuo dirigi\u00f3 su arma&#8221; contra miembros de la Alianza en Kabul, y que &#8220;mat\u00f3 a dos de ellos&#8221;.<\/p>\n<p>Medios locales afirmaron que los dos fallecidos son un mayor y un coronel del Ej\u00e9rcito de Estados Unidos, y tambi\u00e9n que en alg\u00fan momento se produjo una &#8220;discusi\u00f3n verbal&#8221; entre las v\u00edctimas y el agresor, aunque no llegaron a identificar sus fuentes.<\/p>\n<p>&#8220;La identidad del agresor todav\u00eda no est\u00e1 clara&#8221;, asegur\u00f3 a Efe el jefe de la brigada criminal de Kabul, Mohamed Zahir.<\/p>\n<p>Del ataque se responsabilizaron, sin embargo, horas despu\u00e9s los talibanes, que lo atribuyeron en un comunicado a un terrorista suicida llamado Abdul Rahman y dijeron haber matado a &#8220;cuatro altos consejeros estadounidenses&#8221; dentro del Ministerio.<\/p>\n<p>&#8220;Esto ha sido una venganza contra la quema del Cor\u00e1n por parte de los invasores en la base militar de Bagram&#8221;, afirmaron en su nota los talibanes.<\/p>\n<p>Las fuerzas de la OTAN procedieron a rodear por la tarde las instalaciones del Ministerio del Interior y no permit\u00edan el paso de personas, inform\u00f3 el canal televisivo privado Tolo News.<\/p>\n<p>Afganist\u00e1n lleva cinco d\u00edas sumido en una violenta ola de agitaci\u00f3n civil que se ha cobrado la vida de al menos 27 personas, despu\u00e9s de que se conociera p\u00fablicamente que varios coranes fueron quemados en la mayor base estadounidense del pa\u00eds, Bagram.<\/p>\n<p>La misi\u00f3n de la OTAN ha calificado esa profanaci\u00f3n como no intencionada, ha pedido disculpas -como tambi\u00e9n lo ha hecho el presidente estadounidense, Barack Obama-, y ha iniciado una investigaci\u00f3n conjunta con el Gobierno afgano sobre lo sucedido.<\/p>\n<p>Sin embargo, por el momento las llamadas a la calma no han surtido efecto y hoy se convocaron por quinto d\u00eda consecutivo manifestaciones -aunque no todas violentas- en las regiones de Sar-e-Pul, Paktia, Logar, Paktika, Nangarhar, Laghman y Kunduz.<\/p>\n<p>En Laghman salieron a la calle unos 1.000 manifestantes que se enfrentaron a la Polic\u00eda, en unos disturbios que dejaron diecis\u00e9is heridos -dos de ellos, en estado cr\u00edtico-, dijo a Efe el portavoz del Gobierno regional, Zargul Persarlai.<\/p>\n<p>Pero los sucesos m\u00e1s graves tuvieron lugar en Kunduz, provincia situada en el norte del pa\u00eds, donde cientos de manifestantes fueron reprimidos violentamente cuando trataban de asaltar el cuartel de la Polic\u00eda y unas oficinas de la ONU en la capital provincial.<\/p>\n<p>El subjefe de la Polic\u00eda de Kunduz, Ghulam Muhammad Farhad, confirm\u00f3 a Efe que en los disturbios murieron dos manifestantes y que nueve personas m\u00e1s -entre ellas tres polic\u00edas- resultaron heridas.<\/p>\n<p>En un comunicado, la misi\u00f3n de la ONU en Kabul afirm\u00f3 que todo su personal se encuentra bien, y tras lamentar las v\u00edctimas -heridos y muertos- de los dos bandos, pidi\u00f3 el fin de la violencia y record\u00f3 su &#8220;profundo respeto&#8221; por los s\u00edmbolos del islam.<\/p>\n<p>M\u00e1s tarde, otra fuente policial provincial dijo haber recibido \u00f3rdenes de Interior para no proporcionar m\u00e1s cifras de v\u00edctimas en las protestas, que se han extendido por gran parte del pa\u00eds con convocatorias que van desde cientos a miles de personas.<\/p>\n<p>Adem\u00e1s, el escenario se ha visto complicado con la irrupci\u00f3n en la crisis de los talibanes, que hace unos d\u00edas emitieron un comunicado en el que ped\u00edan a los soldados y polic\u00edas afganos que atacaran con sus armas a los fuerzas internacionales.<\/p>\n<p>Entre las v\u00edctimas mortales de estos d\u00edas hay de hecho dos militares de la misi\u00f3n de la OTAN que fueron tiroteados por un soldado afgano en la provincia oriental de Nangarhar en el transcurso de una de las manifestaciones.<\/p>\n<p>A \u00faltima hora de la tarde y pese a la reivindicaci\u00f3n de los talibanes, la OTAN no hab\u00eda confirmado todav\u00eda si la causa del tiroteo en el Ministerio de Interior guarda relaci\u00f3n con la pol\u00e9mica de la quema del Cor\u00e1n.<\/p>\n","protected":false},"excerpt":{"rendered":"<p>Efe. Kabul.- Dos militares estadounidenses murieron este s\u00e1bado tiroteados por un supuesto talib\u00e1n dentro de la sede del Ministerio afgano del Interior, en una nueva&hellip;<\/p>\n","protected":false},"author":1,"featured_media":323054,"comment_status":"open","ping_status":"open","sticky":false,"template":"","format":"standard","meta":{"footnotes":""},"categories":[24],"tags":[709,2186,120,1363,2187],"class_list":["post-323053","post","type-post","status-publish","format-standard","has-post-thumbnail","hentry","category-mundo","tag-afganistan","tag-coran","tag-estados-unidos","tag-otan","tag-quema-del-coran"],"_links":{"self":[{"href":"https:\/\/diarioelpopular.com\/index.php\/wp-json\/wp\/v2\/posts\/323053","targetHints":{"allow":["GET"]}}],"collection":[{"href":"https:\/\/diarioelpopular.com\/index.php\/wp-json\/wp\/v2\/posts"}],"about":[{"href":"https:\/\/diarioelpopular.com\/index.php\/wp-json\/wp\/v2\/types\/post"}],"author":[{"embeddable":true,"href":"https:\/\/diarioelpopular.com\/index.php\/wp-json\/wp\/v2\/users\/1"}],"replies":[{"embeddable":true,"href":"https:\/\/diarioelpopular.com\/index.php\/wp-json\/wp\/v2\/comments?post=323053"}],"version-history":[{"count":0,"href":"https:\/\/diarioelpopular.com\/index.php\/wp-json\/wp\/v2\/posts\/323053\/revisions"}],"wp:featuredmedia":[{"embeddable":true,"href":"https:\/\/diarioelpopular.com\/index.php\/wp-json\/"}],"wp:attachment":[{"href":"https:\/\/diarioelpopular.com\/index.php\/wp-json\/wp\/v2\/media?parent=323053"}],"wp:term":[{"taxonomy":"category","embeddable":true,"href":"https:\/\/diarioelpopular.com\/index.php\/wp-json\/wp\/v2\/categories?post=323053"},{"taxonomy":"post_tag","embeddable":true,"href":"https:\/\/diarioelpopular.com\/index.php\/wp-json\/wp\/v2\/tags?post=323053"}],"curies":[{"name":"wp","href":"https:\/\/api.w.org\/{rel}","templated":true}]}}