{"id":330118,"date":"2012-02-27T22:32:12","date_gmt":"2012-02-28T03:32:12","guid":{"rendered":"http:\/\/diarioelpopular.com\/?p=330118"},"modified":"2012-02-27T22:32:12","modified_gmt":"2012-02-28T03:32:12","slug":"otro-barco-de-costa-cruceros-a-la-deriva-por-un-incendio","status":"publish","type":"post","link":"https:\/\/diarioelpopular.com\/index.php\/2012\/02\/27\/otro-barco-de-costa-cruceros-a-la-deriva-por-un-incendio\/","title":{"rendered":"Otro barco de Costa Cruceros, a la deriva por un incendio"},"content":{"rendered":"<div id=\"attachment_330119\" style=\"width: 710px\" class=\"wp-caption aligncenter\"><a href=\"https:\/\/diarioelpopular.com\/wp-content\/uploads\/2012\/02\/Costa-Allegra-Costa-Cruceros.jpg\"><img loading=\"lazy\" decoding=\"async\" aria-describedby=\"caption-attachment-330119\" class=\"size-full wp-image-330119\" title=\"Costa Allegra, Costa Cruceros\" src=\"https:\/\/diarioelpopular.com\/wp-content\/uploads\/2012\/02\/Costa-Allegra-Costa-Cruceros.jpg\" alt=\"\" width=\"700\" height=\"420\" \/><\/a><p id=\"caption-attachment-330119\" class=\"wp-caption-text\">El crucero &quot;Costa Allegra&quot;, de la compa\u00f1\u00eda Costa Cruceros, en una imagen de archivo<\/p><\/div>\n<p><em><strong>Efe. Roma.-<\/strong><\/em> La nave &#8220;Costa\u00a0Allegra&#8221;, de la compa\u00f1\u00eda\u00a0Costa\u00a0Cruceros, se encontraba este lunes a la deriva a m\u00e1s de 200 millas al suroeste de las islas Seychelles, en el Oc\u00e9ano \u00cdndico, despu\u00e9s de declararse un incendio en la popa, en la sala de generadores el\u00e9ctricos.<\/p>\n<p>Seg\u00fan inform\u00f3 en un comunicado la naviera, el incendio, que no se extendi\u00f3 a ninguna otra zona del barco, se declar\u00f3 en torno a las 09.39 GMT y fue inmediatamente extinguido.<\/p>\n<p>&#8220;Los procedimientos y el sistema antiincendios de a bordo se han activado y los equipos especiales antiincendios de a bordo han intervenido&#8221;, afirm\u00f3 Costa\u00a0Cruceros\u00a0en un comunicado divulgado en Italia.<\/p>\n<p>&#8220;Como medida de precauci\u00f3n, se ha dado la alarma de emergencia general a bordo. Todos los pasajeros y los miembros de la tripulaci\u00f3n que no trabajaban en la gesti\u00f3n de la emergencia se han dirigido al punto de encuentro con las dotaciones de seguridad necesarias&#8221;, prosigui\u00f3.<\/p>\n<p>La naviera explic\u00f3 que se estaba verificando el estado de la sala de m\u00e1quinas para saber si se pueden volver a poner en movimiento los instrumentos necesarios para &#8220;reactivar la funcionalidad de la nave&#8221;, desde la que se ha lanzado la &#8220;se\u00f1al de socorro&#8221;.<\/p>\n<p>Al lugar se hab\u00edan dirigido remolcadores y otros medios para ofrecer apoyo al barco, en el que viajan 636 pasajeros de distintas nacionales y 413 tripulantes, y que parti\u00f3 el pasado s\u00e1bado del norte de Madagascar y se dirig\u00eda al puerto de Victoria, en las Seychelles, donde pretend\u00eda arribar ma\u00f1ana.<\/p>\n<p>Seg\u00fan inform\u00f3 en un comunicado la Guardia Costera italiana, que segu\u00eda el desarrollo del suceso, el crucero, con ocho puentes y 399 camarotes, se encontraba sin propulsi\u00f3n, pero con los medios de comunicaci\u00f3n funcionando.<\/p>\n<p>Las mismas fuentes explicaron que todos los ocupantes del &#8220;Costa\u00a0Allegra&#8221; se encuentran en &#8220;buen estado de salud&#8221; y a\u00f1adieron que ya se hab\u00eda dado aviso a las autoridades de las Seychelles, desde donde parti\u00f3 una lancha motora, un avi\u00f3n y dos remolcadores.<\/p>\n<p>Este suceso se produce un mes y medio despu\u00e9s del <a href=\"https:\/\/diarioelpopular.com\/tag\/costa-concordia\/\">naufragio del &#8220;Costa\u00a0Concordia&#8221;<\/a>, tambi\u00e9n propiedad de\u00a0Costa\u00a0Cruceros, acaecido frente a las costas de la isla italiana de Giglio y que dej\u00f3 un balance de 25 muertos y 7 desaparecidos.<\/p>\n","protected":false},"excerpt":{"rendered":"<p>La nave &#8220;Costa Allegra&#8221;, de la compa\u00f1\u00eda Costa Cruceros (la misma del &#8220;Costa Concordia&#8221;), se encontraba este lunes a la deriva a m\u00e1s de 200 millas al suroeste de las islas Seychelles, en el Oc\u00e9ano \u00cdndico, despu\u00e9s de declararse un incendio en la popa, en la sala de generadores el\u00e9ctricos.<\/p>\n","protected":false},"author":1,"featured_media":330119,"comment_status":"open","ping_status":"open","sticky":false,"template":"","format":"standard","meta":{"footnotes":""},"categories":[24],"tags":[877,2248,821,1108,822,2249],"class_list":["post-330118","post","type-post","status-publish","format-standard","has-post-thumbnail","hentry","category-mundo","tag-barco","tag-costa-allegra","tag-costa-concordia","tag-costa-cruceros","tag-crucero","tag-deriva"],"_links":{"self":[{"href":"https:\/\/diarioelpopular.com\/index.php\/wp-json\/wp\/v2\/posts\/330118","targetHints":{"allow":["GET"]}}],"collection":[{"href":"https:\/\/diarioelpopular.com\/index.php\/wp-json\/wp\/v2\/posts"}],"about":[{"href":"https:\/\/diarioelpopular.com\/index.php\/wp-json\/wp\/v2\/types\/post"}],"author":[{"embeddable":true,"href":"https:\/\/diarioelpopular.com\/index.php\/wp-json\/wp\/v2\/users\/1"}],"replies":[{"embeddable":true,"href":"https:\/\/diarioelpopular.com\/index.php\/wp-json\/wp\/v2\/comments?post=330118"}],"version-history":[{"count":0,"href":"https:\/\/diarioelpopular.com\/index.php\/wp-json\/wp\/v2\/posts\/330118\/revisions"}],"wp:featuredmedia":[{"embeddable":true,"href":"https:\/\/diarioelpopular.com\/index.php\/wp-json\/"}],"wp:attachment":[{"href":"https:\/\/diarioelpopular.com\/index.php\/wp-json\/wp\/v2\/media?parent=330118"}],"wp:term":[{"taxonomy":"category","embeddable":true,"href":"https:\/\/diarioelpopular.com\/index.php\/wp-json\/wp\/v2\/categories?post=330118"},{"taxonomy":"post_tag","embeddable":true,"href":"https:\/\/diarioelpopular.com\/index.php\/wp-json\/wp\/v2\/tags?post=330118"}],"curies":[{"name":"wp","href":"https:\/\/api.w.org\/{rel}","templated":true}]}}