{"id":331747,"date":"2012-02-27T21:03:12","date_gmt":"2012-02-28T02:03:12","guid":{"rendered":"http:\/\/diarioelpopular.com\/?p=331747"},"modified":"2012-02-27T21:03:12","modified_gmt":"2012-02-28T02:03:12","slug":"garzon-absuelto-en-el-juicio-por-investigar-el-franquismo","status":"publish","type":"post","link":"https:\/\/diarioelpopular.com\/index.php\/2012\/02\/27\/garzon-absuelto-en-el-juicio-por-investigar-el-franquismo\/","title":{"rendered":"Garz\u00f3n, absuelto en el juicio por investigar el franquismo"},"content":{"rendered":"<div id=\"attachment_331748\" style=\"width: 710px\" class=\"wp-caption aligncenter\"><a href=\"https:\/\/diarioelpopular.com\/wp-content\/uploads\/2012\/02\/EL-TRIBUNAL-SUPREMO-ABSUELVE-A-GARZ\u00d3N-EN-LA-CAUSA-DEL-FRANQUISMO.jpg\"><img loading=\"lazy\" decoding=\"async\" aria-describedby=\"caption-attachment-331748\" class=\"size-full wp-image-331748\" title=\"EL TRIBUNAL SUPREMO ABSUELVE A GARZ\u00d3N EN LA CAUSA DEL FRANQUISMO\" src=\"https:\/\/diarioelpopular.com\/wp-content\/uploads\/2012\/02\/EL-TRIBUNAL-SUPREMO-ABSUELVE-A-GARZ\u00d3N-EN-LA-CAUSA-DEL-FRANQUISMO.jpg\" alt=\"\" width=\"700\" height=\"420\" \/><\/a><p id=\"caption-attachment-331748\" class=\"wp-caption-text\">Varios manifestantes exhiben pancartas a favor del juez Baltasar Garz\u00f3n este lunes en la Puerta del Sol, en Madrid, despu\u00e9s de que el Tribunal Supremo le haya absuelto de prevaricaci\u00f3n en la causa del franquismo. Foto: Alberto Mart\u00edn \/ Efe<\/p><\/div>\n<p><em><strong>Efe. Madrid.-<\/strong><\/em> Menos de tres semanas despu\u00e9s de haber <a href=\"https:\/\/diarioelpopular.com\/2012\/02\/la-justicia-espanola-condena-a-garzon-y-pone-fin-a-su-carrera\/\">condenado e inhabilitado a Baltasar Garz\u00f3n<\/a> por ordenar escuchas a los cabecillas de una red de corrupci\u00f3n, la Justicia espa\u00f1ola absolvi\u00f3 este lunes al juez en el proceso que se le sigui\u00f3 por querer investigar los cr\u00edmenes del franquismo.<\/p>\n<p>En su sentencia emitida hoy, el Tribunal Supremo concluye, por seis votos frente a uno, que la decisi\u00f3n de Garz\u00f3n de declararse competente, en octubre de 2008, para investigar los cr\u00edmenes del franquismo fue &#8220;err\u00f3nea&#8221;, pero no prevaricadora, por lo que le declara no culpable.<\/p>\n<p>Pero pese a su absoluci\u00f3n en esta causa, Garz\u00f3n no podr\u00e1 volver a ejercer como juez, ya que el pasado d\u00eda 20 el Consejo General del Poder Judicial espa\u00f1ol le expuls\u00f3 de la carrera judicial, tras haber sido condenado el 9 de febrero a once a\u00f1os de inhabilitaci\u00f3n en el juicio que se le sigui\u00f3 por ordenar escuchas a los cabecillas de una red de corrupci\u00f3n llamada &#8220;Gurtel&#8221;.<\/p>\n<p>El juicio por la causa del franquismo hab\u00eda quedado visto para sentencia el pasado d\u00eda 8, y en \u00e9l s\u00f3lo dos sindicatos ultraderechistas ejercieron la acusaci\u00f3n, mientras que la Fiscal\u00eda solicit\u00f3 la absoluci\u00f3n de Garz\u00f3n.<\/p>\n<p>El juez m\u00e1s conocido de Espa\u00f1a -por su lucha contra la banda terrorista ETA, entre otras causas- y famoso en el exterior por perseguir a los represores de las dictaduras de Chile y Argentina, estuvo arropado en el proceso y en los meses previos por numerosas organizaciones de derechos humanos, plataformas de apoyo y sectores de la izquierda que ven en los juicios contra Garz\u00f3n una persecuci\u00f3n pol\u00edtica.<\/p>\n<p>Garz\u00f3n, como juez de instrucci\u00f3n en la Audiencia Nacional, se hab\u00eda declarado competente en 2008 para investigar las denuncias de 22 asociaciones de familiares de desaparecidos durante la Guerra Civil y el franquismo y autoriz\u00f3 la apertura de 19 fosas en toda Espa\u00f1a.<\/p>\n<p>En reacci\u00f3n a la sentencia de hoy, el portavoz de la plataforma &#8220;Solidarios con Garz\u00f3n&#8221;, Luis Garc\u00eda Montero, asegur\u00f3 que la decisi\u00f3n del Tribunal Supremo de absolver al juez por declararse competente para investigar los cr\u00edmenes del franquismo demuestra que fue un &#8220;montaje y una persecuci\u00f3n&#8221; contra \u00e9l.<\/p>\n<p>Seg\u00fan Garc\u00eda Montero, el Supremo pod\u00eda &#8220;permitirse el lujo&#8221; de adoptar este acuerdo dado que la carrera del c\u00e9lebre juez ya estaba terminada tras la anterior condena por las escuchas.<\/p>\n<p>La Asociaci\u00f3n para la Recuperaci\u00f3n de la Memoria Hist\u00f3rica (ARMH) tambi\u00e9n se mostr\u00f3 satisfecha por la absoluci\u00f3n de Garz\u00f3n, pero pidi\u00f3 a la Justicia que no deje de investigar los cr\u00edmenes cometidos en la Guerra Civil y la dictadura de Francisco Franco.<\/p>\n<p>Por su parte, una decena de organizaciones de derechos humanos celebr\u00f3 la sentencia favorable a Garz\u00f3n, pero recordaron que sigue sin conocerse qui\u00e9n tiene la competencia para investigar los asesinatos cometidos durante la Guerra Civil y la dictadura.<\/p>\n<p>En un comunicado conjunto, la Asociaci\u00f3n Pro Derechos Humanos de Espa\u00f1a (APDHE) o la Comisi\u00f3n Internacional de Juristas, entre otras organizaciones, mostraron su &#8220;profunda preocupaci\u00f3n&#8221; por el &#8220;grave da\u00f1o&#8221; causado a Garz\u00f3n y al Poder Judicial en su conjunto desde la apertura del proceso.<\/p>\n<p>Desde las formaciones pol\u00edticas, el gubernamental Partido Popular se limit\u00f3 a se\u00f1alar que &#8220;respetan&#8221; la sentencia del Tribunal Supremo, seg\u00fan dijo su secretaria general, Mar\u00eda Dolores de Cospedal.<\/p>\n<p>El Partido Socialista (PSOE) fue m\u00e1s all\u00e1 y su vicesecretaria general, Elena Valenciano, asegur\u00f3 que &#8220;unas sentencias nos gustan m\u00e1s que otras y esta, en concreto, nos satisface&#8221;.<\/p>\n<p>El l\u00edder de la formaci\u00f3n Izquierda Unida, Cayo Lara, calific\u00f3 la sentencia de &#8220;buena noticia&#8221;, pero lament\u00f3 que los oponentes de Garz\u00f3n ya hab\u00edan conseguido su objetivo de &#8220;quit\u00e1rselo de en medio&#8221; con su inhabilitaci\u00f3n por el otro juicio.<\/p>\n<p>La sentencia de hoy incluye un reconocimiento a las demandas de las v\u00edctimas del franquismo, al concluir que, aunque leyes como la de Memoria Hist\u00f3rica repararon &#8220;en gran medida&#8221; las consecuencias de los cr\u00edmenes que sufrieron, no se han dado pasos para la localizaci\u00f3n y recuperaci\u00f3n de los cad\u00e1veres y para la reconciliaci\u00f3n. EFE<\/p>\n","protected":false},"excerpt":{"rendered":"<p>Menos de tres semanas despu\u00e9s de haber condenado e inhabilitado a Baltasar Garz\u00f3n por ordenar escuchas a los cabecillas de una red de corrupci\u00f3n, la Justicia espa\u00f1ola absolvi\u00f3 este lunes al juez en el proceso que se le sigui\u00f3 por querer investigar los cr\u00edmenes del franquismo.<\/p>\n","protected":false},"author":1,"featured_media":331748,"comment_status":"open","ping_status":"open","sticky":false,"template":"","format":"standard","meta":{"footnotes":""},"categories":[24],"tags":[2230,444,2231,1254,2232],"class_list":["post-331747","post","type-post","status-publish","format-standard","has-post-thumbnail","hentry","category-mundo","tag-absuelto","tag-espana","tag-franquismo","tag-garzon","tag-juez"],"_links":{"self":[{"href":"https:\/\/diarioelpopular.com\/index.php\/wp-json\/wp\/v2\/posts\/331747","targetHints":{"allow":["GET"]}}],"collection":[{"href":"https:\/\/diarioelpopular.com\/index.php\/wp-json\/wp\/v2\/posts"}],"about":[{"href":"https:\/\/diarioelpopular.com\/index.php\/wp-json\/wp\/v2\/types\/post"}],"author":[{"embeddable":true,"href":"https:\/\/diarioelpopular.com\/index.php\/wp-json\/wp\/v2\/users\/1"}],"replies":[{"embeddable":true,"href":"https:\/\/diarioelpopular.com\/index.php\/wp-json\/wp\/v2\/comments?post=331747"}],"version-history":[{"count":0,"href":"https:\/\/diarioelpopular.com\/index.php\/wp-json\/wp\/v2\/posts\/331747\/revisions"}],"wp:featuredmedia":[{"embeddable":true,"href":"https:\/\/diarioelpopular.com\/index.php\/wp-json\/"}],"wp:attachment":[{"href":"https:\/\/diarioelpopular.com\/index.php\/wp-json\/wp\/v2\/media?parent=331747"}],"wp:term":[{"taxonomy":"category","embeddable":true,"href":"https:\/\/diarioelpopular.com\/index.php\/wp-json\/wp\/v2\/categories?post=331747"},{"taxonomy":"post_tag","embeddable":true,"href":"https:\/\/diarioelpopular.com\/index.php\/wp-json\/wp\/v2\/tags?post=331747"}],"curies":[{"name":"wp","href":"https:\/\/api.w.org\/{rel}","templated":true}]}}