{"id":33305,"date":"2012-01-02T21:28:40","date_gmt":"2012-01-03T02:28:40","guid":{"rendered":"http:\/\/diarioelpopular.com\/?p=33305"},"modified":"2012-01-02T21:28:40","modified_gmt":"2012-01-03T02:28:40","slug":"dakar-coma-domina-en-motos-y-al-attiyah-ensena-los-dientes","status":"publish","type":"post","link":"https:\/\/diarioelpopular.com\/index.php\/2012\/01\/02\/dakar-coma-domina-en-motos-y-al-attiyah-ensena-los-dientes\/","title":{"rendered":"Dakar: Coma domina en motos y Al Attiyah avisa en autos"},"content":{"rendered":"<div id=\"attachment_33306\" style=\"width: 710px\" class=\"wp-caption aligncenter\"><a href=\"https:\/\/diarioelpopular.com\/wp-content\/uploads\/2012\/01\/Marc-Coma-Dakar.jpg\"><img loading=\"lazy\" decoding=\"async\" aria-describedby=\"caption-attachment-33306\" class=\"size-full wp-image-33306\" title=\"Marc Coma, Dakar\" src=\"https:\/\/diarioelpopular.com\/wp-content\/uploads\/2012\/01\/Marc-Coma-Dakar.jpg\" alt=\"\" width=\"700\" height=\"420\" \/><\/a><p id=\"caption-attachment-33306\" class=\"wp-caption-text\">El piloto espa\u00f1ol Marc Coma, durante la segunda etapa del Dakar 2012, entre Santa Rosa, en La Pampa, y San Rafael de Mendoza (Argentina). Foto: C\u00e9zaro De Luca \/ Efe<\/p><\/div>\n<p><em><strong>Gerard Soler. San Rafael (Argentina).-<\/strong><\/em> El piloto de motos espa\u00f1ol Marc Coma (KTM) se llev\u00f3 la segunda etapa del\u00a0Dakar\u00a0y tom\u00f3 el mando en la clasificaci\u00f3n general, mientras que en autos el catar\u00ed Nasser Al Attiyah ense\u00f1\u00f3 los dientes a sus rivales con un contundente triunfo de etapa.<\/p>\n<p>La dificultad del\u00a0Dakar\u00a02012 aumenta progresivamente con el paso de las etapas y esto se vio este lunes en la segunda jornada, donde los pilotos se enfrentaron a las conocidas dunas grises de Nihuil y a los primeros tramos de navegaci\u00f3n.<\/p>\n<p>En la categor\u00eda de dos ruedas, Coma sum\u00f3 su primer triunfo de etapa en esta edici\u00f3n del\u00a0Dakar\u00a0y adem\u00e1s se coloc\u00f3 l\u00edder, con un peque\u00f1o colch\u00f3n de 2 minutos y 30 segundos sobre su perseguidor, el chileno Francisco &#8216;Chaleco&#8217; L\u00f3pez.<\/p>\n<p>Fueron 295 kil\u00f3metros cronometrados entre Santa Rosa y San Rafael en los que el catal\u00e1n mostr\u00f3 su regularidad habitual, con un ritmo fuerte pero seguro, que le permiti\u00f3 adelantar a &#8216;Chaleco&#8217; L\u00f3pez, que sali\u00f3 el primero tras su triunfo en la primera etapa.<\/p>\n<p>&#8220;Queda mucho pero es mejor empezar bien. Esta etapa no nos la quita nadie&#8221;, dijo Coma a su llegada al campamento de San Rafael.<\/p>\n<p>El franc\u00e9s Cyril Despres (KTM), principal oponente de Coma, fue segundo a 1 minuto y 18 segundos de su rival y marcha tercero en la general a casi 3 minutos.<\/p>\n<p>Despres rod\u00f3 a unos tiempos muy similares a los de Coma durante casi toda la etapa, aunque en el tramo final su moto se calent\u00f3 y el galo decidi\u00f3 aflojar para no romper su m\u00e1quina.<\/p>\n<p>El espa\u00f1ol Joan Barreda (Husqvarna) termin\u00f3 tercero y es quinto en la general, mientras que &#8216;Chaleco&#8217; L\u00f3pez sigue con un buen ritmo de carrera y es segundo en la tabla.<\/p>\n<div id=\"attachment_33638\" style=\"width: 310px\" class=\"wp-caption alignright\"><a href=\"https:\/\/diarioelpopular.com\/wp-content\/uploads\/2012\/01\/ATTIYAH.jpg\"><img loading=\"lazy\" decoding=\"async\" aria-describedby=\"caption-attachment-33638\" class=\"size-medium wp-image-33638\" title=\"Nasser Al Attiyah\" src=\"https:\/\/diarioelpopular.com\/wp-content\/uploads\/2012\/01\/ATTIYAH-300x284.jpg\" alt=\"\" width=\"300\" height=\"284\" \/><\/a><p id=\"caption-attachment-33638\" class=\"wp-caption-text\">El piloto de coches catar\u00ed Nasser Al Attiyah, \u00faltimo ganador del Dakar, en la presentaci\u00f3n de la edici\u00f3n de este a\u00f1o, durante la largada simb\u00f3lica celebrada en la ciudad de Mar del Plata (Argentina). Foto: Vicente Robles \/ Efe<\/p><\/div>\n<p>En autos, Nasser Al Attiyah dio un golpe sobre la mesa y se llev\u00f3 la etapa con autoridad, pese a salir en la posici\u00f3n 38 debido a los problemas mec\u00e1nicos que sufri\u00f3 este domingo, cuando perdi\u00f3 casi 10 minutos con la cabeza de carrera.<\/p>\n<p>El catar\u00ed adelant\u00f3 a todo el que se le puso por delante y adem\u00e1s se mostr\u00f3 molesto porque algunos rivales no lo dejaron pasar. Entre risas incluso reconoci\u00f3 que golpe\u00f3 a un autom\u00f3vil con su Hummer para abrirse paso.<\/p>\n<p>Pese a todas estas incidencias Al Attiyah y su copiloto Lucas Cruz fueron los m\u00e1s r\u00e1pidos pero solo le sacaron 54 segundos al franc\u00e9s St\u00e9phane Peterhansel (Mini), que es el nuevo l\u00edder de la carrera.<\/p>\n<p>El estadounidense Robby Gordon fue tercero y confirm\u00f3 la buena marcha de los Hummer pese al problema inicial de Al Attiyah.<\/p>\n<p>Otro que respira m\u00e1s tranquilo tras esta etapa es el espa\u00f1ol Joan &#8216;Nani&#8217; Roma (Mini), quien reconoci\u00f3 que se sinti\u00f3 muy a gusto al volante de su autom\u00f3vil tras una primera jornada un tanto decepcionante.<\/p>\n<p>En la clasificaci\u00f3n general Robby Gordon es segundo a 2 minutos y 28 segundos de Peterhansel. &#8216;Nani&#8217; Roma es quinto y Al Attiyah sexto, a m\u00e1s de 8 minutos del l\u00edder.<\/p>\n<p>En quads el triunfo de etapa fue de nuevo para el uruguayo Sergio La Fuente (Yamaha), que sigue l\u00edder perseguido por el argentino Alejandro Patronelli (Yamaha).<\/p>\n<p>En camiones, la victoria fue para el holand\u00e9s Gerard De Rooy (Iveco), que adem\u00e1s se coloc\u00f3 l\u00edder en su categor\u00eda con m\u00e1s de cinco minutos de ventaja sobre el ruso Eduard Nikolaev (Kamaz).<\/p>\n<p>Este martes, la tercera etapa tendr\u00e1 270 kil\u00f3metros cronometrados para las motos y 208 para los autos, entre San Rafael y San Juan. Los pilotos recorrer\u00e1n pistas r\u00e1pidas y se acercar\u00e1n a la majestuosa cordillera de los Andes.<\/p>\n","protected":false},"excerpt":{"rendered":"<p>El piloto de motos espa\u00f1ol Marc Coma se llev\u00f3 la segunda etapa del Dakar y tom\u00f3 el mando en la clasificaci\u00f3n general, mientras que en autos el catar\u00ed Nasser Al-Attiyah ense\u00f1\u00f3 los dientes a sus rivales con un contundente triunfo de etapa.<br \/>\n<a href=\"http:\/\/diarioelpopular.com\/2012\/01\/el-argentino-boero-muere-tras-una-caida-en-el-inicio-del-dakar\/\"><span style=\"color: #000D54\">\u00bb El argentino Boero muere tras una ca\u00edda al inicio del Dakar<\/span><\/a><\/p>\n","protected":false},"author":1,"featured_media":33306,"comment_status":"closed","ping_status":"open","sticky":false,"template":"","format":"standard","meta":{"footnotes":""},"categories":[28],"tags":[46,170,171,172,173],"class_list":["post-33305","post","type-post","status-publish","format-standard","has-post-thumbnail","hentry","category-deportes","tag-dakar","tag-marc-coma","tag-motos","tag-nasser-al-attiyah","tag-rally"],"_links":{"self":[{"href":"https:\/\/diarioelpopular.com\/index.php\/wp-json\/wp\/v2\/posts\/33305","targetHints":{"allow":["GET"]}}],"collection":[{"href":"https:\/\/diarioelpopular.com\/index.php\/wp-json\/wp\/v2\/posts"}],"about":[{"href":"https:\/\/diarioelpopular.com\/index.php\/wp-json\/wp\/v2\/types\/post"}],"author":[{"embeddable":true,"href":"https:\/\/diarioelpopular.com\/index.php\/wp-json\/wp\/v2\/users\/1"}],"replies":[{"embeddable":true,"href":"https:\/\/diarioelpopular.com\/index.php\/wp-json\/wp\/v2\/comments?post=33305"}],"version-history":[{"count":0,"href":"https:\/\/diarioelpopular.com\/index.php\/wp-json\/wp\/v2\/posts\/33305\/revisions"}],"wp:featuredmedia":[{"embeddable":true,"href":"https:\/\/diarioelpopular.com\/index.php\/wp-json\/"}],"wp:attachment":[{"href":"https:\/\/diarioelpopular.com\/index.php\/wp-json\/wp\/v2\/media?parent=33305"}],"wp:term":[{"taxonomy":"category","embeddable":true,"href":"https:\/\/diarioelpopular.com\/index.php\/wp-json\/wp\/v2\/categories?post=33305"},{"taxonomy":"post_tag","embeddable":true,"href":"https:\/\/diarioelpopular.com\/index.php\/wp-json\/wp\/v2\/tags?post=33305"}],"curies":[{"name":"wp","href":"https:\/\/api.w.org\/{rel}","templated":true}]}}