{"id":339563,"date":"2012-02-29T00:53:56","date_gmt":"2012-02-29T05:53:56","guid":{"rendered":"http:\/\/diarioelpopular.com\/?p=339563"},"modified":"2012-02-29T00:53:56","modified_gmt":"2012-02-29T05:53:56","slug":"restos-de-victimas-del-11-s-acabaron-en-un-vertedero","status":"publish","type":"post","link":"https:\/\/diarioelpopular.com\/index.php\/2012\/02\/29\/restos-de-victimas-del-11-s-acabaron-en-un-vertedero\/","title":{"rendered":"Restos de v\u00edctimas del 11-S acabaron en un vertedero"},"content":{"rendered":"<div id=\"attachment_339565\" style=\"width: 739px\" class=\"wp-caption aligncenter\"><a href=\"https:\/\/diarioelpopular.com\/wp-content\/uploads\/2012\/02\/Atentados-del-11-S.jpg\"><img loading=\"lazy\" decoding=\"async\" aria-describedby=\"caption-attachment-339565\" class=\"size-full wp-image-339565\" title=\"Atentados del 11-S\" src=\"https:\/\/diarioelpopular.com\/wp-content\/uploads\/2012\/02\/Atentados-del-11-S.jpg\" alt=\"\" width=\"729\" height=\"425\" \/><\/a><p id=\"caption-attachment-339565\" class=\"wp-caption-text\">Ataque contra las Torres Gemelas de Nueva York, el 11 de septiembre de 2001<\/p><\/div>\n<p><em><strong>Efe. Washington.-<\/strong><\/em> Los restos de algunas v\u00edctimas de los atentados del 11 de septiembre de 2001 que no pudieron ser identificados, se enviaron a la morgue de la base de la Fuerza A\u00e9rea en Dover (Delaware, EE UU), donde fueron incinerados y arrojados en un\u00a0vertedero, seg\u00fan revel\u00f3 este lunes un informe que encarg\u00f3 el Pent\u00e1gono.<\/p>\n<p>La Casa Blanca se declar\u00f3, en un comunicado, &#8220;profundamente preocupada&#8221; acerca de las informaciones y &#8220;el trato inaceptable de los restos en Dover&#8221;.<\/p>\n<p>El presidente de EE UU, Barack Obama, fue informado de los resultados de la investigaci\u00f3n sobre el trato a los restos humanos en el tanatorio de esa base militar y &#8220;apoya firmemente los esfuerzos del Pent\u00e1gono por poner en marcha los cambios estructurales y sist\u00e9micos necesarios para garantizar que este tipo de incidentes no se repitan jam\u00e1s&#8221;, explic\u00f3 la Casa Blanca.<\/p>\n<p>EE UU tiene, agreg\u00f3 el comunicado, la &#8220;obligaci\u00f3n solemne&#8221; de ocuparse de manera &#8220;compasiva y profesional&#8221; de los militares ca\u00eddos y de sus familias y de las v\u00edctimas de los atentados del 11-S.<\/p>\n<p>Las informaciones sobre el paradero de los restos se dan a conocer precisamente la v\u00edspera de que Obama y su esposa, Michelle, organicen una cena oficial en honor de los veteranos de las guerras de Irak y Afganist\u00e1n, la primera de su mandato.<\/p>\n<p>El secretario de Defensa de EE UU, Leon Panetta, orden\u00f3 en noviembre pasado investigar la gesti\u00f3n de la morgue militar de Dover, a la que llegan los cad\u00e1veres de los soldados muertos en Irak y Afganist\u00e1n, despu\u00e9s de que saliera a la luz el extrav\u00edo y manipulaci\u00f3n indebida de algunos restos.<\/p>\n<p>El informe revela que algunos fragmentos de los restos mortales de v\u00edctimas del 11 de septiembre que perecieron en el ataque contra el Pent\u00e1gono y en el avi\u00f3n que se estrell\u00f3 en el campo de Shanksville (Pensilvania), y que no pudieron ser identificados en su d\u00eda, fueron enviados en un contenedor a Dover, donde fueron quemados y desechados.<\/p>\n<p>El Pent\u00e1gono reconoci\u00f3 el a\u00f1o pasado, despu\u00e9s de una investigaci\u00f3n interna, que extravi\u00f3 partes de cad\u00e1veres en dos ocasiones en 2009, y manipul\u00f3 indebidamente otros sin consultar a las familias, por lo que Panetta orden\u00f3 la creaci\u00f3n de un comit\u00e9 para analizar la gesti\u00f3n de la morgue y emitir recomendaciones.<\/p>\n<p>La revisi\u00f3n, dirigida por el general retirado John Abizaid, no especific\u00f3 el n\u00famero de restos humanos de las v\u00edctimas del 11S que fueron eliminados de esta manera.<\/p>\n<p>Seg\u00fan el informe se trata de restos que no pudieron ser identificados, porque eran demasiado peque\u00f1os o estaban carbonizados y no se les pudo hacer an\u00e1lisis de ADN.<\/p>\n<ul>\n<li><a href=\"https:\/\/diarioelpopular.com\/2011\/09\/las-imagenes-del-11-s\/\"><strong>FOTOGALER\u00cdA: Las im\u00e1genes del 11-S<\/strong><\/a><\/li>\n<\/ul>\n","protected":false},"excerpt":{"rendered":"<p>Los restos de algunas v\u00edctimas de los atentados del 11 de septiembre de 2001 que no pudieron ser identificados, se enviaron a la morgue de la base de la Fuerza A\u00e9rea en Dover, donde fueron incinerados y arrojados en un vertedero, seg\u00fan revel\u00f3 este lunes un informe que encarg\u00f3 el Pent\u00e1gono.<br \/>\n<a href=\"http:\/\/diarioelpopular.com\/2011\/09\/las-imagenes-del-11-s\/\"><span style=\"color: #000D54\"><strong>\u00bb FOTOGALER\u00cdA: Las im\u00e1genes del 11-S<\/strong><\/span><\/a><\/p>\n","protected":false},"author":1,"featured_media":339565,"comment_status":"open","ping_status":"open","sticky":false,"template":"","format":"standard","meta":{"footnotes":""},"categories":[24],"tags":[2280,2281,360,120,2282,1318],"class_list":["post-339563","post","type-post","status-publish","format-standard","has-post-thumbnail","hentry","category-mundo","tag-11-s","tag-9-11","tag-atentados","tag-estados-unidos","tag-vertedero","tag-victimas"],"_links":{"self":[{"href":"https:\/\/diarioelpopular.com\/index.php\/wp-json\/wp\/v2\/posts\/339563","targetHints":{"allow":["GET"]}}],"collection":[{"href":"https:\/\/diarioelpopular.com\/index.php\/wp-json\/wp\/v2\/posts"}],"about":[{"href":"https:\/\/diarioelpopular.com\/index.php\/wp-json\/wp\/v2\/types\/post"}],"author":[{"embeddable":true,"href":"https:\/\/diarioelpopular.com\/index.php\/wp-json\/wp\/v2\/users\/1"}],"replies":[{"embeddable":true,"href":"https:\/\/diarioelpopular.com\/index.php\/wp-json\/wp\/v2\/comments?post=339563"}],"version-history":[{"count":0,"href":"https:\/\/diarioelpopular.com\/index.php\/wp-json\/wp\/v2\/posts\/339563\/revisions"}],"wp:featuredmedia":[{"embeddable":true,"href":"https:\/\/diarioelpopular.com\/index.php\/wp-json\/"}],"wp:attachment":[{"href":"https:\/\/diarioelpopular.com\/index.php\/wp-json\/wp\/v2\/media?parent=339563"}],"wp:term":[{"taxonomy":"category","embeddable":true,"href":"https:\/\/diarioelpopular.com\/index.php\/wp-json\/wp\/v2\/categories?post=339563"},{"taxonomy":"post_tag","embeddable":true,"href":"https:\/\/diarioelpopular.com\/index.php\/wp-json\/wp\/v2\/tags?post=339563"}],"curies":[{"name":"wp","href":"https:\/\/api.w.org\/{rel}","templated":true}]}}