{"id":3404,"date":"2011-06-29T22:34:33","date_gmt":"2011-06-30T02:34:33","guid":{"rendered":"http:\/\/retrolab.ca\/elpopular\/?p=3404"},"modified":"2011-06-29T22:34:33","modified_gmt":"2011-06-30T02:34:33","slug":"copa-america-fiestas-y-concentraciones-mezclan-mal","status":"publish","type":"post","link":"https:\/\/diarioelpopular.com\/index.php\/2011\/06\/29\/copa-america-fiestas-y-concentraciones-mezclan-mal\/","title":{"rendered":"Copa Am\u00e9rica: Fiestas y concentraciones mezclan mal"},"content":{"rendered":"<div id=\"attachment_3405\" style=\"width: 710px\" class=\"wp-caption aligncenter\"><a href=\"http:\/\/retrolab.ca\/elpopular\/wp-content\/uploads\/2011\/06\/02.arg_.copa-america.jpg\"><img loading=\"lazy\" decoding=\"async\" aria-describedby=\"caption-attachment-3405\" class=\"size-full wp-image-3405\" title=\"Copa Am\u00e9rica\" src=\"http:\/\/retrolab.ca\/elpopular\/wp-content\/uploads\/2011\/06\/02.arg_.copa-america.jpg\" alt=\"\" width=\"700\" height=\"420\" \/><\/a><p id=\"caption-attachment-3405\" class=\"wp-caption-text\">Alberto Di Yorio, hijo de un excompa\u00f1ero de equipo de Di St\u00e9fano, muestra en su bar una fotograf\u00eda (dcha) de 1943 de cinco jugadores del Uni\u00f3n Progresista, entre los que aparecen un joven Di St\u00e9fano de 16 a\u00f1os con una resplandeciente cabellera rubia, su hermano y Atilio Di Yorio, padre de Alberto, en la localidad Los Cardales, al norte de Buenos Aires. La selecci\u00f3n brasile\u00f1a reposa y se prepara para la Copa Am\u00e9rica a unos pocos kil\u00f3metros del lugar donde el legendario delantero argentino Alfredo di St\u00e9fano se form\u00f3 antes de dar su salto al f\u00fatbol profesional y donde vivi\u00f3 con su familia entre 1942 y 1945. Foto: Marcelo Sayao \/ EFE<\/p><\/div>\n<p><em>Alfonso Gil. Buenos Aires.- <\/em>Las\u00a0fiestas\u00a0durante\u00a0concentraciones, viajes y torneos combinan\u00a0mal\u00a0con el f\u00fatbol profesional, al menos cuando trascienden a la opini\u00f3n p\u00fablica y se vinculan con la desaparici\u00f3n de dinero o presuntas actividades sexuales relacionadas en muchos casos con la prostituci\u00f3n.<\/p>\n<p>Cuando se\u00a0mezclan\u00a0todas estas circunstancias, el c\u00f3ctel es previsible y en ocasiones los jugadores implicados quedan fuera de sus delegaciones.<\/p>\n<p>La situaci\u00f3n suscitada en el equipo de M\u00e9xico para la Copa Am\u00e9rica, con ocho j\u00f3venes futbolistas acusados de propasarse en una fiesta con presuntas situaciones de acoso sexual en Quito (Ecuador) y que han sido expulsados de la selecci\u00f3n, es el \u00faltimo caso al respecto.<\/p>\n<p>Adem\u00e1s, esta circunstancia confirma la tendencia de algunas de las grandes competiciones del f\u00fatbol mundial en los \u00faltimos tiempos de no quedarse sin una incidencia de este calibre.<\/p>\n<p>Los precedentes de la Copa Am\u00e9rica de 2007 y la Copa Confederaciones de 2009, unidos a lo ocurrido con la selecci\u00f3n mexicana en las v\u00edsperas de esta Copa Am\u00e9rica, han completado un ciclo de incidentes que tienen en com\u00fan haberse registrado antes o durante una competici\u00f3n de larga duraci\u00f3n.<\/p>\n<p>En esta ocasi\u00f3n, hasta ocho de los j\u00f3venes jugadores que hab\u00edan llegado a Argentina para jugar la Copa Am\u00e9rica con la selecci\u00f3n mexicana han regresado a su pa\u00eds tras pasar tan s\u00f3lo 48 horas en el pa\u00eds por mala conducta vinculada con la posible presencia de prostitutas en su hotel durante su gira por Ecuador.<\/p>\n<p>Los dirigentes del f\u00fatbol mexicano actuaron con rapidez y desde M\u00e9xico anunciaron que los futbolistas quedaban fuera de la selecci\u00f3n y de inmediato enviaron otros ocho futbolistas para completar el equipo que disputar\u00e1 la Copa.<\/p>\n<p>Este es el \u00faltimo cap\u00edtulo de una serie de incidencias con similitudes. Hace cuatro a\u00f1os, en Venezuela 2007, seis integrantes de la selecci\u00f3n de Chile se vieron inmersos en unos actos de indisciplina y presunto acoso sexual durante su estancia en Puerto Ordaz.<\/p>\n<p>Los jugadores implicados en el incidente fueron Jorge Vargas, Rodrigo Tello, Pablo Contreras, Reinaldo Navia, \u00c1lvaro Orme\u00f1o y Jorge Valdivia, capit\u00e1n en aquella competici\u00f3n del combinado chileno.<\/p>\n<p>La Asociaci\u00f3n Nacional de F\u00fatbol Profesional (ANFP) castig\u00f3 con veinte partidos a los futbolistas despu\u00e9s de los incidentes que tuvieron lugar cuando el t\u00e9cnico, Nelson Acosta, autoriz\u00f3 a los jugadores a festejar la clasificaci\u00f3n para los cuartos de final del torneo.<\/p>\n<p>El incidente provoc\u00f3 declaraciones de miembros del personal del hotel, que aseguraron que los futbolistas les hab\u00edan insultado, en especial a las mujeres, y que destruyeron muebles.<\/p>\n<p>Dos a\u00f1os despu\u00e9s, otro gran acontecimiento fue escenario de una pol\u00e9mica no muy distinta y que afect\u00f3 a cinco futbolistas de la selecci\u00f3n egipcia que disputaban la Copa Confederaciones en 2009 en Sud\u00e1frica, justo un a\u00f1o antes del Mundial.<\/p>\n<p>Los jugadores denunciaron un robo de 1.700 euros en la noche posterior al partido que ganaron por 1-0 a Italia, en la que seg\u00fan difundieron algunos peri\u00f3dicos sudafricanos, hab\u00edan contratado prostitutas.<\/p>\n<p>El debate gir\u00f3 sobre si hab\u00edan gastado en dinero en la fiesta o \u00e9ste les hab\u00eda sido robado por las invitadas. Los cinco futbolistas fueron interrogados por la Polic\u00eda, que inform\u00f3 de que en las habitaciones no hab\u00eda signos de violencia. El asunto fue incluso debatido en una comisi\u00f3n parlamentaria del pa\u00eds.<\/p>\n<p>Aunque con connotaciones diferentes, el Mundial de Sud\u00e1frica de 2010 estuvo marcado por la pol\u00e9mica suscitada en torno a la supuesta infidelidad de la novia del defensa de la selecci\u00f3n inglesa, Wayne Bridge, con el capit\u00e1n de la selecci\u00f3n, John Terry.<\/p>\n<p>A principio de aquel a\u00f1o, Bridge se excluy\u00f3 de la lista del Mundial e incluso el seleccionador de Inglaterra, el italiano Fabio Capello, a quien el seleccionador ingl\u00e9s incluso le retir\u00f3 la capitan\u00eda.<\/p>\n","protected":false},"excerpt":{"rendered":"<p>Las fiestas durante concentraciones, viajes y torneos combinan mal con el f\u00fatbol profesional, al menos cuando trascienden a la opini\u00f3n p\u00fablica y se vinculan con la desaparici\u00f3n de dinero o presuntas actividades sexuales relacionadas en muchos casos con la prostituci\u00f3n.<\/p>\n","protected":false},"author":1,"featured_media":3405,"comment_status":"closed","ping_status":"open","sticky":false,"template":"","format":"standard","meta":{"footnotes":""},"categories":[28],"tags":[6505,6506,4182,179],"class_list":["post-3404","post","type-post","status-publish","format-standard","has-post-thumbnail","hentry","category-deportes","tag-concentraciones","tag-copa-america","tag-fiestas","tag-futbol-2"],"_links":{"self":[{"href":"https:\/\/diarioelpopular.com\/index.php\/wp-json\/wp\/v2\/posts\/3404","targetHints":{"allow":["GET"]}}],"collection":[{"href":"https:\/\/diarioelpopular.com\/index.php\/wp-json\/wp\/v2\/posts"}],"about":[{"href":"https:\/\/diarioelpopular.com\/index.php\/wp-json\/wp\/v2\/types\/post"}],"author":[{"embeddable":true,"href":"https:\/\/diarioelpopular.com\/index.php\/wp-json\/wp\/v2\/users\/1"}],"replies":[{"embeddable":true,"href":"https:\/\/diarioelpopular.com\/index.php\/wp-json\/wp\/v2\/comments?post=3404"}],"version-history":[{"count":0,"href":"https:\/\/diarioelpopular.com\/index.php\/wp-json\/wp\/v2\/posts\/3404\/revisions"}],"wp:featuredmedia":[{"embeddable":true,"href":"https:\/\/diarioelpopular.com\/index.php\/wp-json\/"}],"wp:attachment":[{"href":"https:\/\/diarioelpopular.com\/index.php\/wp-json\/wp\/v2\/media?parent=3404"}],"wp:term":[{"taxonomy":"category","embeddable":true,"href":"https:\/\/diarioelpopular.com\/index.php\/wp-json\/wp\/v2\/categories?post=3404"},{"taxonomy":"post_tag","embeddable":true,"href":"https:\/\/diarioelpopular.com\/index.php\/wp-json\/wp\/v2\/tags?post=3404"}],"curies":[{"name":"wp","href":"https:\/\/api.w.org\/{rel}","templated":true}]}}