{"id":342831,"date":"2012-02-29T10:45:59","date_gmt":"2012-02-29T15:45:59","guid":{"rendered":"http:\/\/diarioelpopular.com\/?p=342831"},"modified":"2012-02-29T10:45:59","modified_gmt":"2012-02-29T15:45:59","slug":"notas-del-futbol-hispano-30","status":"publish","type":"post","link":"https:\/\/diarioelpopular.com\/index.php\/2012\/02\/29\/notas-del-futbol-hispano-30\/","title":{"rendered":"Notas del f\u00fatbol hispano"},"content":{"rendered":"<div id=\"attachment_342835\" style=\"width: 810px\" class=\"wp-caption aligncenter\"><a href=\"https:\/\/diarioelpopular.com\/wp-content\/uploads\/2012\/02\/FOTO-1-EAGLE-95.jpg\"><img loading=\"lazy\" decoding=\"async\" aria-describedby=\"caption-attachment-342835\" class=\"size-full wp-image-342835\" title=\"EAGLE  95\" src=\"https:\/\/diarioelpopular.com\/wp-content\/uploads\/2012\/02\/FOTO-1-EAGLE-95.jpg\" alt=\"\" width=\"800\" height=\"497\" \/><\/a><p id=\"caption-attachment-342835\" class=\"wp-caption-text\">\u201cEagles 95\u201d un gran equipo juvenil que participa en el torneo \u201cTaca Airlines\u201d<\/p><\/div>\n<p>Como yo me movilizo en \u201czapatibus\u201d y en TTC s\u00e9 mucho de aguantar las inclemencias del tiempo, por eso que las comparo con las actividades de los torneos de indoor soccer y me he dado cuenta de que realmente tienen mucho parecido. Al parecer, el clima ya est\u00e1 cambiando y se pone m\u00e1s benevolente, al igual que en las competencias donde los partidos est\u00e1n tomando tambi\u00e9n otro rumbo, de m\u00e1s competitividad y esp\u00edritu deportivo. Los partidos est\u00e1n m\u00e1s intensos, pero jugados con m\u00e1s calidad, debido a que los jugadores ponen sm\u00e1s energ\u00edas en obtener los puntos en disputa que en perder tiempo en discusiones y agresiones. Claro que al igual que en el clima hay imprevistas tormentas, en la cancha tambi\u00e9n hay quienes no tienen calma. A medida que llega el buen tiempo, llegan los buenos enfrentamientos.<\/p>\n<div id=\"attachment_342836\" style=\"width: 191px\" class=\"wp-caption alignright\"><a href=\"https:\/\/diarioelpopular.com\/wp-content\/uploads\/2012\/02\/FOTO-2-MARCO-GALVEZ-ALBERTO-CONDE-ESTRELLAS-DEL-MANANA.jpg\"><img loading=\"lazy\" decoding=\"async\" aria-describedby=\"caption-attachment-342836\" class=\"size-medium wp-image-342836\" title=\"MARCO GALVEZ - ALBERTO CONDE ESTRELLAS DEL MA\u00d1ANA\" src=\"https:\/\/diarioelpopular.com\/wp-content\/uploads\/2012\/02\/FOTO-2-MARCO-GALVEZ-ALBERTO-CONDE-ESTRELLAS-DEL-MANANA-181x300.jpg\" alt=\"\" width=\"181\" height=\"300\" \/><\/a><p id=\"caption-attachment-342836\" class=\"wp-caption-text\">Marcos G\u00e1lvez y Alberto Conde, importantes jugadores del elenco \u201cEstrellas del Ma\u00f1ana\u201d<\/p><\/div>\n<p>Don Sa\u00fal Varela, el \u201cjefazo \u201cde la liga \u201cCentro Sur La Original\u201d nos comunica que el plazo final para las registraciones es el s\u00e1bado 3 de marzo 2012, por lo que se espera que haya varias novedades en la conformaci\u00f3n de los equipos. Don Sa\u00fal es quien cree firmemente que la comunicaci\u00f3n entre la liga y los equipos es muy importante, al igual que tener una buena informaci\u00f3n del desarrollo del torneo.<\/p>\n<p>La escuadra juvenil de \u201cEagle 95\u201d que participa en el torneo \u201cTaca Airlines\u201d en la categor\u00eda 95-96 se encuentra en la c\u00faspide de la tabla de posiciones con nueve partidos jugados de los cuales ha ganado seis con dos empates y una perdida, suma veinte puntos. Su m\u00e1s inmediato seguidor es el \u201cDeportivo Cuenca\u201d con doce unidades.<\/p>\n<p>El elenco de las \u201cEstrellas del Ma\u00f1ana\u201d va en alza en la categor\u00eda S\u00faper M\u00e1ster, en sus \u00faltimos tres partidos ha ganado dos y empatado uno y eso le ha permitido salir de la inc\u00f3moda posici\u00f3n en la parte baja de la tabla. Las estrellas integrantes del equipo son: Alberto Conde, Blas Palma, Boris L\u00f3pez, Carlos Alegr\u00eda, Carlos Ortiz, Federico Delgado, Geovanni Escobar, Iv\u00e1n Z\u00fa\u00f1iga, Julio Garc\u00eda, Luis Arteaga, Luis Medeiros, Luis Toledo, Marcos G\u00e1lvez, Napole\u00f3n Aparicio, Oscar Mera, Ram\u00f3n D\u00edaz, Tony Cruz y Yury Onofre.<\/p>\n<div id=\"attachment_342837\" style=\"width: 173px\" class=\"wp-caption alignleft\"><a href=\"https:\/\/diarioelpopular.com\/wp-content\/uploads\/2012\/02\/FOTO-3-ALEJANDRO-SABELLA-DT-ARGENTINA.jpg\"><img loading=\"lazy\" decoding=\"async\" aria-describedby=\"caption-attachment-342837\" class=\" wp-image-342837 \" title=\"ALEJANDRO SABELLA DT ARGENTINA\" src=\"https:\/\/diarioelpopular.com\/wp-content\/uploads\/2012\/02\/FOTO-3-ALEJANDRO-SABELLA-DT-ARGENTINA-233x300.jpg\" alt=\"\" width=\"163\" height=\"210\" \/><\/a><p id=\"caption-attachment-342837\" class=\"wp-caption-text\">Alejandro Sabella, director t\u00e9cnico de la selecci\u00f3n argentina<\/p><\/div>\n<p>El cuerpo t\u00e9cnico de la selecci\u00f3n argentina liderado por Alejandro Sabella junto con los miembros de la delegaci\u00f3n albiceleste parti\u00f3 hacia Berna, donde disputar\u00e1 un encuentro amistoso ante Suiza. Al igual que viene sucediendo en las \u00faltimas convocatorias de Sabella, el t\u00e9cnico sufri\u00f3 dos bajas de la lista original: \u00c1ngel Di Mar\u00eda, desafectado por una nueva lesi\u00f3n en el choque del Real Madrid ante Racing de Santander, y Marcos Rojo, que sufri\u00f3 una molestia f\u00edsica durante la semana en su club, el Spartak de Mosc\u00fa. Por el primero, Sabella cit\u00f3 al jugador del Atl\u00e9tico de Madrid, Eduardo Salvio, mientras que por el defensor que act\u00faa en la liga de Rusia no hubo un nuevo convocado. De esta manera, el plantel para enfrentar a Suiza qued\u00f3 conformado por los siguientes 19 jugadores:<\/p>\n<ul>\n<li><strong>Guardametas:<\/strong> Sergio Romero y Mariano And\u00fajar.<\/li>\n<li><strong>Defensores:<\/strong> Daniel D\u00edaz, Hugo Campagnaro y Federico Fern\u00e1ndez, Pablo Zabaleta, Luciano Monz\u00f3n y Ezequiel Garay.<\/li>\n<li><strong>Centrocampistas:<\/strong> Javier Mascherano, Fernando Gago y Erik Lamela, Maximiliano Rodr\u00edguez, Jos\u00e9 Sosa, Rodrigo Bra\u00f1a y Eduardo Salvio.<\/li>\n<li><strong>Delanteros:<\/strong> Gonzalo Higua\u00edn, Lionel Messi, Rodrigo Palacio y Sergio Ag\u00fcero.<\/li>\n<\/ul>\n<div id=\"attachment_342841\" style=\"width: 810px\" class=\"wp-caption aligncenter\"><a href=\"https:\/\/diarioelpopular.com\/wp-content\/uploads\/2012\/02\/FOTO-4-ANEJO-F.C..jpg\"><img loading=\"lazy\" decoding=\"async\" aria-describedby=\"caption-attachment-342841\" class=\"size-full wp-image-342841\" title=\"FOTO 4 ANEJO F.C.\" src=\"https:\/\/diarioelpopular.com\/wp-content\/uploads\/2012\/02\/FOTO-4-ANEJO-F.C..jpg\" alt=\"\" width=\"800\" height=\"549\" \/><\/a><p id=\"caption-attachment-342841\" class=\"wp-caption-text\">\u201cAnejo F.C.\u201d, escuadra del torneo \u201cT\u00edpico Centroamericano\u201d<\/p><\/div>\n<p>\u201cAnejo F.C.\u201d, un elenco que va subiendo en la tabla de posiciones de la categor\u00eda Maestros de la liga \u201cBurocr\u00e1tica Comercial\u201d, cuenta en sus filas a un rejuvenecido Julio Garc\u00eda, quien convirti\u00f3 los dos goles del triunfo ante el \u201cIlobasco Roble\u201d el viernes reci\u00e9n pasado.<\/p>\n<div id=\"attachment_342843\" style=\"width: 202px\" class=\"wp-caption alignright\"><a href=\"https:\/\/diarioelpopular.com\/wp-content\/uploads\/2012\/02\/FOTO-5-MESSI.jpg\"><img loading=\"lazy\" decoding=\"async\" aria-describedby=\"caption-attachment-342843\" class=\" wp-image-342843  \" title=\"Camiseta MESSI\" src=\"https:\/\/diarioelpopular.com\/wp-content\/uploads\/2012\/02\/FOTO-5-MESSI-300x246.jpg\" alt=\"\" width=\"192\" height=\"158\" \/><\/a><p id=\"caption-attachment-342843\" class=\"wp-caption-text\">Pol\u00e9mica camiseta de Lionel Messi fue subastada en 11.000 euros<\/p><\/div>\n<p>La camiseta del argentino Lionel Messi que origin\u00f3 una pelea entre Miroslav Kadlec y Manuel Friedrich tras el encuentro entre el Barcelona y el Bayer Leverkusen ya tiene due\u00f1o. La casaca fue finalmente subastada por 11.000 euros y el dinero estar\u00e1 destinado a fines solidarios. La disputa entre Kadlec y Friedrich por la camiseta del Bal\u00f3n de Oro provoc\u00f3 el enfado de los dirigentes del Leverkusen, que lamentaron la actitud de los dos futbolistas. El director deportivo de la entidad, Rudy V\u00f6ller, recalc\u00f3 que \u201clo que hicieron fue demasiado\u201d. En este sentido fue tajante e insto a los suyos a regalar la el\u00e1stica para fines ben\u00e9ficos. \u201cPuedo garantizarle que esos dos jugadores subastar\u00e1n las camisetas para una buena causa\u201d. Y as\u00ed se hizo.<\/p>\n<div id=\"attachment_342846\" style=\"width: 266px\" class=\"wp-caption alignleft\"><a href=\"https:\/\/diarioelpopular.com\/wp-content\/uploads\/2012\/02\/FOTO-6-KEVEN-CASELLA-RAMON-MELLA-JONATHAN-ORSORIO-COPIHUES-ROJOS-VILLA-DEL-PARQUE.jpg\"><img loading=\"lazy\" decoding=\"async\" aria-describedby=\"caption-attachment-342846\" class=\"size-medium wp-image-342846\" title=\"KEVEN CASELLA RAMON MELLA JONATHAN ORSORIO COPIHUES ROJOS - VILLA DEL PARQUE\" src=\"https:\/\/diarioelpopular.com\/wp-content\/uploads\/2012\/02\/FOTO-6-KEVEN-CASELLA-RAMON-MELLA-JONATHAN-ORSORIO-COPIHUES-ROJOS-VILLA-DEL-PARQUE-256x300.jpg\" alt=\"\" width=\"256\" height=\"300\" \/><\/a><p id=\"caption-attachment-342846\" class=\"wp-caption-text\">Keven Casella, de \u201cVilla del Parque\u201d, frente a Jonathan Osorio, del \u201cCopihues Rojos\u201d, ante la atenta mirada de Ram\u00f3n Mella, en pol\u00e9mico partido en \u201cLa Original\u201d<\/p><\/div>\n<p>Un partido pol\u00e9mico, duro y con algunas jugadas ilegales fue el protagonizado por las escuadras de \u201cCopihues Rojos\u201d con los argentinos de \u201cVilla del Parque\u201d, elencos de la Primera Divisi\u00f3n que necesitaban los puntos para seguir en la senda de la obtenci\u00f3n del trofeo \u201cTaca Airlines\u201d. Afortunadamente la organizaci\u00f3n puso en la direcci\u00f3n del partido al experimentado ex -FIFA, Amato de Luca que supo controlar a los jugadores antes de que se armara un conflicto mayor.<\/p>\n<div id=\"attachment_342847\" style=\"width: 196px\" class=\"wp-caption alignright\"><a href=\"https:\/\/diarioelpopular.com\/wp-content\/uploads\/2012\/02\/FOTO-7-ALBERTO-RODRIGUEZ.jpg\"><img loading=\"lazy\" decoding=\"async\" aria-describedby=\"caption-attachment-342847\" class=\" wp-image-342847 \" title=\"ALBERTO RODRIGUEZ\" src=\"https:\/\/diarioelpopular.com\/wp-content\/uploads\/2012\/02\/FOTO-7-ALBERTO-RODRIGUEZ.jpg\" alt=\"\" width=\"186\" height=\"174\" \/><\/a><p id=\"caption-attachment-342847\" class=\"wp-caption-text\">El peruano Alberto Rodr\u00edguez se recupera de una lesi\u00f3n a su rodilla derecha<\/p><\/div>\n<p>El defensor peruano Alberto Rodr\u00edguez tendr\u00e1 que realizar trabajos diferenciados en el Sporting de Lisboa, debido a un golpe en su rodilla derecha aunque dicha dolencia \u201cno es de gravedad\u201d, inform\u00f3 la prensa portuguesa. \u201cRodr\u00edguez no estar\u00e1 en condiciones de sumarse a las pr\u00e1cticas debido a un golpe en la rodilla derecha; sin embargo, el departamento m\u00e9dico afirm\u00f3 que no es una lesi\u00f3n de gravedad, por lo que s\u00f3lo tendr\u00e1 que realizar trabajos de acondicionamiento.<\/p>\n<p>En tanto, el otro peruano que juega en el equipo lusitano, Andr\u00e9 Carrillo, podr\u00e1 reincorporarse a los entrenamientos luego de recuperarse de una fatiga muscular. Como se recuerda, en la v\u00edspera ambos jugadores salieron del campo por diversas dolencias, durante el partido con el Legia Warsaw de Polonia por los dieciseisavos de final de la Euroliga. El equipo lisboeta clasific\u00f3 a los octavos de final del torneo europeo, fase en que enfrentar\u00e1 al poderoso Manchester City de Inglaterra. Los encuentros de ida y vuelta se realizar\u00e1n el 8 y 15 de marzo, respectivamente.<\/p>\n<div id=\"attachment_342851\" style=\"width: 157px\" class=\"wp-caption alignleft\"><a href=\"https:\/\/diarioelpopular.com\/wp-content\/uploads\/2012\/02\/FOTO-8-AMERICA-TORNTO-RICARDO-GULARTE.jpg\"><img loading=\"lazy\" decoding=\"async\" aria-describedby=\"caption-attachment-342851\" class=\"size-medium wp-image-342851\" title=\"AMERICA TORONTO RICARDO GULARTE\" src=\"https:\/\/diarioelpopular.com\/wp-content\/uploads\/2012\/02\/FOTO-8-AMERICA-TORNTO-RICARDO-GULARTE-147x300.jpg\" alt=\"\" width=\"147\" height=\"300\" \/><\/a><p id=\"caption-attachment-342851\" class=\"wp-caption-text\">El \u201cmotor\u201d y jugador de peso, Ricardo Gularte, en el equipo \u201cAm\u00e9rica Toronto\u201d que est\u00e1 entre los primeros en la tabla de posiciones de la liga \u201cBurocr\u00e1tica Comercial\u201d<\/p><\/div>\n<p>El \u201cAm\u00e9rica Toronto\u201d est\u00e1 entre los tres primeros equipos en la categor\u00eda Maestros y en sus filas cuenta con un verdadero Maestro del futbol, Ricardo Gularte quien es quien le pone \u201cpeso\u201d y es el motor de su equipo, sus pases magistrales y sorpresivos tiros al arco lo hacen un gran jugador de su equipo.<\/p>\n<p><a href=\"https:\/\/diarioelpopular.com\/wp-content\/uploads\/2012\/02\/FOTO-9-VICTOR-VALDES.jpg\"><img loading=\"lazy\" decoding=\"async\" class=\"alignright size-medium wp-image-342852\" title=\"FOTO 9 VICTOR VALDES\" src=\"https:\/\/diarioelpopular.com\/wp-content\/uploads\/2012\/02\/FOTO-9-VICTOR-VALDES-259x300.jpg\" alt=\"\" width=\"259\" height=\"300\" \/><\/a>Jos\u00e9 Luis Chilavert, el ex portero paraguayo sali\u00f3 en defensa del arquero espa\u00f1ol V\u00edctor Vald\u00e9s, qui\u00e9n fue duramente criticado por Diego Armando Maradona. Tras el ataque de Diego Maradona a V\u00edctor Vald\u00e9s, el siempre pol\u00e9mico Chilavert sali\u00f3 en su defensa y arremeti\u00f3 contra la estrella argentina. &#8220;D\u00edganle a V\u00edctor Vald\u00e9s que no le haga caso a Maradona porqu\u00e9 no sabe nada de f\u00fatbol, es el mejor del mundo. Maradona: &#8220;De f\u00fatbol no sabe nada. Los futbolistas, los referentes importantes en el mundo han de cuidar much\u00edsimo no entrar en la droga. \u00c9l ha hecho mucho da\u00f1o al futbol. Hasta ha hablado mal del Papa Juan Pablo II, por esto est\u00e1 exiliado en los Emiratos&#8221;. Chilavert manifest\u00f3 que &#8220;Marcelo Bielsa es el sucesor de Guardiola, est\u00e1 capacitado para entrenar al Barcelona, tiene todas la condiciones. Es un gran entrenador&#8221;.<\/p>\n<div id=\"attachment_342854\" style=\"width: 810px\" class=\"wp-caption aligncenter\"><a href=\"https:\/\/diarioelpopular.com\/wp-content\/uploads\/2012\/02\/FOTO-10-TUMI-PERU-SUPER-MASTER-28-ENERO-2012-012.jpg\"><img loading=\"lazy\" decoding=\"async\" aria-describedby=\"caption-attachment-342854\" class=\"size-full wp-image-342854\" title=\"TUMI PERU SUPER  MASTER 28 ENERO 2012 012\" src=\"https:\/\/diarioelpopular.com\/wp-content\/uploads\/2012\/02\/FOTO-10-TUMI-PERU-SUPER-MASTER-28-ENERO-2012-012.jpg\" alt=\"\" width=\"800\" height=\"606\" \/><\/a><p id=\"caption-attachment-342854\" class=\"wp-caption-text\">\u201cTumi Per\u00fa\u201d, escuadra de S\u00faper M\u00e1ster en la liga \u201cCentro Sur La original\u201d<\/p><\/div>\n<p>\u201cTumi Per\u00fa\u201d con su empate ante las \u201cEstrellas del Ma\u00f1ana\u201d no fue mucho lo que avanzo en la tabla de la categor\u00eda S\u00faper M\u00e1ster, pero el equipo est\u00e1 demostrando que puede dar m\u00e1s y entregar alegr\u00eda a sus seguidores, que son muchos.<\/p>\n<div id=\"attachment_342855\" style=\"width: 200px\" class=\"wp-caption alignleft\"><a href=\"https:\/\/diarioelpopular.com\/wp-content\/uploads\/2012\/02\/FOTO-11-FABIEN-VARGAS.jpg\"><img loading=\"lazy\" decoding=\"async\" aria-describedby=\"caption-attachment-342855\" class=\"size-full wp-image-342855\" title=\"FABIEN VARGAS\" src=\"https:\/\/diarioelpopular.com\/wp-content\/uploads\/2012\/02\/FOTO-11-FABIEN-VARGAS.jpg\" alt=\"\" width=\"190\" height=\"273\" \/><\/a><p id=\"caption-attachment-342855\" class=\"wp-caption-text\">El jugador colombiano Fabi\u00e1n Vargas espera ser llamado a la selecci\u00f3n de futbol de su pa\u00eds<\/p><\/div>\n<p>Fabi\u00e1n Vargas se ha ganado un lugar indiscutible en el AEK de Grecia y cree que a\u00fan tiene las condiciones para integrar una Selecci\u00f3n Colombia. Esa esperanza est\u00e1 fundamentada en la presencia del t\u00e9cnico Jos\u00e9 Pekerman, t\u00e9cnico que seg\u00fan \u00e9l, le da un nuevo aire a estos procesos. El jugador colombiano, de 31 a\u00f1os, dice que Pekerman tiene las condiciones para llevar el equipo a un Mundial, que el Bolillo se equivoc\u00f3 y que a Leonel le falt\u00f3 respaldo.<\/p>\n<p>Fabi\u00e1n Vargas critic\u00f3 que algunos jugadores de buen nivel hayan estado por fuera de las \u00faltimas convocatorias. &#8220;Hern\u00e1n tuvo una equivocaci\u00f3n muy grande y grave, le toc\u00f3 pagar y asumir las consecuencias de sus actos. A Leonel creo que le falt\u00f3 un poco m\u00e1s de respaldo y tiempo para demostrar su potencial y aunque siempre he respaldado los t\u00e9cnicos colombianos y hay muchos con la capacidad de asumir esa responsabilidad, la llegada de Pekerman puede ser el inicio de un camino que nos lleve de regreso a un Mundial. Tiene la experiencia, est\u00e1 preparado y sabe lo qu\u00e9 se tiene que hacer para llevar un seleccionado a un mundial, ahora hay que cobijarlo y brindarle el respaldo que necesita de parte de hinchas, directivos y periodistas para que pueda hacer su trabajo&#8221;. Extra\u00f1a volver a jugar en Colombia, manifest\u00f3 &#8220;Siempre se extra\u00f1a el pa\u00eds, espero regresar en alg\u00fan momento aunque ahora mi pensamiento est\u00e1 en tratar de mantenerme por el mayor tiempo posible en Europa&#8221;.<\/p>\n<div id=\"attachment_342856\" style=\"width: 214px\" class=\"wp-caption alignright\"><a href=\"https:\/\/diarioelpopular.com\/wp-content\/uploads\/2012\/02\/FOTO-12-ANGELO-ESPINOZA-COMUNICACIONES.jpg\"><img loading=\"lazy\" decoding=\"async\" aria-describedby=\"caption-attachment-342856\" class=\"size-medium wp-image-342856\" title=\"ANGELO ESPINOZA COMUNICACIONES\" src=\"https:\/\/diarioelpopular.com\/wp-content\/uploads\/2012\/02\/FOTO-12-ANGELO-ESPINOZA-COMUNICACIONES-204x300.jpg\" alt=\"\" width=\"204\" height=\"300\" \/><\/a><p id=\"caption-attachment-342856\" class=\"wp-caption-text\">Angelo Espinoza, integrante del equipo \u201cComunicaciones\u201d, marc\u00f3 tres goles en torneo \u201cT\u00edpico Centroamericano\u201d<\/p><\/div>\n<p>Gran actuaci\u00f3n del jugador del \u201cComunicaciones\u201d Angelo Espinoza, en el lance ante \u201cTrikeros\u201d comenz\u00f3 con todo y convirti\u00f3 tres goles en los cinco primeros minutos del partido, aunque despu\u00e9s al parecer se \u201cfundi\u00f3\u201d se dedic\u00f3 a entregar balones a sus compa\u00f1eros. \u201cComunicaciones\u201d se encuentra ubicado en segundo lugar detr\u00e1s de \u201cTazumal\u201d.<\/p>\n<div id=\"attachment_342857\" style=\"width: 160px\" class=\"wp-caption alignleft\"><a href=\"https:\/\/diarioelpopular.com\/wp-content\/uploads\/2012\/02\/FOTO-13-OSCAR-TABARES.jpg\"><img loading=\"lazy\" decoding=\"async\" aria-describedby=\"caption-attachment-342857\" class=\"size-thumbnail wp-image-342857\" title=\"OSCAR TABARES\" src=\"https:\/\/diarioelpopular.com\/wp-content\/uploads\/2012\/02\/FOTO-13-OSCAR-TABARES-150x150.jpg\" alt=\"\" width=\"150\" height=\"150\" \/><\/a><p id=\"caption-attachment-342857\" class=\"wp-caption-text\">Oscar Tabares, t\u00e9cnico de la selecci\u00f3n uruguaya<\/p><\/div>\n<p>En declaraciones, el t\u00e9cnico de la selecci\u00f3n uruguaya \u00d3scar Washington Tab\u00e1rez dijo que va a hablar en privado con Lu\u00eds Su\u00e1rez y destac\u00f3 lo buena persona que es. &#8220;No es lavarme las manos y no comprometerme, pero yo soy el t\u00e9cnico de la selecci\u00f3n de Uruguay y todo lo que haga respecto de Luis Su\u00e1rez tiene que ver con dos \u00e1reas fundamentales: primero la persona que es \u00e9l, de la que no me cabe ni la m\u00e1s m\u00ednima duda en cuanto a los valores que tiene y en cuanto a lo que es, y despu\u00e9s de Su\u00e1rez como integrante de la selecci\u00f3n de Uruguay, c\u00f3mo puede influir en el futuro todo esto que ha pasado. Yo no s\u00e9 ni los detalles. Todo lo que s\u00e9 es lo que saben todos a trav\u00e9s de terceros. No me interesa hablarlo p\u00fablicamente porque lo \u00fanico que puedo hacer posiblemente sea equivocarme y me cuido mucho de eso, m\u00e1s all\u00e1 de que puedan pensar que puede haber una falta de compromiso&#8221;.<\/p>\n<div id=\"attachment_342860\" style=\"width: 224px\" class=\"wp-caption alignright\"><a href=\"https:\/\/diarioelpopular.com\/wp-content\/uploads\/2012\/02\/FOTO14-ESMERALDANIBAL-rOBLES.jpg\"><img loading=\"lazy\" decoding=\"async\" aria-describedby=\"caption-attachment-342860\" class=\"size-medium wp-image-342860\" title=\"ESMERALDA ANIBAL ROBLES\" src=\"https:\/\/diarioelpopular.com\/wp-content\/uploads\/2012\/02\/FOTO14-ESMERALDANIBAL-rOBLES-214x300.jpg\" alt=\"\" width=\"214\" height=\"300\" \/><\/a><p id=\"caption-attachment-342860\" class=\"wp-caption-text\">An\u00edbal Robles, un gran arquero que act\u00faa en varios equipos en diferentes torneos<\/p><\/div>\n<p>An\u00edbal Robles, por mucho tiempo ha sido uno de los grandes porteros que han tenido los equipos de indoor soccer de nuestros torneos locales. En la actualidad lo vemos integrando varios equipos, en diferentes torneos, lo que lo mantiene moviliz\u00e1ndose constantemente de un gimnasio a otro.<\/p>\n<div id=\"attachment_342861\" style=\"width: 198px\" class=\"wp-caption alignleft\"><a href=\"https:\/\/diarioelpopular.com\/wp-content\/uploads\/2012\/02\/FOTO-15-PELE1.jpg\"><img loading=\"lazy\" decoding=\"async\" aria-describedby=\"caption-attachment-342861\" class=\" wp-image-342861 \" title=\"PELE\" src=\"https:\/\/diarioelpopular.com\/wp-content\/uploads\/2012\/02\/FOTO-15-PELE1.jpg\" alt=\"\" width=\"188\" height=\"201\" \/><\/a><p id=\"caption-attachment-342861\" class=\"wp-caption-text\">El eterno Pele elogia a Pepe Guardiola y compara al \u201cBarcelona\u201d con su \u201cSantos\u201d brasilero<\/p><\/div>\n<p>El brasile\u00f1o Edson Arantes do Nascimento, &#8216;Pel\u00e9&#8217;, uno de los mejores jugadores de la historia del f\u00fatbol, afirm\u00f3 que, adem\u00e1s del talento, es preciso el entrenamiento, pero que \u00e9l naci\u00f3 para el f\u00fatbol &#8220;Mi padre sol\u00eda decirme: t\u00fa naciste para jugar al f\u00fatbol. Tienes un don para eso. Pero si no te preparas, si no entrenas, si no practicas mucho, entonces ser\u00e1s igual que el resto. Ten\u00eda mucha raz\u00f3n. Pero bueno, yo nac\u00ed para el f\u00fatbol como Beethoven naci\u00f3 para la m\u00fasica y Miguel \u00c1ngel naci\u00f3 para pintar&#8221;.<\/p>\n<p>Pel\u00e9, &#8216;O Rei&#8217;, como es conocido mundialmente, destac\u00f3 las excelencias del actual Barcelona de Pep Guardiola Hay que fijarse que el Barcelona es la base de la selecci\u00f3n espa\u00f1ola. Esos \u00e9xitos est\u00e1n conectados. Pel\u00e9, asimismo, se mostr\u00f3 confiado en que en el f\u00fatbol del futuro la calidad t\u00e9cnica siga triunfando: &#8220;La gente quiere ver ese f\u00fatbol, ese espect\u00e1culo. Yo s\u00ed espero que sea la base para el f\u00fatbol del futuro, en el que la t\u00e9cnica se imponga al f\u00edsico&#8221;.<\/p>\n<div id=\"attachment_342863\" style=\"width: 810px\" class=\"wp-caption aligncenter\"><a href=\"https:\/\/diarioelpopular.com\/wp-content\/uploads\/2012\/02\/FOTO-16-MEXI-CANS-MAESTROS.jpg\"><img loading=\"lazy\" decoding=\"async\" aria-describedby=\"caption-attachment-342863\" class=\"size-full wp-image-342863\" title=\"MEXI-CANS MAESTROS\" src=\"https:\/\/diarioelpopular.com\/wp-content\/uploads\/2012\/02\/FOTO-16-MEXI-CANS-MAESTROS.jpg\" alt=\"\" width=\"800\" height=\"619\" \/><\/a><p id=\"caption-attachment-342863\" class=\"wp-caption-text\">\u201cThe Mexi-Cans\u201d, escuadra participante en la categor\u00eda de Maestros en la liga \u201cBurocr\u00e1tica Comercial\u201d<\/p><\/div>\n<p>\u201cThe Mexi-Cans\u201d escuadra de Maestros en la liga \u201cBurocr\u00e1tica Comercial\u201d que iba raudo en el alcance de los primeros de la tabla de posiciones fue detenido por el puntero \u201cTazumal\u201d que en gran partido lo venci\u00f3 por dos a uno. Los mexicanos son grandes animadores del torneo de los Maestros.<\/p>\n<div id=\"attachment_342865\" style=\"width: 170px\" class=\"wp-caption alignright\"><a href=\"https:\/\/diarioelpopular.com\/wp-content\/uploads\/2012\/02\/FOTO-17-BRASIL-CARNAVAL.jpg\"><img loading=\"lazy\" decoding=\"async\" aria-describedby=\"caption-attachment-342865\" class=\"size-full wp-image-342865\" title=\"BRASIL CARNAVAL\" src=\"https:\/\/diarioelpopular.com\/wp-content\/uploads\/2012\/02\/FOTO-17-BRASIL-CARNAVAL.jpg\" alt=\"\" width=\"160\" height=\"160\" \/><\/a><p id=\"caption-attachment-342865\" class=\"wp-caption-text\">La Comisi\u00f3n brasilera de f\u00fatbol est\u00e1 sacando informaci\u00f3n del Carnaval de Rio de Janeiro para usar en el Mundial 2014. Lo que no sabemos es en qu\u00e9 equipo juega esta bailarina, pero parece ser muy buena...<\/p><\/div>\n<p>El Carnaval de Brasil no es s\u00f3lo una gran fiesta: los festejos de esta semana en todo el pa\u00eds tambi\u00e9n le sirvieron a los organizadores de la Copa del Mundo para sacar importantes conclusiones de cara al torneo que se realizar\u00e1 en dos a\u00f1os. Los turistas abarrotaron en estos d\u00edas muchas de las ciudades que albergar\u00e1n el Mundial, lo que permiti\u00f3 a las autoridades evaluar los proyectos que implementan para el torneo, desde mejoras de infraestructura hasta programas de seguridad p\u00fablica y servicios m\u00e9dicos. Fue una oportunidad ideal para que los organizadores observaran de cerca los desplazamientos de millones de personas en todo el pa\u00eds, lo mismo que suceder\u00e1 durante el Mundial de 2014.<\/p>\n<p>&#8220;Ya estamos preparados para el Mundial&#8221;, dijo Merina Aragao, funcionaria de una dependencia oficial de turismo en Salvador, la ciudad en el noreste donde se realizan el segundo Carnaval m\u00e1s importante del pa\u00eds despu\u00e9s del R\u00edo de Janeiro. &#8220;Tras haber montado esta fiesta grandiosa que es el Carnaval en Salvador, vamos a poder lidiar con los desaf\u00edos de un Mundial&#8221;.<\/p>\n<p>La ciudad puso en vigor las medidas que tratar\u00e1 de repetir durante el Mundial, al movilizar a m\u00e1s de 10.000 de sus empleados en tareas de seguridad, limpieza, salud y servicios de emergencia. Tambi\u00e9n se puso a prueba la capacidad de hospedaje de la ciudad para la gran cantidad de periodistas que se espera cubrir\u00e1n el torneo. Salvador ser\u00e1 sede de seis partidos en el Mundial, entre esos uno de cuartos de final. Tambi\u00e9n est\u00e1 pujando por ser anfitriona de partidos en la Copa Confederaciones de 2013.<\/p>\n<p>Nos vemos la pr\u00f3xima semana en las notas del futbol hispano.<\/p>\n","protected":false},"excerpt":{"rendered":"<p>Como yo me movilizo en \u201czapatibus\u201d y en TTC s\u00e9 mucho de aguantar las inclemencias del tiempo, por eso que las comparo con las actividades&hellip;<\/p>\n","protected":false},"author":1,"featured_media":342833,"comment_status":"open","ping_status":"open","sticky":false,"template":"","format":"standard","meta":{"footnotes":""},"categories":[28],"tags":[179,657],"class_list":["post-342831","post","type-post","status-publish","format-standard","has-post-thumbnail","hentry","category-deportes","tag-futbol-2","tag-futbol-hispano"],"_links":{"self":[{"href":"https:\/\/diarioelpopular.com\/index.php\/wp-json\/wp\/v2\/posts\/342831","targetHints":{"allow":["GET"]}}],"collection":[{"href":"https:\/\/diarioelpopular.com\/index.php\/wp-json\/wp\/v2\/posts"}],"about":[{"href":"https:\/\/diarioelpopular.com\/index.php\/wp-json\/wp\/v2\/types\/post"}],"author":[{"embeddable":true,"href":"https:\/\/diarioelpopular.com\/index.php\/wp-json\/wp\/v2\/users\/1"}],"replies":[{"embeddable":true,"href":"https:\/\/diarioelpopular.com\/index.php\/wp-json\/wp\/v2\/comments?post=342831"}],"version-history":[{"count":0,"href":"https:\/\/diarioelpopular.com\/index.php\/wp-json\/wp\/v2\/posts\/342831\/revisions"}],"wp:featuredmedia":[{"embeddable":true,"href":"https:\/\/diarioelpopular.com\/index.php\/wp-json\/"}],"wp:attachment":[{"href":"https:\/\/diarioelpopular.com\/index.php\/wp-json\/wp\/v2\/media?parent=342831"}],"wp:term":[{"taxonomy":"category","embeddable":true,"href":"https:\/\/diarioelpopular.com\/index.php\/wp-json\/wp\/v2\/categories?post=342831"},{"taxonomy":"post_tag","embeddable":true,"href":"https:\/\/diarioelpopular.com\/index.php\/wp-json\/wp\/v2\/tags?post=342831"}],"curies":[{"name":"wp","href":"https:\/\/api.w.org\/{rel}","templated":true}]}}