{"id":345264,"date":"2012-02-29T23:58:01","date_gmt":"2012-03-01T04:58:01","guid":{"rendered":"http:\/\/diarioelpopular.com\/?p=345264"},"modified":"2012-02-29T23:58:01","modified_gmt":"2012-03-01T04:58:01","slug":"canada-renueva-su-compromiso-con-la-estacion-espacial","status":"publish","type":"post","link":"https:\/\/diarioelpopular.com\/index.php\/2012\/02\/29\/canada-renueva-su-compromiso-con-la-estacion-espacial\/","title":{"rendered":"Canad\u00e1 renueva su compromiso con la Estaci\u00f3n Espacial"},"content":{"rendered":"<div id=\"attachment_345307\" style=\"width: 710px\" class=\"wp-caption aligncenter\"><a href=\"https:\/\/diarioelpopular.com\/wp-content\/uploads\/2012\/02\/El-astronauta-canadiense-Chris-Hadfield.jpeg\"><img loading=\"lazy\" decoding=\"async\" aria-describedby=\"caption-attachment-345307\" class=\"size-full wp-image-345307\" title=\"El astronauta canadiense Chris Hadfield\" src=\"https:\/\/diarioelpopular.com\/wp-content\/uploads\/2012\/02\/El-astronauta-canadiense-Chris-Hadfield.jpeg\" alt=\"\" width=\"700\" height=\"420\" \/><\/a><p id=\"caption-attachment-345307\" class=\"wp-caption-text\">El astronauta canadiense Chris Hadfield viajar\u00e1 a la Estaci\u00f3n Internacional Espacial para una estancia de seis meses a finales de este a\u00f1o<\/p><\/div>\n<p><em><strong>El Popular. Redacci\u00f3n.-<\/strong><\/em> Mientras los l\u00edderes de las agencias espaciales m\u00e1s importantes se re\u00fanen en el pa\u00eds para discutir el futuro de la Estaci\u00f3n Internacional Espacial (ISS, por sus siglas en ingl\u00e9s), Canad\u00e1 finalmente se ha comprometido a mantener su compromiso con el laboratorio en \u00f3rbita m\u00e1s all\u00e1 del a\u00f1o 2015.<\/p>\n<p>El ministro de Industria, Christian Paradis, hizo el anuncio este mi\u00e9rcoles despu\u00e9s de que cinco socios internacionales de la estaci\u00f3n discutieran sobre el futuro de la ISS en una reuni\u00f3n de grupo en la Ciudad de Quebec.<\/p>\n<p>Steve MacLean, director de la Agencia Espacial Canadiense, dijo en una entrevista que los detalles del acuerdo todav\u00eda tienen que ser negociados. Este jueves los jefes de las agencias espaciales hablar\u00e1n sobre proyectos de cooperaci\u00f3n en la exploraci\u00f3n espacial, el mantenimiento de la estaci\u00f3n espacial y sus potenciales beneficios para la humanidad.<\/p>\n<p>\u201cCon este renovado compromiso estamos ayudando a mantener el liderazgo de Canad\u00e1 en la tecnolog\u00eda espacial\u201d, dijo Paradis en una conferencia de prensa. Antes del anuncio, algunos actores de la industria se mostraron preocupados de que, a diferencia de sus socios, Canad\u00e1 no hab\u00eda firmado a favor de apoyar el periodo de renovaci\u00f3n hasta el a\u00f1o 2020, el final de la vida \u00fatil proyectada para la estaci\u00f3n.<\/p>\n<p>Una serie de proyectos de la industria espacial son apoyados por la Agencia Espacial Canadiense con un presupuesto anual actual de 424,6 millones de d\u00f3lares. Es por ello que las pr\u00f3ximas decisiones van a conllevar profundas consecuencias financieras para el sector espacial, como por ejemplo la agencia Neptec.<\/p>\n<p>La agencia, al igual que otros organismos federales, est\u00e1 preparando importantes recortes en el presupuesto para este a\u00f1o. Los bur\u00f3cratas de cada departamento han pedido que cada escenario se prepare para un recorte en los presupuestos de entre el 5 y el 10%.<\/p>\n<p>El astronauta canadiense Chris Hadfield, por otro lado, viajar\u00e1 a la Estaci\u00f3n Internacional Espacial para una estancia de seis meses a finales de este a\u00f1o, pero no est\u00e1 claro si otro astronauta de Canad\u00e1 tambi\u00e9n viajar\u00e1 hasta la estaci\u00f3n. Por el momento no hay vuelos, m\u00e1s all\u00e1 del de Hadfield, programados para los astronautas canadienses para antes de finales de los pr\u00f3ximos diez a\u00f1os.<\/p>\n","protected":false},"excerpt":{"rendered":"<p>Mientras los l\u00edderes de las agencias espaciales m\u00e1s importantes se re\u00fanen en el pa\u00eds para discutir el futuro de la Estaci\u00f3n Internacional Espacial (ISS, por sus siglas en ingl\u00e9s), Canad\u00e1 finalmente se ha comprometido a mantener su compromiso con el laboratorio en \u00f3rbita m\u00e1s all\u00e1 del a\u00f1o 2015.<\/p>\n","protected":false},"author":1,"featured_media":345307,"comment_status":"open","ping_status":"open","sticky":false,"template":"","format":"standard","meta":{"footnotes":""},"categories":[21],"tags":[77,1622,1623,1624],"class_list":["post-345264","post","type-post","status-publish","format-standard","has-post-thumbnail","hentry","category-canada","tag-canada-2","tag-eei","tag-estacion-espacial-internacional","tag-iss"],"_links":{"self":[{"href":"https:\/\/diarioelpopular.com\/index.php\/wp-json\/wp\/v2\/posts\/345264","targetHints":{"allow":["GET"]}}],"collection":[{"href":"https:\/\/diarioelpopular.com\/index.php\/wp-json\/wp\/v2\/posts"}],"about":[{"href":"https:\/\/diarioelpopular.com\/index.php\/wp-json\/wp\/v2\/types\/post"}],"author":[{"embeddable":true,"href":"https:\/\/diarioelpopular.com\/index.php\/wp-json\/wp\/v2\/users\/1"}],"replies":[{"embeddable":true,"href":"https:\/\/diarioelpopular.com\/index.php\/wp-json\/wp\/v2\/comments?post=345264"}],"version-history":[{"count":0,"href":"https:\/\/diarioelpopular.com\/index.php\/wp-json\/wp\/v2\/posts\/345264\/revisions"}],"wp:featuredmedia":[{"embeddable":true,"href":"https:\/\/diarioelpopular.com\/index.php\/wp-json\/"}],"wp:attachment":[{"href":"https:\/\/diarioelpopular.com\/index.php\/wp-json\/wp\/v2\/media?parent=345264"}],"wp:term":[{"taxonomy":"category","embeddable":true,"href":"https:\/\/diarioelpopular.com\/index.php\/wp-json\/wp\/v2\/categories?post=345264"},{"taxonomy":"post_tag","embeddable":true,"href":"https:\/\/diarioelpopular.com\/index.php\/wp-json\/wp\/v2\/tags?post=345264"}],"curies":[{"name":"wp","href":"https:\/\/api.w.org\/{rel}","templated":true}]}}