{"id":347259,"date":"2012-02-29T22:06:39","date_gmt":"2012-03-01T03:06:39","guid":{"rendered":"http:\/\/diarioelpopular.com\/?p=347259"},"modified":"2012-02-29T22:06:39","modified_gmt":"2012-03-01T03:06:39","slug":"la-complicada-vida-a-bordo-del-crucero-costa-allegra","status":"publish","type":"post","link":"https:\/\/diarioelpopular.com\/index.php\/2012\/02\/29\/la-complicada-vida-a-bordo-del-crucero-costa-allegra\/","title":{"rendered":"La complicada vida a bordo del crucero &#8216;Costa Allegra&#8217;"},"content":{"rendered":"<ul>\n<li><a href=\"https:\/\/diarioelpopular.com\/2012\/02\/trece-canadienses-a-bordo-del-crucero-que-quedo-a-la-deriva\/\"><strong>Trece canadienses, a bordo del crucero que qued\u00f3 a la deriva<\/strong><\/a><\/li>\n<\/ul>\n<div id=\"attachment_347260\" style=\"width: 710px\" class=\"wp-caption aligncenter\"><a href=\"https:\/\/diarioelpopular.com\/wp-content\/uploads\/2012\/03\/El-crucero-Costa-Allegra-en-el-\u00cdndico.jpg\"><img loading=\"lazy\" decoding=\"async\" aria-describedby=\"caption-attachment-347260\" class=\"size-full wp-image-347260\" title=\"El crucero Costa Allegra, en el \u00cdndico\" src=\"https:\/\/diarioelpopular.com\/wp-content\/uploads\/2012\/03\/El-crucero-Costa-Allegra-en-el-\u00cdndico.jpg\" alt=\"\" width=\"700\" height=\"420\" \/><\/a><p id=\"caption-attachment-347260\" class=\"wp-caption-text\">Fotograf\u00eda tomada por la Marina de la India el 27 de febrero de 2012, y facilitada este 28 de febrero por la oficina de la Presidencia de Seychelles, que muestra el crucero Costa Allegra despu\u00e9s de que sufriera un incendio en su sala de m\u00e1quinas, en aguas de las islas Seychelles. El Costa Allegra est\u00e1 siendo remolcado por un pesquero franc\u00e9s hasta la isla de Desroches, situada a 230 kil\u00f3metros al sureste de Mahe. Los 627 pasajeros del crucero est\u00e1n constantemente atendidos e informados por el comandante y la tripulaci\u00f3n y han sido invitados a preparar sus equipajes para estar preparados para desembarcar. Entre los pasajeros se encuentran trece canadienses, quince espa\u00f1oles, dos brasile\u00f1os, dos portugueses, un uruguayo y ocho estadounidenses. Foto: Marina de la India \/ Oficina de la Presidencia de Seychelles \/ Efe<\/p><\/div>\n<p><em><strong>Efe. Roma.-<\/strong><\/em> Las condiciones de vida a bordo del crucero &#8220;Costa\u00a0Allegra&#8221;, que a causa de un incendio se encuentra sin corriente el\u00e9ctrica y est\u00e1 siendo remolcado, &#8220;son dif\u00edciles porque no hay electricidad y hace un calor sofocante con 30 grados en el exterior, pero dentro debe de ser todav\u00eda peor&#8221;.<\/p>\n<p>As\u00ed lo declar\u00f3 el capit\u00e1n de la nave de pesca de altura &#8220;Trevignon&#8221; que remolca al &#8220;Costa\u00a0Allegra&#8221;, Alain Derveute, en una breve entrevista este mi\u00e9rcoles al canal de televisi\u00f3n italiano Tgcom24, en la que asegur\u00f3 que &#8220;la navegaci\u00f3n es fatigosa, a pesar de que las corrientes son favorables, el mar est\u00e1 calmo y se procede a una velocidad de cerca de cinco nudos&#8221;.<\/p>\n<p>Derveute explic\u00f3 que se turnan entre dos personas el mando del tim\u00f3n del pesquero: &#8220;Por seguridad hemos decidido excluir el piloto autom\u00e1tico&#8221;, dijo.<\/p>\n<p>&#8220;Al crucero llega un helic\u00f3ptero dos o tres veces al d\u00eda y depositan los contenedores que llevan art\u00edculos de primera necesidad&#8221;, refiri\u00f3.<\/p>\n<p>El capit\u00e1n explic\u00f3 que son conscientes de que se trata &#8220;de aguas batidas por piratas, pero los pasajeros est\u00e1n seguros porque a bordo de &#8216;Costa\u00a0Allegra&#8217; hay militares embarcados&#8221;.<\/p>\n<p>&#8220;Es un hecho excepcional y no me hab\u00eda ocurrido nunca una cosa similar&#8221;, sostuvo.<\/p>\n<p>Por otro lado, la Guardia Costera italiana confirm\u00f3 que ya est\u00e1n a bordo los t\u00e9cnicos y el personal administrativo enviados por la naviera\u00a0Costa\u00a0Cruceros para intentar reparar el problema que ha bloqueado los motores del buque y que estudiar\u00e1n la posibilidad de volver a activar, aunque sea de manera parcial, los propulsores, lo que acelerar\u00eda la llegada a puerto.<\/p>\n<p>Los reci\u00e9n llegados al crucero a bordo de una nave militar de las Seychelles portan una generador de emergencia y asistir\u00e1n tambi\u00e9n a los pasajeros.<\/p>\n<p>Los 627 pasajeros del crucero &#8220;Costa\u00a0Allegra&#8221; se lavan con agua mineral y se alimentan de comidas fr\u00edas, como fruta, salchich\u00f3n y queso, adem\u00e1s del pan que les procura a diario el helic\u00f3ptero de la compa\u00f1\u00eda, inform\u00f3\u00a0Costa\u00a0Cruceros.<\/p>\n<p>La propietaria de &#8220;Costa\u00a0Allegra&#8221;, asegur\u00f3 que el horario de llegada a la isla de Mah\u00e9, la mayor del archipi\u00e9lago de las Seychelles, est\u00e1 sujeto a variaciones en funci\u00f3n de la velocidad y de la condiciones del tiempo y del mar, aunque est\u00e1 previsto que llegue este 1 de marzo, a la 09.00 hora local (04.30 GMT).<\/p>\n<p>En Mah\u00e9, seg\u00fan comunic\u00f3\u00a0Costa\u00a0Cruceros, se encuentra un equipo de 14 personas de la naviera que dar\u00e1 asistencia a los 627 pasajeros (entre ellos 15 espa\u00f1oles, dos brasile\u00f1os y un uruguayo), que ser\u00e1n alojados en hoteles en espera de poder ser repatriados.<\/p>\n<p>Para la llegada de los pasajeros se han reservados 600 puestos en aviones para su repatriaci\u00f3n y 400 habitaciones de hotel.<\/p>\n<p>El incendio en el &#8220;Costa\u00a0Allegra&#8221;, con ocho puentes y 399 camarotes, se ha producido un mes y medio despu\u00e9s del <a href=\"https:\/\/diarioelpopular.com\/tag\/costa-concordia\/\">naufragio del &#8220;Costa\u00a0Concordia&#8221;<\/a>, tambi\u00e9n propiedad de\u00a0Costa\u00a0Cruceros, acaecido frente a la isla italiana de Giglio y que dej\u00f3 un balance de 25 muertos y siete desaparecidos.<\/p>\n","protected":false},"excerpt":{"rendered":"<p>Las condiciones de vida a bordo del crucero &#8220;Costa Allegra&#8221;, que a causa de un incendio se encuentra sin corriente el\u00e9ctrica y est\u00e1 siendo remolcado, &#8220;son dif\u00edciles porque no hay electricidad y hace un calor sofocante con 30 grados en el exterior, pero dentro debe de ser todav\u00eda peor&#8221;.<br \/>\n<a href=\"http:\/\/diarioelpopular.com\/2012\/02\/trece-canadienses-a-bordo-del-crucero-que-quedo-a-la-deriva\/\"><span style=\"color: #000D54\"><strong>\u00bb<\/strong> Trece canadienses, a bordo del crucero que qued\u00f3 a la deriva<\/span><\/a><\/p>\n","protected":false},"author":1,"featured_media":347260,"comment_status":"open","ping_status":"open","sticky":false,"template":"","format":"standard","meta":{"footnotes":""},"categories":[24],"tags":[2248,821,1108,822,2255,2307],"class_list":["post-347259","post","type-post","status-publish","format-standard","has-post-thumbnail","hentry","category-mundo","tag-costa-allegra","tag-costa-concordia","tag-costa-cruceros","tag-crucero","tag-indico","tag-seychelles"],"_links":{"self":[{"href":"https:\/\/diarioelpopular.com\/index.php\/wp-json\/wp\/v2\/posts\/347259","targetHints":{"allow":["GET"]}}],"collection":[{"href":"https:\/\/diarioelpopular.com\/index.php\/wp-json\/wp\/v2\/posts"}],"about":[{"href":"https:\/\/diarioelpopular.com\/index.php\/wp-json\/wp\/v2\/types\/post"}],"author":[{"embeddable":true,"href":"https:\/\/diarioelpopular.com\/index.php\/wp-json\/wp\/v2\/users\/1"}],"replies":[{"embeddable":true,"href":"https:\/\/diarioelpopular.com\/index.php\/wp-json\/wp\/v2\/comments?post=347259"}],"version-history":[{"count":0,"href":"https:\/\/diarioelpopular.com\/index.php\/wp-json\/wp\/v2\/posts\/347259\/revisions"}],"wp:featuredmedia":[{"embeddable":true,"href":"https:\/\/diarioelpopular.com\/index.php\/wp-json\/"}],"wp:attachment":[{"href":"https:\/\/diarioelpopular.com\/index.php\/wp-json\/wp\/v2\/media?parent=347259"}],"wp:term":[{"taxonomy":"category","embeddable":true,"href":"https:\/\/diarioelpopular.com\/index.php\/wp-json\/wp\/v2\/categories?post=347259"},{"taxonomy":"post_tag","embeddable":true,"href":"https:\/\/diarioelpopular.com\/index.php\/wp-json\/wp\/v2\/tags?post=347259"}],"curies":[{"name":"wp","href":"https:\/\/api.w.org\/{rel}","templated":true}]}}