{"id":348650,"date":"2012-02-29T19:42:07","date_gmt":"2012-03-01T00:42:07","guid":{"rendered":"http:\/\/diarioelpopular.com\/?p=348650"},"modified":"2012-02-29T19:42:07","modified_gmt":"2012-03-01T00:42:07","slug":"el-caso-de-las-escuchas-lleva-a-dimitir-al-heredero-de-murdoch","status":"publish","type":"post","link":"https:\/\/diarioelpopular.com\/index.php\/2012\/02\/29\/el-caso-de-las-escuchas-lleva-a-dimitir-al-heredero-de-murdoch\/","title":{"rendered":"Dimite el heredero de Murdoch por el caso de las escuchas"},"content":{"rendered":"<div id=\"attachment_348720\" style=\"width: 710px\" class=\"wp-caption aligncenter\"><a href=\"https:\/\/diarioelpopular.com\/wp-content\/uploads\/2012\/03\/DIMITE-JAMES-MURDOCH-COMO-PRESIDENTE-DE-NEWS-INTERNATIONAL.jpg\"><img loading=\"lazy\" decoding=\"async\" aria-describedby=\"caption-attachment-348720\" class=\"size-full wp-image-348720\" title=\"DIMITE JAMES MURDOCH COMO PRESIDENTE DE NEWS INTERNATIONAL\" src=\"https:\/\/diarioelpopular.com\/wp-content\/uploads\/2012\/03\/DIMITE-JAMES-MURDOCH-COMO-PRESIDENTE-DE-NEWS-INTERNATIONAL.jpg\" alt=\"\" width=\"700\" height=\"420\" \/><\/a><p id=\"caption-attachment-348720\" class=\"wp-caption-text\">El magnate Rupert Murdoch, junto a su hijo James Murdoch, en Londres, Reino Unido, el 10 de julio de 2011. Foto: Facundo Arrizabalaga \/ Efe<\/p><\/div>\n<p><em><strong>Judith Mora. Londres.-<\/strong><\/em> El caso de las escuchas en la prensa brit\u00e1nica se ha cobrado su v\u00edctima m\u00e1s relevante con la dimisi\u00f3n este mi\u00e9rcoles de\u00a0James\u00a0Murdoch\u00a0como presidente de News International, editora de &#8220;The Sun&#8221; y &#8220;The Times&#8221; en el Reino Unido.<\/p>\n<p>Murdoch, hijo del magnate de medios de comunicaci\u00f3n Rupert\u00a0Murdoch, abandona su cargo en esa empresa para concentrarse en su labor como director de operaciones de News Corporation, matriz del grupo con sede en Nueva York, seg\u00fan indic\u00f3 la compa\u00f1\u00eda.<\/p>\n<p>Su repentina dimisi\u00f3n siembra las dudas sobre su futuro como heredero del imperio empresarial y tambi\u00e9n en cuanto al futuro del grupo en el Reino Unido, donde dos de sus cabeceras est\u00e1n siendo investigadas por actividades ilegales.<\/p>\n<p>La marcha de\u00a0Murdoch, de 39 a\u00f1os, se produce tras la detenci\u00f3n este mes de diez periodistas de &#8220;The Sun&#8221; por presuntos sobornos a cargos p\u00fablicos y mientras sigue la investigaci\u00f3n sobre las escuchas telef\u00f3nicas practicadas en el ya clausurado &#8220;News of the World&#8221;.<\/p>\n<p>Con tres investigaciones en curso -la del Parlamento brit\u00e1nico, la policial y la del juez Brian Leveson sobre los est\u00e1ndares de la prensa-, la gesti\u00f3n de\u00a0James\u00a0Murdoch\u00a0al frente de News International estaba en entredicho.<\/p>\n<p>&#8220;Claramente, la Comisi\u00f3n de cultura y medios (de la C\u00e1mara de los Comunes) le criticar\u00e1 en su informe, que saldr\u00e1 pronto, por lo que creo que, esencialmente, se le ha retirado de la l\u00ednea de fuego&#8221;, opin\u00f3 este mi\u00e9rcoles el exsubdirector del &#8220;News of the world&#8221; Paul Connew.<\/p>\n<p>James\u00a0Murdoch\u00a0y su padre, Rupert\u00a0Murdoch, de 80 a\u00f1os, comparecieron el a\u00f1o pasado ante esa comisi\u00f3n, cuando aseguraron que desconoc\u00edan que la pr\u00e1ctica de las escuchas ilegales, que motiv\u00f3 el cierre del &#8220;News of the World&#8221; en julio de 2011, estuviera extendida.<\/p>\n<p>Sin embargo, la declaraci\u00f3n del hijo fue rebatida por directivos del peri\u00f3dico que sostuvieron que se le hab\u00eda informado de ese hecho al pedirle que autorizara indemnizaciones para las v\u00edctimas y\u00a0James\u00a0Murdoch\u00a0fue llamado por segunda vez a testificar ante los Comunes.<\/p>\n<p>El presidente de esa comisi\u00f3n parlamentaria, el conservador John Whittingdale, dijo este mi\u00e9rcoles que la dimisi\u00f3n de\u00a0Murdoch\u00a0&#8220;parec\u00eda probable tarde o temprano&#8221;.<\/p>\n<p>Con el cerco cada vez m\u00e1s cerca de la c\u00fapula de la empresa, News Corporation ha apartado a\u00a0James\u00a0del negocio period\u00edstico en el Reino Unido, lo que significa que, por primera vez desde la entrada de\u00a0Murdoch\u00a0en este mercado en 1969, no habr\u00e1 nadie de la familia al frente de las operaciones.<\/p>\n<p>&#8220;Como en una tragedia griega, el imperio\u00a0Murdoch\u00a0se est\u00e1 derrumbando y el pr\u00edncipe heredero ha sido sacrificado para acallar el horror p\u00fablico ante la corrupci\u00f3n, connivencia y delincuencia del imperio, con su compra de pol\u00edticos y polic\u00edas&#8221;, declar\u00f3 el diputado y exsecretario de Estado laborista Denis MacShane.<\/p>\n<p>Diez periodistas de &#8220;The Sun&#8221;, el de m\u00e1s tirada del pa\u00eds con casi tres millones de ejemplares diarios, han sido detenidos en los \u00faltimos d\u00edas y est\u00e1n en libertad condicional por presuntos pagos ilegales a cargos p\u00fablicos a cambio de informaci\u00f3n.<\/p>\n<p>Paralelamente, decenas de empleados del &#8220;News of the World&#8221; -incluido Andy Coulson, exjefe de prensa del primer ministro brit\u00e1nico, David Cameron- est\u00e1n siendo tambi\u00e9n investigados por la pr\u00e1ctica de las escuchas ilegales a famosos y gente corriente para obtener exclusivas.<\/p>\n<p>El pasado domingo se public\u00f3 por primera vez el dominical &#8220;The Sun on Sunday&#8221; en sustituci\u00f3n del hist\u00f3rico rotativo clausurado, en otro intento de Rupert\u00a0Murdoch\u00a0de pasar p\u00e1gina a un esc\u00e1ndalo que ha manchado su reputaci\u00f3n en el Reino Unido.<\/p>\n<p>Con su marcha a Nueva York, donde se ocupar\u00e1 de negocios televisivos,\u00a0James\u00a0Murdoch\u00a0se retira de la primera l\u00ednea en este pa\u00eds, donde sin embargo a\u00fan es consejero delegado del canal de pago BSkyB, propiedad de los\u00a0Murdoch\u00a0en un 39 por ciento.<\/p>\n<p>No obstante, tambi\u00e9n se le cuestiona este cargo, que conserv\u00f3 por poco en la junta de noviembre gracias al apoyo de los accionistas de News Corporation y con la oposici\u00f3n o abstenci\u00f3n de un 45 por ciento del accionariado.<\/p>\n","protected":false},"excerpt":{"rendered":"<p>El caso de las escuchas en la prensa brit\u00e1nica se ha cobrado su v\u00edctima m\u00e1s relevante con la dimisi\u00f3n este mi\u00e9rcoles de James Murdoch como presidente de News International, editora de &#8220;The Sun&#8221; y &#8220;The Times&#8221; en el Reino Unido.<\/p>\n","protected":false},"author":1,"featured_media":348720,"comment_status":"open","ping_status":"open","sticky":false,"template":"","format":"standard","meta":{"footnotes":""},"categories":[24],"tags":[2310,2311,2312,2313,1114,2314],"class_list":["post-348650","post","type-post","status-publish","format-standard","has-post-thumbnail","hentry","category-mundo","tag-escuchas","tag-james-murdoch","tag-news-international","tag-news-of-the-world","tag-reino-unido","tag-rupert-murdoch"],"_links":{"self":[{"href":"https:\/\/diarioelpopular.com\/index.php\/wp-json\/wp\/v2\/posts\/348650","targetHints":{"allow":["GET"]}}],"collection":[{"href":"https:\/\/diarioelpopular.com\/index.php\/wp-json\/wp\/v2\/posts"}],"about":[{"href":"https:\/\/diarioelpopular.com\/index.php\/wp-json\/wp\/v2\/types\/post"}],"author":[{"embeddable":true,"href":"https:\/\/diarioelpopular.com\/index.php\/wp-json\/wp\/v2\/users\/1"}],"replies":[{"embeddable":true,"href":"https:\/\/diarioelpopular.com\/index.php\/wp-json\/wp\/v2\/comments?post=348650"}],"version-history":[{"count":0,"href":"https:\/\/diarioelpopular.com\/index.php\/wp-json\/wp\/v2\/posts\/348650\/revisions"}],"wp:featuredmedia":[{"embeddable":true,"href":"https:\/\/diarioelpopular.com\/index.php\/wp-json\/"}],"wp:attachment":[{"href":"https:\/\/diarioelpopular.com\/index.php\/wp-json\/wp\/v2\/media?parent=348650"}],"wp:term":[{"taxonomy":"category","embeddable":true,"href":"https:\/\/diarioelpopular.com\/index.php\/wp-json\/wp\/v2\/categories?post=348650"},{"taxonomy":"post_tag","embeddable":true,"href":"https:\/\/diarioelpopular.com\/index.php\/wp-json\/wp\/v2\/tags?post=348650"}],"curies":[{"name":"wp","href":"https:\/\/api.w.org\/{rel}","templated":true}]}}