{"id":357524,"date":"2012-03-01T21:49:39","date_gmt":"2012-03-02T02:49:39","guid":{"rendered":"http:\/\/diarioelpopular.com\/?p=357524"},"modified":"2012-03-01T21:49:39","modified_gmt":"2012-03-02T02:49:39","slug":"google-inicia-su-discutida-nueva-politica-de-privacidad","status":"publish","type":"post","link":"https:\/\/diarioelpopular.com\/index.php\/2012\/03\/01\/google-inicia-su-discutida-nueva-politica-de-privacidad\/","title":{"rendered":"Google inicia su discutida nueva pol\u00edtica de privacidad"},"content":{"rendered":"<div id=\"attachment_357525\" style=\"width: 710px\" class=\"wp-caption aligncenter\"><a href=\"https:\/\/diarioelpopular.com\/wp-content\/uploads\/2012\/03\/Google-privacy-policy.jpg\"><img loading=\"lazy\" decoding=\"async\" aria-describedby=\"caption-attachment-357525\" class=\"size-full wp-image-357525\" title=\"Google privacy policy\" src=\"https:\/\/diarioelpopular.com\/wp-content\/uploads\/2012\/03\/Google-privacy-policy.jpg\" alt=\"\" width=\"700\" height=\"420\" \/><\/a><p id=\"caption-attachment-357525\" class=\"wp-caption-text\">Uno de los cambios principales de la medida es que el usuario contar\u00e1 con un perfil \u00fanico<\/p><\/div>\n<p><em><strong>Efe. Madrid.-<\/strong><\/em> <a href=\"http:\/\/www.google.es\/intl\/es\/policies\/privacy\/\" target=\"_blank\">La nueva pol\u00edtica de privacidad de\u00a0Google<\/a>, con la que la empresa afirma que quiere facilitar la actividad del usuario, haci\u00e9ndola m\u00e1s simple e intuitiva, y manteniendo los mismos controles, entr\u00f3 en vigor este jueves.<\/p>\n<p>Uno de los cambios principales de la medida es que el usuario contar\u00e1 con un perfil \u00fanico, frente a los diversos con los que contaba ahora por distintos servicios, como redes sociales o programas de localizaci\u00f3n geogr\u00e1fica.<\/p>\n<p>La nueva pol\u00edtica de\u00a0Google\u00a0ha suscitado muchas discusiones, y precisamente esta semana la comisaria europea de Justicia, Viviane Reding, ha pedido al gigante de internet que dejase en suspenso estas nuevas normas de privacidad.<\/p>\n<p>Seg\u00fan las autoridades de la Comisi\u00f3n Europea, la nueva normativa de privacidad de\u00a0Google\u00a0no cumple con la legislaci\u00f3n europea de protecci\u00f3n de datos.<\/p>\n<p>Por el contrario,\u00a0Google\u00a0reitera que su nueva pol\u00edtica traer\u00e1 ventajas al usuario, e insiste hoy en su blog en que no ha cambiado ninguno de los principios de privacidad ya existentes, ni el modo de tratar la informaci\u00f3n personal compartida fuera de la empresa.<\/p>\n<p>Google\u00a0precisa que no est\u00e1n recogiendo &#8220;ninguna informaci\u00f3n nueva o adicional de los usuarios. No venderemos sus datos personales. Y continuaremos utilizando nuestra seguridad l\u00edder en la industria para mantener la informaci\u00f3n segura&#8221;.<\/p>\n<p style=\"text-align: center\">[youtube KGghlPmebCY nolink]<\/p>\n","protected":false},"excerpt":{"rendered":"<p>La nueva pol\u00edtica de privacidad de Google, con la que la empresa afirma que quiere facilitar la actividad del usuario, haci\u00e9ndola m\u00e1s simple e intuitiva, y manteniendo los mismos controles, entr\u00f3 en vigor este jueves.<\/p>\n","protected":false},"author":1,"featured_media":357525,"comment_status":"open","ping_status":"open","sticky":false,"template":"","format":"standard","meta":{"footnotes":""},"categories":[24],"tags":[1067,2380,1753],"class_list":["post-357524","post","type-post","status-publish","format-standard","has-post-thumbnail","hentry","category-mundo","tag-google","tag-google-privacy","tag-privacidad"],"_links":{"self":[{"href":"https:\/\/diarioelpopular.com\/index.php\/wp-json\/wp\/v2\/posts\/357524","targetHints":{"allow":["GET"]}}],"collection":[{"href":"https:\/\/diarioelpopular.com\/index.php\/wp-json\/wp\/v2\/posts"}],"about":[{"href":"https:\/\/diarioelpopular.com\/index.php\/wp-json\/wp\/v2\/types\/post"}],"author":[{"embeddable":true,"href":"https:\/\/diarioelpopular.com\/index.php\/wp-json\/wp\/v2\/users\/1"}],"replies":[{"embeddable":true,"href":"https:\/\/diarioelpopular.com\/index.php\/wp-json\/wp\/v2\/comments?post=357524"}],"version-history":[{"count":0,"href":"https:\/\/diarioelpopular.com\/index.php\/wp-json\/wp\/v2\/posts\/357524\/revisions"}],"wp:featuredmedia":[{"embeddable":true,"href":"https:\/\/diarioelpopular.com\/index.php\/wp-json\/"}],"wp:attachment":[{"href":"https:\/\/diarioelpopular.com\/index.php\/wp-json\/wp\/v2\/media?parent=357524"}],"wp:term":[{"taxonomy":"category","embeddable":true,"href":"https:\/\/diarioelpopular.com\/index.php\/wp-json\/wp\/v2\/categories?post=357524"},{"taxonomy":"post_tag","embeddable":true,"href":"https:\/\/diarioelpopular.com\/index.php\/wp-json\/wp\/v2\/tags?post=357524"}],"curies":[{"name":"wp","href":"https:\/\/api.w.org\/{rel}","templated":true}]}}