{"id":357845,"date":"2012-03-01T20:00:11","date_gmt":"2012-03-02T01:00:11","guid":{"rendered":"http:\/\/diarioelpopular.com\/?p=357845"},"modified":"2012-03-01T20:00:11","modified_gmt":"2012-03-02T01:00:11","slug":"los-periodistas-franceses-atrapados-logran-salir-de-siria","status":"publish","type":"post","link":"https:\/\/diarioelpopular.com\/index.php\/2012\/03\/01\/los-periodistas-franceses-atrapados-logran-salir-de-siria\/","title":{"rendered":"Los periodistas franceses atrapados logran salir de Siria"},"content":{"rendered":"<div id=\"attachment_357849\" style=\"width: 710px\" class=\"wp-caption aligncenter\"><a href=\"https:\/\/diarioelpopular.com\/wp-content\/uploads\/2012\/03\/Edith-Bouvier.jpg\"><img loading=\"lazy\" decoding=\"async\" aria-describedby=\"caption-attachment-357849\" class=\"size-full wp-image-357849\" title=\"Edith Bouvier\" src=\"https:\/\/diarioelpopular.com\/wp-content\/uploads\/2012\/03\/Edith-Bouvier.jpg\" alt=\"\" width=\"700\" height=\"420\" \/><\/a><p id=\"caption-attachment-357849\" class=\"wp-caption-text\">Captura de una grabaci\u00f3n de video subida a YouTube por el Comit\u00e9 Sirio de Coordinaci\u00f3n Local, el 22 de febrero de 2012, de la periodista francesa del diario Le Figaro, Edith Bouvier, cuando se encontraba, herida, un lugar desconocido en Homs, Siria. Imagen: Comit\u00e9 Sirio de Coordinaci\u00f3n Local \/ Efe<\/p><\/div>\n<p><em><strong>Efe. Par\u00eds.-<\/strong><\/em> El presidente de Francia, Nicolas Sarkozy, confirm\u00f3 este jueves que los dos periodistas franceses que estaban atrapados en la ciudad\u00a0siria\u00a0de Homs, William Daniels y Edith Bouvier, han llegado al L\u00edbano, se encuentran a salvo y podr\u00edan ser repatriados esta noche.<\/p>\n<p>As\u00ed lo asegur\u00f3 durante su presencia en Bruselas en la cumbre de jefes de Estado y Gobierno de la UE, donde seg\u00fan afirm\u00f3 este jueves la cadena francesa &#8220;BFM TV&#8221;, convoc\u00f3 de urgencia a los medios para comunicarles oficialmente que hab\u00eda podido hablar por tel\u00e9fono con la reportera, herida en una pierna.<\/p>\n<p>El jefe del Estado y candidato a la reelecci\u00f3n en los comicios de los pr\u00f3ximos abril y mayo apunt\u00f3 que la operaci\u00f3n de evacuaci\u00f3n se inici\u00f3 a principios de la tarde y fue &#8220;delicada&#8221;, pero a\u00f1adi\u00f3 que esos dos periodistas est\u00e1n ya en un lugar seguro y acompa\u00f1ados de un m\u00e9dico.<\/p>\n<p>Sarkozy, seg\u00fan el relato difundido por los medios galos, agreg\u00f3 que si es necesario y los m\u00e9dicos est\u00e1n de acuerdo, se pondr\u00e1 a su disposici\u00f3n un avi\u00f3n medicalizado para repatriarla lo m\u00e1s cuanto antes, y no descart\u00f3 que su regreso pudiera tener lugar esta noche.<\/p>\n<p>El ministro de Exteriores, Alain Jupp\u00e9, a\u00f1adi\u00f3 en un comunicado que la embajada francesa en Beirut se ha hecho cargo de ellos y que &#8220;est\u00e1 todo preparado para su seguimiento m\u00e9dico y su repatriaci\u00f3n lo antes posible&#8221;.<\/p>\n<p>&#8220;En mi nombre y en el del Gobierno franc\u00e9s, agradezco calurosamente a todos que, a menudo poniendo su vida en peligro, han hecho posible este desenlace. Les expreso la gratitud de Francia&#8221;, se\u00f1al\u00f3 el jefe de la diplomacia gala en su nota.<\/p>\n<p>Bouvier, reportera del diario franc\u00e9s &#8220;Le Figaro&#8221;, sufri\u00f3 heridas de gravedad en una pierna en un bombardeo el pasado 22 de febrero contra un edificio que hac\u00eda las veces de centro de prensa en Baba Amro, barrio de Homs, en el que Daniels, fot\u00f3grafo independiente, result\u00f3 ileso.<\/p>\n<p><a href=\"https:\/\/diarioelpopular.com\/2012\/02\/mueren-dos-periodistas-extranjeros-en-un-bombardeo-en-siria\/\">En ese mismo ataque murieron<\/a> la reportera estadounidense Marie Colvin, que trabajaba para el brit\u00e1nico &#8220;The Sunday Times&#8221;, y el fot\u00f3grafo franc\u00e9s R\u00e9mi Ochlik, que colaboraba con la revista &#8220;Paris Match&#8221;.<\/p>\n","protected":false},"excerpt":{"rendered":"<p>El presidente de Francia, Nicolas Sarkozy, confirm\u00f3 este jueves que los dos periodistas franceses que estaban atrapados en la ciudad siria de Homs, William Daniels y Edith Bouvier, han llegado al L\u00edbano, se encuentran a salvo y podr\u00e1n ser repatriados.<\/p>\n","protected":false},"author":1,"featured_media":357849,"comment_status":"open","ping_status":"open","sticky":false,"template":"","format":"standard","meta":{"footnotes":""},"categories":[24],"tags":[2367,681,2368,2081,441,2369],"class_list":["post-357845","post","type-post","status-publish","format-standard","has-post-thumbnail","hentry","category-mundo","tag-edith-bouvier","tag-homs","tag-libano","tag-periodistas","tag-siria","tag-william-daniels"],"_links":{"self":[{"href":"https:\/\/diarioelpopular.com\/index.php\/wp-json\/wp\/v2\/posts\/357845","targetHints":{"allow":["GET"]}}],"collection":[{"href":"https:\/\/diarioelpopular.com\/index.php\/wp-json\/wp\/v2\/posts"}],"about":[{"href":"https:\/\/diarioelpopular.com\/index.php\/wp-json\/wp\/v2\/types\/post"}],"author":[{"embeddable":true,"href":"https:\/\/diarioelpopular.com\/index.php\/wp-json\/wp\/v2\/users\/1"}],"replies":[{"embeddable":true,"href":"https:\/\/diarioelpopular.com\/index.php\/wp-json\/wp\/v2\/comments?post=357845"}],"version-history":[{"count":0,"href":"https:\/\/diarioelpopular.com\/index.php\/wp-json\/wp\/v2\/posts\/357845\/revisions"}],"wp:featuredmedia":[{"embeddable":true,"href":"https:\/\/diarioelpopular.com\/index.php\/wp-json\/"}],"wp:attachment":[{"href":"https:\/\/diarioelpopular.com\/index.php\/wp-json\/wp\/v2\/media?parent=357845"}],"wp:term":[{"taxonomy":"category","embeddable":true,"href":"https:\/\/diarioelpopular.com\/index.php\/wp-json\/wp\/v2\/categories?post=357845"},{"taxonomy":"post_tag","embeddable":true,"href":"https:\/\/diarioelpopular.com\/index.php\/wp-json\/wp\/v2\/tags?post=357845"}],"curies":[{"name":"wp","href":"https:\/\/api.w.org\/{rel}","templated":true}]}}