{"id":368456,"date":"2012-03-04T22:51:03","date_gmt":"2012-03-05T03:51:03","guid":{"rendered":"http:\/\/diarioelpopular.com\/?p=368456"},"modified":"2012-03-04T22:51:03","modified_gmt":"2012-03-05T03:51:03","slug":"el-chelsea-despide-a-villas-boas-ocho-meses-despues-de-ficharlo","status":"publish","type":"post","link":"https:\/\/diarioelpopular.com\/index.php\/2012\/03\/04\/el-chelsea-despide-a-villas-boas-ocho-meses-despues-de-ficharlo\/","title":{"rendered":"El Chelsea despide a Villas-Boas ocho meses despu\u00e9s de ficharlo"},"content":{"rendered":"<p>Viviana Garc\u00eda<\/p>\n<p><a href=\"https:\/\/diarioelpopular.com\/wp-content\/uploads\/2012\/03\/andre-villas-boas.jpg\"><img loading=\"lazy\" decoding=\"async\" class=\"aligncenter size-full wp-image-368457\" title=\"andre-villas-boas\" src=\"https:\/\/diarioelpopular.com\/wp-content\/uploads\/2012\/03\/andre-villas-boas.jpg\" alt=\"\" width=\"700\" height=\"420\" \/><\/a>Londres.- Ante una nueva derrota del Chelsea en la liga inglesa, el club tom\u00f3 este domingo cartas en el asunto y despidi\u00f3 con efecto inmediato al entrenador del equipo, el portugu\u00e9s Andr\u00e9 Villas-Boas, ocho meses despu\u00e9s de ficharlo del Oporto.<\/p>\n<p>Un comunicado divulgado hoy por la instituci\u00f3n deportiva se\u00f1al\u00f3 que Villas-Boas y el club &#8220;se han separado&#8221; porque &#8220;los resultados y el rendimiento del equipo no fueron lo suficientemente buenos&#8221;.<\/p>\n<p>La plaza que deja el portugu\u00e9s, de 34 a\u00f1os, ser\u00e1 ocupada por el actual asistente del t\u00e9cnico, Roberto Di Matteo, quien se har\u00e1 cargo del equipo de manera provisional hasta el final de la temporada.<\/p>\n<p>La salida de Villas-Boas estaba pr\u00e1cticamente cantada debido a los continuos reveses del equipo en los \u00faltimos encuentros, pero la derrota de ayer, s\u00e1bado, frente al West Bromwich (1-0) fue la gota que colm\u00f3 el vaso ya que el Chelsea apenas ha conseguido ganar un solo partido de los \u00faltimos siete que ha disputado.<\/p>\n<p>Con la derrota del s\u00e1bado, el Chelsea del ruso Roman Abramovich se coloc\u00f3 en el quinto puesto de la tabla de clasificaci\u00f3n.<\/p>\n<p>&#8220;Andr\u00e9 Villas-Boas se ha separado hoy del club Chelsea. La junta (del club) quiere darle las gracias por su trabajo y queremos expresar nuestra decepci\u00f3n de que la relaci\u00f3n terminara tan pronto&#8221;, se\u00f1al\u00f3 el comunicado de la instituci\u00f3n.<\/p>\n<p>&#8220;Desafortunadamente, los resultados y el rendimiento del equipo no fueron lo suficientemente buenos y no mostraban se\u00f1ales de mejor\u00eda en un momento importante de la temporada&#8221;, a\u00f1ade.<\/p>\n<p>&#8220;El club a\u00fan compite en las \u00faltimas etapas de la Liga de Campeones de la UEFA y la Copa de la FA (Federaci\u00f3n de F\u00fatbol), y busca un lugar entre los cuatro primeros en la Premier League (liga). Tenemos como objetivo ser lo m\u00e1s competitivos posible en todos los frentes&#8221;, puntualiz\u00f3 el texto.<\/p>\n<p>&#8220;Teniendo esto en mente -subray\u00f3 el comunicado-, sentimos que nuestra \u00fanica opci\u00f3n era hacer un cambio en este momento. Con efecto inmediato, Roberto Di Matteo ha sido designado entrenador de manera provisional hasta el final de la temporada&#8221;.<\/p>\n<p>El Chelsea tiene por delante dos importantes partidos, el de la Copa inglesa este martes frente al Birmingham y el de la liga de Campeones la semana siguiente frente al N\u00e1poles.<\/p>\n<p>Al club le tocar\u00e1 ahora buscar al sustituto de Villas-Boas y en la prensa inglesa cobraba fuerza en las \u00faltimas semanas el nombre del espa\u00f1ol Rafa Ben\u00edtez, que dirigi\u00f3 el Liverpool.<\/p>\n<p>El portugu\u00e9s hab\u00eda firmado un contrato de tres a\u00f1os con los &#8220;blues&#8221; hace ocho meses y le supuso al multimillonario due\u00f1o del Chelsea 13,3 millones de libras (unos 15,8 millones de euros) cuando lo fich\u00f3 del Oporto para que sustituyera a Carlo Ancelotti.<\/p>\n<p>El Chelsea atraviesa por lo que los comentaristas deportivos consideran puede ser una de sus peores temporadas desde que Abramovich compr\u00f3 el club ingl\u00e9s hace casi nueve a\u00f1os.<\/p>\n<p>Despu\u00e9s del rev\u00e9s de ayer, Villas-Boas reconoci\u00f3 en unas declaraciones que su equipo no ten\u00eda un buen rendimiento.<\/p>\n<p>&#8220;Estamos quintos y si esto pasa, entonces hay algo que no va bien. Cada derrota a\u00f1ade m\u00e1s presi\u00f3n sobre cualquier entrenador del Chelsea. No ganamos lo suficiente y eso no nos pone orgullosos&#8221;, declar\u00f3 el ahora exentrenador de los &#8220;blues&#8221;.<\/p>\n<p>Incluso en diciembre pasado, el portugu\u00e9s admiti\u00f3 que el club no pod\u00eda ganar la liga inglesa despu\u00e9s de que quedara muy relegado en la tabla de clasificaci\u00f3n y tras perder los primeros partidos frente a clubes como el Manchester United y el Arsenal.<\/p>\n<p>Para esta temporada, el club ingl\u00e9s hab\u00eda hecho una inversi\u00f3n millonaria, estimada en 45 millones de libras (unos 53 millones de euros), al comprar a los jugadores espa\u00f1oles Oriol Romeu y Juan Mata y al belga Romelu Kukaku.<\/p>\n<p>&nbsp;<\/p>\n","protected":false},"excerpt":{"rendered":"<p>Ante una nueva derrota del Chelsea en la liga inglesa, el club tom\u00f3 este domingo cartas en el asunto y despidi\u00f3 con efecto inmediato al entrenador del equipo, el portugu\u00e9s Andr\u00e9 Villas-Boas, ocho meses despu\u00e9s de ficharlo del Oporto.<\/p>\n","protected":false},"author":1,"featured_media":368457,"comment_status":"open","ping_status":"open","sticky":false,"template":"","format":"standard","meta":{"footnotes":""},"categories":[28],"tags":[2428,2429],"class_list":["post-368456","post","type-post","status-publish","format-standard","has-post-thumbnail","hentry","category-deportes","tag-boas","tag-chelsea"],"_links":{"self":[{"href":"https:\/\/diarioelpopular.com\/index.php\/wp-json\/wp\/v2\/posts\/368456","targetHints":{"allow":["GET"]}}],"collection":[{"href":"https:\/\/diarioelpopular.com\/index.php\/wp-json\/wp\/v2\/posts"}],"about":[{"href":"https:\/\/diarioelpopular.com\/index.php\/wp-json\/wp\/v2\/types\/post"}],"author":[{"embeddable":true,"href":"https:\/\/diarioelpopular.com\/index.php\/wp-json\/wp\/v2\/users\/1"}],"replies":[{"embeddable":true,"href":"https:\/\/diarioelpopular.com\/index.php\/wp-json\/wp\/v2\/comments?post=368456"}],"version-history":[{"count":0,"href":"https:\/\/diarioelpopular.com\/index.php\/wp-json\/wp\/v2\/posts\/368456\/revisions"}],"wp:featuredmedia":[{"embeddable":true,"href":"https:\/\/diarioelpopular.com\/index.php\/wp-json\/"}],"wp:attachment":[{"href":"https:\/\/diarioelpopular.com\/index.php\/wp-json\/wp\/v2\/media?parent=368456"}],"wp:term":[{"taxonomy":"category","embeddable":true,"href":"https:\/\/diarioelpopular.com\/index.php\/wp-json\/wp\/v2\/categories?post=368456"},{"taxonomy":"post_tag","embeddable":true,"href":"https:\/\/diarioelpopular.com\/index.php\/wp-json\/wp\/v2\/tags?post=368456"}],"curies":[{"name":"wp","href":"https:\/\/api.w.org\/{rel}","templated":true}]}}