{"id":368812,"date":"2012-03-06T00:01:48","date_gmt":"2012-03-06T05:01:48","guid":{"rendered":"http:\/\/diarioelpopular.com\/?p=368812"},"modified":"2012-03-06T00:01:48","modified_gmt":"2012-03-06T05:01:48","slug":"muestra-investiga-antecedentes-del-collage-en-picasso","status":"publish","type":"post","link":"https:\/\/diarioelpopular.com\/index.php\/2012\/03\/06\/muestra-investiga-antecedentes-del-collage-en-picasso\/","title":{"rendered":"Muestra investiga antecedentes del &#8220;collage&#8221; en Picasso"},"content":{"rendered":"<div id=\"attachment_368813\" style=\"width: 710px\" class=\"wp-caption aligncenter\"><a href=\"https:\/\/diarioelpopular.com\/wp-content\/uploads\/2012\/03\/ok.web_.picasso.jpg\"><img loading=\"lazy\" decoding=\"async\" aria-describedby=\"caption-attachment-368813\" class=\"size-full wp-image-368813\" title=\"ok.web.picasso\" src=\"https:\/\/diarioelpopular.com\/wp-content\/uploads\/2012\/03\/ok.web_.picasso.jpg\" alt=\"\" width=\"700\" height=\"504\" \/><\/a><p id=\"caption-attachment-368813\" class=\"wp-caption-text\">BARCELONA.- Una mujer observa un cartel publicitario de la Compa\u00f1\u00eda Francesa de Chocolates y de T\u00e9s que se exhibe en el Museo Picasso, en el marco de la exposici\u00f3n &quot;Un collage antes del collage&quot;, que se interroga sobre las razones que llevaron al joven Picasso a pegar una imagen impresa al lado de uno de sus dibujos en 1899, antes de que &quot;inventara&quot; oficialmente el collage, en 1912.<\/p><\/div>\n<p><strong><em>Barcelona.-<\/em><\/strong> La exposici\u00f3n &#8220;Una collage antes del collage&#8221;, que se exhibe desde este martes en el Museo\u00a0Picasso\u00a0de Barcelona, se interroga sobre las razones que llevaron al joven\u00a0Picasso\u00a0a pegar una imagen impresa al lado de uno de sus dibujos en 1899, antes de que &#8220;inventara&#8221; oficialmente el collage en 1912.<br \/>\nPicasso\u00a0invent\u00f3 el &#8220;collage&#8221; art\u00edstico en la primavera de 1912, pero antes de esa fecha, en Barcelona, en marzo de 1899, ya hab\u00eda trazado un dibujo, &#8220;Hombre apoyado en una pared&#8221;, al que encol\u00f3 una imagen reproducida mec\u00e1nicamente: el retrato de una actriz.<\/p>\n<p>El comisario de la exposici\u00f3n, F\u00e9lix Fan\u00e9s, explic\u00f3 hoy que esta muestra &#8220;intenta dar respuesta a algunos de los interrogantes que plantea&#8221;.<\/p>\n<p>Para Fan\u00e9s, &#8220;Hombre apoyado en una pared&#8221; es un accidente, pues no hay una intencionalidad ni un planteamiento ideol\u00f3gico y art\u00edstico de crear el &#8220;collage&#8221; art\u00edstico que naci\u00f3 con el cubismo, cuando se acaba un sistema de representaci\u00f3n y comienza otro.<\/p>\n<p>&#8220;El antiguo lenguaje de los pigmentos es sustituido por un repertorio de signos prestados de mensajes producidos industrialmente&#8221;, ha precisado.<\/p>\n<p>La exposici\u00f3n, en opini\u00f3n del comisario, es &#8220;una combinaci\u00f3n del arte m\u00e1s banal, m\u00e1s popular, con el arte m\u00e1s creativo, m\u00e1s elitista de\u00a0Picasso&#8221;.<\/p>\n<p>Seg\u00fan la investigaci\u00f3n de Fan\u00e9s, &#8220;Hombre apoyado en una pared&#8221; forma parte de una serie de estudios del natural que\u00a0Picasso\u00a0realiz\u00f3 en el C\u00edrculo Art\u00edstico de Barcelona entre febrero y marzo de 1899, algunos exhibidos en la muestra, que pertenecen a &#8220;un momento crucial en el que el joven artista decide, en contra de la voluntad de su padre, abandonar los estudios acad\u00e9micos e iniciar la carrera de pintor independiente&#8221;.<\/p>\n<p>La peque\u00f1a pieza encolada en el dibujo de 1899 es un cromo de caja de cerillas de una serie dedicada a artistas del espect\u00e1culo y en concreto reproduce la imagen de la actriz francesa Angeline Cavelle.<\/p>\n<p>La exposici\u00f3n, que estar\u00e1 abierta al p\u00fablico hasta el 3 de junio, contextualiza la \u00e9poca en que se elabor\u00f3 este precursor del &#8220;collage&#8221;, cuando las artes gr\u00e1ficas viv\u00edan un momento de gran prosperidad en Barcelona y el cromo era una pieza importante, casi siempre relacionado con productos comerciales como los de chocolate y las cajas de cerillas.<\/p>\n<p>Fan\u00e9s plantea las razones que llevaron al joven\u00a0Picasso\u00a0a adherir aquella imagen impresa al lado de uno de sus dibujos y en su explicaci\u00f3n recuerda el inter\u00e9s del pintor malague\u00f1o por el mundo de la reproducci\u00f3n seriada (prensa ilustrada, carteles, publicidad) y muestra el entorno visual de finales del siglo XIX en el que viv\u00eda: cromos, peri\u00f3dicos, caricaturas, postales, fotograf\u00edas o pel\u00edculas.<\/p>\n<p>En el recorrido expositivo se exhiben 32 obras de\u00a0Picasso, 8 de Ram\u00f3n Casas, 2 de Apel\u00b7les Mestres, y una de Th\u00e9odophile-Alexandre Steinlen y de Isidre Nonell, as\u00ed como \u00e1lbumes de fotos, revistas, carteles y postales y catorce pel\u00edculas datadas entre 1896 y 1900 de Lumi\u00e8re, M\u00e9li\u00e8s o Path\u00e9 Fr\u00e8res.<\/p>\n<p>Todo el material acerca al espectador a la costumbre de recortar y pegar, bastante extendida a finales del siglo XIX, que traspas\u00f3 a disciplinas como la fotograf\u00eda, el cine y, a\u00f1os despu\u00e9s, al arte en general.<\/p>\n<p>En la \u00faltima sala, se ilustra la tradici\u00f3n que\u00a0Picasso\u00a0hab\u00eda seguido siempre de recortar y pegar, aqu\u00ed documentada por &#8220;Perro\/Paloma&#8221; (1890, M\u00e1laga).<\/p>\n<p>Posteriores al dibujo protagonista de la exposici\u00f3n, se exhiben obras como &#8220;El pintor Casagemas y\u00a0Picasso\u00a0persiguiendo a dos muchachas&#8221; (1900), en el que el artista encola el dibujo de las dos chicas; o &#8220;Desnudo femenino&#8221; (1902-03), en el que pega el dibujo de una mujer desnuda sobre papel de charol azul el\u00e9ctrico.<\/p>\n<p>La \u00faltima obra expuesta, &#8220;Cabeza&#8221;, realizada en Par\u00eds en 1913, es ya un &#8220;collage&#8221; a conciencia sobre una cabeza cubista.<\/p>\n<p>&nbsp;<\/p>\n","protected":false},"excerpt":{"rendered":"<p>La exposici\u00f3n &#8220;Una collage antes del collage&#8221;, que se exhibe desde este martes en el Museo Picasso de Barcelona, se interroga sobre las razones que llevaron al joven Picasso a pegar una imagen impresa al lado de uno de sus dibujos en 1899, antes de que &#8220;inventara&#8221; oficialmente el collage en 1912.<\/p>\n","protected":false},"author":1,"featured_media":368813,"comment_status":"open","ping_status":"open","sticky":false,"template":"","format":"standard","meta":{"footnotes":""},"categories":[24],"tags":[444,2439],"class_list":["post-368812","post","type-post","status-publish","format-standard","has-post-thumbnail","hentry","category-mundo","tag-espana","tag-picasso"],"_links":{"self":[{"href":"https:\/\/diarioelpopular.com\/index.php\/wp-json\/wp\/v2\/posts\/368812","targetHints":{"allow":["GET"]}}],"collection":[{"href":"https:\/\/diarioelpopular.com\/index.php\/wp-json\/wp\/v2\/posts"}],"about":[{"href":"https:\/\/diarioelpopular.com\/index.php\/wp-json\/wp\/v2\/types\/post"}],"author":[{"embeddable":true,"href":"https:\/\/diarioelpopular.com\/index.php\/wp-json\/wp\/v2\/users\/1"}],"replies":[{"embeddable":true,"href":"https:\/\/diarioelpopular.com\/index.php\/wp-json\/wp\/v2\/comments?post=368812"}],"version-history":[{"count":0,"href":"https:\/\/diarioelpopular.com\/index.php\/wp-json\/wp\/v2\/posts\/368812\/revisions"}],"wp:featuredmedia":[{"embeddable":true,"href":"https:\/\/diarioelpopular.com\/index.php\/wp-json\/"}],"wp:attachment":[{"href":"https:\/\/diarioelpopular.com\/index.php\/wp-json\/wp\/v2\/media?parent=368812"}],"wp:term":[{"taxonomy":"category","embeddable":true,"href":"https:\/\/diarioelpopular.com\/index.php\/wp-json\/wp\/v2\/categories?post=368812"},{"taxonomy":"post_tag","embeddable":true,"href":"https:\/\/diarioelpopular.com\/index.php\/wp-json\/wp\/v2\/tags?post=368812"}],"curies":[{"name":"wp","href":"https:\/\/api.w.org\/{rel}","templated":true}]}}