{"id":370309,"date":"2012-03-10T13:52:50","date_gmt":"2012-03-10T18:52:50","guid":{"rendered":"http:\/\/diarioelpopular.com\/?p=370309"},"modified":"2012-03-10T13:52:50","modified_gmt":"2012-03-10T18:52:50","slug":"canada-dice-que-cuba-no-cumple-requisitos-para-ir-a-cumbre-de-las-americas","status":"publish","type":"post","link":"https:\/\/diarioelpopular.com\/index.php\/2012\/03\/10\/canada-dice-que-cuba-no-cumple-requisitos-para-ir-a-cumbre-de-las-americas\/","title":{"rendered":"Canad\u00e1 dice que Cuba no cumple requisitos para ir a Cumbre de las Am\u00e9ricas"},"content":{"rendered":"<div id=\"attachment_370310\" style=\"width: 710px\" class=\"wp-caption aligncenter\"><a href=\"https:\/\/diarioelpopular.com\/wp-content\/uploads\/2012\/03\/ok.cumbre-canada.jpg\"><img loading=\"lazy\" decoding=\"async\" aria-describedby=\"caption-attachment-370310\" class=\"size-full wp-image-370310\" title=\"ok.cumbre canada\" src=\"https:\/\/diarioelpopular.com\/wp-content\/uploads\/2012\/03\/ok.cumbre-canada.jpg\" alt=\"\" width=\"700\" height=\"420\" \/><\/a><p id=\"caption-attachment-370310\" class=\"wp-caption-text\">Canad\u00e1 y Cuba mantienen desde hace a\u00f1os unas fr\u00edas relaciones diplom\u00e1ticas, especialmente tras la llegada al poder en 2006 del Partido Conservador del primer ministro Stephen Harper.<\/p><\/div>\n<p><strong><em>Toronto (Canad\u00e1)<\/em><\/strong>.- Canad\u00e1 dijo este sabado que mantiene su oposici\u00f3n a que Cuba se una al proceso de la Cumbre de las Am\u00e9ricas porque el r\u00e9gimen cubano &#8220;no cumple con las condiciones democr\u00e1ticas&#8221; para acceder al foro continental.<\/p>\n<p>Un portavoz de la ministra de Estado de Canad\u00e1 para el continente americano, Diane Abolnczy, declar\u00f3 que &#8220;la posici\u00f3n de Canad\u00e1 no ha cambiado&#8221;.<\/p>\n<p>&#8220;Cuba no cumple con las condiciones democr\u00e1ticas un\u00e1nimemente adoptadas en la Cumbre de las Am\u00e9ricas de 2001. Canad\u00e1 ha dejado claro su deseo de ver una mayor apertura pol\u00edtica en Cuba, con total respeto por los derechos humanos&#8221;, a\u00f1adi\u00f3 el portavoz de la ministra canadiense.<\/p>\n<p>La respuesta de Canad\u00e1 se produce despu\u00e9s de que Colombia, el pa\u00eds anfitri\u00f3n de la Cumbre de las Am\u00e9ricas que se celebrar\u00e1 en abril, anunciara que Cuba no ser\u00eda invitada a la reuni\u00f3n continental.<\/p>\n<p>El Gobierno de Cuba culp\u00f3 a EE.UU. de no haber sido invitado a la cumbre, sobre la que a\u00fan pesa la amenaza de un boicot de parte de los pa\u00edses de la Alianza Bolivariana para las Am\u00e9ricas (ALBA).<\/p>\n<p>El Consejo Pol\u00edtico de la ALBA &#8220;seguir\u00e1 estudiando&#8221; la situaci\u00f3n, seg\u00fan un comunicado oficial venezolano, que adem\u00e1s alude a la &#8220;posici\u00f3n hist\u00f3rica&#8221; del presidente Hugo Ch\u00e1vez en contra de la &#8220;exclusi\u00f3n&#8221; de Cuba de las llamadas Cumbres de las Am\u00e9ricas.<\/p>\n<p>Canad\u00e1 y Cuba mantienen desde hace a\u00f1os unas fr\u00edas relaciones diplom\u00e1ticas, especialmente tras la llegada al poder en 2006 del Partido Conservador del primer ministro Stephen Harper.<\/p>\n<p>A principios de a\u00f1o, Ablonczy viaj\u00f3 a Cuba, la primera visita de alto nivel de un representante canadiense a la isla caribe\u00f1a desde 2009.<\/p>\n<p>Pero la visita de Ablonczy se centr\u00f3 b\u00e1sicamente en temas consulares ya que Cuba es el segundo mayor destino tur\u00edstico para canadienses, despu\u00e9s de M\u00e9xico.<\/p>\n<p>Cada a\u00f1o, alrededor de 1 mill\u00f3n de canadienses viajan a Cuba.<\/p>\n<p>&nbsp;<\/p>\n","protected":false},"excerpt":{"rendered":"<p>Canad\u00e1 dijo este sabado que mantiene su oposici\u00f3n a que Cuba se una al proceso de la Cumbre de las Am\u00e9ricas porque el r\u00e9gimen cubano &#8220;no cumple con las condiciones democr\u00e1ticas&#8221; para acceder al foro continental.<\/p>\n","protected":false},"author":1,"featured_media":370310,"comment_status":"open","ping_status":"open","sticky":false,"template":"","format":"standard","meta":{"footnotes":""},"categories":[21],"tags":[2502,77,1424,2442,2503,22],"class_list":["post-370309","post","type-post","status-publish","format-standard","has-post-thumbnail","hentry","category-canada","tag-americas","tag-canada-2","tag-cumbre","tag-de","tag-las","tag-toronto"],"_links":{"self":[{"href":"https:\/\/diarioelpopular.com\/index.php\/wp-json\/wp\/v2\/posts\/370309","targetHints":{"allow":["GET"]}}],"collection":[{"href":"https:\/\/diarioelpopular.com\/index.php\/wp-json\/wp\/v2\/posts"}],"about":[{"href":"https:\/\/diarioelpopular.com\/index.php\/wp-json\/wp\/v2\/types\/post"}],"author":[{"embeddable":true,"href":"https:\/\/diarioelpopular.com\/index.php\/wp-json\/wp\/v2\/users\/1"}],"replies":[{"embeddable":true,"href":"https:\/\/diarioelpopular.com\/index.php\/wp-json\/wp\/v2\/comments?post=370309"}],"version-history":[{"count":0,"href":"https:\/\/diarioelpopular.com\/index.php\/wp-json\/wp\/v2\/posts\/370309\/revisions"}],"wp:featuredmedia":[{"embeddable":true,"href":"https:\/\/diarioelpopular.com\/index.php\/wp-json\/"}],"wp:attachment":[{"href":"https:\/\/diarioelpopular.com\/index.php\/wp-json\/wp\/v2\/media?parent=370309"}],"wp:term":[{"taxonomy":"category","embeddable":true,"href":"https:\/\/diarioelpopular.com\/index.php\/wp-json\/wp\/v2\/categories?post=370309"},{"taxonomy":"post_tag","embeddable":true,"href":"https:\/\/diarioelpopular.com\/index.php\/wp-json\/wp\/v2\/tags?post=370309"}],"curies":[{"name":"wp","href":"https:\/\/api.w.org\/{rel}","templated":true}]}}