{"id":370320,"date":"2012-03-10T13:53:18","date_gmt":"2012-03-10T18:53:18","guid":{"rendered":"http:\/\/diarioelpopular.com\/?p=370320"},"modified":"2012-03-10T13:53:18","modified_gmt":"2012-03-10T18:53:18","slug":"un-ano-despues-de-fukushima-la-ue-sigue-divida-sobre-el-futuro-de-la-nuclear","status":"publish","type":"post","link":"https:\/\/diarioelpopular.com\/index.php\/2012\/03\/10\/un-ano-despues-de-fukushima-la-ue-sigue-divida-sobre-el-futuro-de-la-nuclear\/","title":{"rendered":"Un a\u00f1o despu\u00e9s de Fukushima la UE sigue divida sobre el futuro de la nuclear"},"content":{"rendered":"<div id=\"attachment_370321\" style=\"width: 710px\" class=\"wp-caption aligncenter\"><a href=\"https:\/\/diarioelpopular.com\/wp-content\/uploads\/2012\/03\/ok.japon-terremoto-1.jpg\"><img loading=\"lazy\" decoding=\"async\" aria-describedby=\"caption-attachment-370321\" class=\"size-full wp-image-370321\" title=\"ok.japon-terremoto-1\" src=\"https:\/\/diarioelpopular.com\/wp-content\/uploads\/2012\/03\/ok.japon-terremoto-1.jpg\" alt=\"\" width=\"700\" height=\"420\" \/><\/a><p id=\"caption-attachment-370321\" class=\"wp-caption-text\">En total y pese a la alarma que desat\u00f3 Fukushima, todav\u00eda son 14 los pa\u00edses europeos que mantienen nucleares en su territorio.<\/p><\/div>\n<p>Mar\u00eda Tejero Mart\u00edn<\/p>\n<p><strong><em>Bruselas.-<\/em><\/strong> Un a\u00f1o despu\u00e9s de la cat\u00e1strofe nuclear de Fukushima (Jap\u00f3n) la Uni\u00f3n Europea sigue dividida sobre el futuro y la seguridad de la controvertida energ\u00eda nuclear de la que muchos pa\u00edses se niegan a prescindir por motivos principalmente econ\u00f3micos.<\/p>\n<p>Mientras Alemania e Italia se apresuraron tras el accidente a virar hacia fuentes de energ\u00eda menos peligrosas, un gesto que fue interpretado por muchos en clave meramente pol\u00edtica, otros como Francia y Espa\u00f1a se aferran a su tradici\u00f3n nuclear.<\/p>\n<p>El Gobierno alem\u00e1n de Angela Merkel decidi\u00f3 adelantar el apag\u00f3n nuclear al a\u00f1o 2022, con lo que se retract\u00f3 de una ley aprobada por ese mismo ejecutivo apenas unos meses antes para prorrogar la vida de los 17 reactores nucleares germanos hasta 2036.<\/p>\n<p>Italia aprob\u00f3 una moratoria sobre sus planes de volver a producir energ\u00eda nuclear, suspendida por refer\u00e9ndum popular tras Chern\u00f3bil.<\/p>\n<p>En el otro extremo se encuentra Francia, pa\u00eds l\u00edder en energ\u00eda nuclear en Europa (con sus 58 reactores) que en el \u00faltimo Consejo de Energ\u00eda defendi\u00f3 a capa y espada el uso de la energ\u00eda nuclear.<\/p>\n<p>Polonia sigue esta estela y, pese a Fukushima, sigue adelante con su prop\u00f3sito de poner en marcha la primera planta de energ\u00eda nuclear del pa\u00eds en el a\u00f1o 2020.<\/p>\n<p>Espa\u00f1a ha pasado en este a\u00f1o de la prudencia y cierta oposici\u00f3n del anterior Gobierno socialista a la apuesta por lo nuclear que el ejecutivo liderado por Mariano Rajoy ha mantenido con la confirmaci\u00f3n de que la central de Garo\u00f1a (Burgos) podr\u00e1 operar cinco a\u00f1os m\u00e1s, hasta 2018, y la decisi\u00f3n de establecer el Almac\u00e9n Temporal Centralizado para residuos nucleares en Villar de Ca\u00f1as (Cuenca) tras ocho a\u00f1os de pol\u00e9mica.<\/p>\n<p>En total y pese a la alarma que desat\u00f3 Fukushima, todav\u00eda son 14 los pa\u00edses europeos que mantienen nucleares en su territorio.<\/p>\n<p>Los defensores ac\u00e9rrimos de la energ\u00eda nuclear como el Foro At\u00f3mico Europeo (Foratom), con sede en Bruselas, insisten reiteradamente en las bondades de esta energ\u00eda, cuyas emisiones de di\u00f3xido de carbono son casi inexistentes, as\u00ed como en sus beneficios econ\u00f3micos y en el grado de seguridad que se ha logrado para el almacenaje de sus residuos.<\/p>\n<p>Precisamente la seguridad es una de las cuestiones que m\u00e1s preocupan a organizaciones ecologistas como Greenpeace, que aseguran que centrales tan obsoletas como Santa Mar\u00eda de Garo\u00f1a (Burgos, Espa\u00f1a) no sobrevivir\u00edan a un ataque terrorista o una tormenta devastadora.<\/p>\n<p>Estas organizaciones dudan tambi\u00e9n de la credibilidad de las llamadas &#8220;pruebas de resistencia&#8221; con las que la UE intent\u00f3 tranquilizar la conciencia ciudadana tras Fukushima, que inevitablemente reaviv\u00f3 el amargo recuerdo del desastre de 1986 en Chern\u00f3bil (Ucrania).<\/p>\n<p>El comisario europeo de Energ\u00eda, G\u00fcnther Oettinger, lleg\u00f3 a decir entonces que la situaci\u00f3n nuclear en Jap\u00f3n era &#8220;apocal\u00edptica&#8221; y &#8220;catastr\u00f3fica&#8221;, unas declaraciones que le costaron no pocas cr\u00edticas dentro y fuera de la esfera comunitaria.<\/p>\n<p>Las pruebas de Bruselas se centraron en evaluar la seguridad de los 143 reactores at\u00f3micos que hay en activo en la Uni\u00f3n Europea, 8 de ellos en Espa\u00f1a, pero sus primeros resultados han sido duramente criticados por los ecologistas.<\/p>\n<p>Ra\u00fcl Romeva, vicepresidente del grupo de los Verdes en el Parlamento Europeo, opin\u00f3 esta semana que las pruebas &#8220;se engloban en parte en la estrategia para asegurar que la industria nuclear contin\u00fae con su negocio&#8221;, mientras Rebecca Harmns, copresidenta de esta formaci\u00f3n, los calific\u00f3 de &#8220;coartada&#8221;.<\/p>\n<p>Ante las cr\u00edticas, Oettinger defendi\u00f3 este martes que las pruebas de resistencia son &#8220;estrictas, objetivas y s\u00f3lidas&#8221;.<\/p>\n<p>Los resultados finales deben estar listos para la cumbre de l\u00edderes europeos del 28 y 29 de junio y cubrir\u00e1n todos los escenarios de riesgos, aseguraron fuentes comunitarias que no quisieron ofrecer m\u00e1s detalles de la informaci\u00f3n recopilada hasta el momento.<\/p>\n<p>Las centrales que no cumplan con los requisitos exigidos a lo largo de este a\u00f1o de an\u00e1lisis se ver\u00e1n forzadas a cerrar, un escenario que a juicio de estas fuentes es poco probable que sea llevado a la pr\u00e1ctica.<\/p>\n<p>El presidente del Parlamento Europeo, Martin Schulz, celebr\u00f3 hoy que se haya producido un debate mundial sobre la seguridad y el futuro de la energ\u00eda nuclear a ra\u00edz de la cat\u00e1strofe de Fukushima, y dese\u00f3 que permita tomar decisiones &#8220;m\u00e1s informadas&#8221; al respecto y sensibilizar a los ciudadanos europeos sobre la energ\u00eda nuclear.<\/p>\n<p>El presidente de la Comisi\u00f3n Europea, Jos\u00e9 Manuel Durao Barroso, y del Consejo Europeo, Herman Van Rompuy, por su parte, reiteraron este viernes, en nombre de la UE, sus m\u00e1s profundas condolencias a las familias de las v\u00edctimas, y expresaron su admiraci\u00f3n por la fuerza que ha demostrado el pueblo japon\u00e9s frente a la adversidad.<\/p>\n<p>&nbsp;<\/p>\n","protected":false},"excerpt":{"rendered":"<p>Un a\u00f1o despu\u00e9s de la cat\u00e1strofe nuclear de Fukushima (Jap\u00f3n) la Uni\u00f3n Europea sigue dividida sobre el futuro y la seguridad de la controvertida energ\u00eda nuclear de la que muchos pa\u00edses se niegan a prescindir por motivos principalmente econ\u00f3micos.<\/p>\n","protected":false},"author":1,"featured_media":370321,"comment_status":"open","ping_status":"open","sticky":false,"template":"","format":"standard","meta":{"footnotes":""},"categories":[24],"tags":[744,633,680],"class_list":["post-370320","post","type-post","status-publish","format-standard","has-post-thumbnail","hentry","category-mundo","tag-japon","tag-nuclear","tag-terremoto"],"_links":{"self":[{"href":"https:\/\/diarioelpopular.com\/index.php\/wp-json\/wp\/v2\/posts\/370320","targetHints":{"allow":["GET"]}}],"collection":[{"href":"https:\/\/diarioelpopular.com\/index.php\/wp-json\/wp\/v2\/posts"}],"about":[{"href":"https:\/\/diarioelpopular.com\/index.php\/wp-json\/wp\/v2\/types\/post"}],"author":[{"embeddable":true,"href":"https:\/\/diarioelpopular.com\/index.php\/wp-json\/wp\/v2\/users\/1"}],"replies":[{"embeddable":true,"href":"https:\/\/diarioelpopular.com\/index.php\/wp-json\/wp\/v2\/comments?post=370320"}],"version-history":[{"count":0,"href":"https:\/\/diarioelpopular.com\/index.php\/wp-json\/wp\/v2\/posts\/370320\/revisions"}],"wp:featuredmedia":[{"embeddable":true,"href":"https:\/\/diarioelpopular.com\/index.php\/wp-json\/"}],"wp:attachment":[{"href":"https:\/\/diarioelpopular.com\/index.php\/wp-json\/wp\/v2\/media?parent=370320"}],"wp:term":[{"taxonomy":"category","embeddable":true,"href":"https:\/\/diarioelpopular.com\/index.php\/wp-json\/wp\/v2\/categories?post=370320"},{"taxonomy":"post_tag","embeddable":true,"href":"https:\/\/diarioelpopular.com\/index.php\/wp-json\/wp\/v2\/tags?post=370320"}],"curies":[{"name":"wp","href":"https:\/\/api.w.org\/{rel}","templated":true}]}}