{"id":370496,"date":"2012-03-11T22:55:41","date_gmt":"2012-03-12T02:55:41","guid":{"rendered":"http:\/\/diarioelpopular.com\/?p=370496"},"modified":"2012-03-11T22:55:41","modified_gmt":"2012-03-12T02:55:41","slug":"benedicto-xvi-define-la-violencia-como-un-instrumento-del-anticristo","status":"publish","type":"post","link":"https:\/\/diarioelpopular.com\/index.php\/2012\/03\/11\/benedicto-xvi-define-la-violencia-como-un-instrumento-del-anticristo\/","title":{"rendered":"Benedicto XVI define la violencia como &#8220;un instrumento del anticristo&#8221;"},"content":{"rendered":"<div id=\"attachment_370497\" style=\"width: 710px\" class=\"wp-caption aligncenter\"><a href=\"https:\/\/diarioelpopular.com\/wp-content\/uploads\/2012\/03\/ok.web_.papa_.jpg\"><img loading=\"lazy\" decoding=\"async\" aria-describedby=\"caption-attachment-370497\" class=\"size-full wp-image-370497\" title=\"ok.web.papa\" src=\"https:\/\/diarioelpopular.com\/wp-content\/uploads\/2012\/03\/ok.web_.papa_.jpg\" alt=\"\" width=\"700\" height=\"420\" \/><\/a><p id=\"caption-attachment-370497\" class=\"wp-caption-text\">CIUDAD DEL VATICANO.- El papa Benedicto XVI saluda durante el rezo del \u00c1ngelus dominical desde su balc\u00f3n en la plaza de San Pedro del Vaticano, este domingo.<\/p><\/div>\n<p><strong><em>Ciudad del Vaticano.-<\/em><\/strong> El papa Benedicto XVI defini\u00f3 este domingo la violencia como &#8220;un instrumento del anticristo&#8221;, totalmente contrario al Reino de Dios y que la humanidad no necesita, es m\u00e1s, que la deshumaniza.<\/p>\n<p>Durante el habitual rezo del \u00c1ngelus dominical desde su balc\u00f3n en la plaza de San Pedro del Vaticano, el pont\u00edfice record\u00f3 el episodio recogido en la Biblia sobre la expulsi\u00f3n de los mercaderes del templo de Jerusal\u00e9n por parte de Jes\u00fas, lo que, dijo, no se presta a posibles interpretaciones como un acto de violencia.<\/p>\n<p>&#8220;En realidad, es imposible interpretar a Jes\u00fas como un violento: la violencia es contraria al Reino de Dios, es un instrumento del anticristo. La violencia nunca es necesaria para la humanidad, sino que la deshumaniza&#8221;, afirm\u00f3 Benedicto XVI.<\/p>\n<p>&#8220;La devoci\u00f3n al Padre y a su casa le llevar\u00e1 (a Jes\u00fas) hasta la cruz: el suyo es el celo del amor que paga en persona, no aquel que querr\u00eda servir a Dios mediante la violencia. De hecho, el &#8216;signo&#8217; que Jes\u00fas dar\u00e1 como prueba de su autoridad ser\u00e1 precisamente su muerte y resurrecci\u00f3n&#8221;, agreg\u00f3.<\/p>\n<p>En una soleada ma\u00f1ana en la Ciudad del Vaticano, el papa lanz\u00f3 tambi\u00e9n un mensaje de cercan\u00eda con la poblaci\u00f3n de Madagascar, donde al menos 65 personas han perdido la vida por el paso de la tormenta tropical &#8220;Irina&#8221; la semana pasada.<\/p>\n<p>&#8220;Mi pensamiento va en primer lugar a la querida poblaci\u00f3n de Madagascar que recientemente ha sido golpeada por violentas calamidades naturales, con graves da\u00f1os a las personas, a las estructuras y a los cultivos&#8221;, indic\u00f3 Benedicto XVI.<\/p>\n<p>&#8220;Mientras aseguro mi rezo por las v\u00edctimas y por sus familias en gran medida afectadas emocionalmente -agreg\u00f3-, deseo y animo a que se efect\u00fae una generosa asistencia (a los afectados) por parte de la comunidad internacional&#8221;.<\/p>\n<p>Ya en espa\u00f1ol, el papa se dirigi\u00f3 a los peregrinos de esta lengua presentes hoy en San Pedro del Vaticano, en particular los fieles procedentes de las provincias espa\u00f1olas de Murcia, Alicante y Sevilla.<\/p>\n<p>&#8220;En este tercer domingo de Cuaresma, el Evangelio nos presenta a Jes\u00fas que sube a Jerusal\u00e9n y, movido por el celo hacia las cosas de su Padre, expulsa a los mercaderes del templo. Asimismo declara que \u00e9l es el nuevo templo, morada definitiva de Dios entre los hombres&#8221;, coment\u00f3.<\/p>\n<p>&#8220;En Cristo somos llamados a ofrecer un culto aut\u00e9ntico, vital, en esp\u00edritu y verdad, y a presentar nuestros cuerpos como templos del Dios vivo, sabiendo renunciar a las obras del mal. Encomendemos a la Sant\u00edsima Virgen Mar\u00eda estos prop\u00f3sitos&#8221;, prosigui\u00f3.<\/p>\n<p>En esta ocasi\u00f3n, el pont\u00edfice tambi\u00e9n pronunci\u00f3 unas palabras en portugu\u00e9s para los peregrinos de esa lengua que estos d\u00edas han llegado al Vaticano por la peregrinaci\u00f3n de la Cuaresma.<\/p>\n<p>&nbsp;<\/p>\n","protected":false},"excerpt":{"rendered":"<p>El papa Benedicto XVI defini\u00f3 este domingo la violencia como &#8220;un instrumento del anticristo&#8221;, totalmente contrario al Reino de Dios y que la humanidad no necesita, es m\u00e1s, que la deshumaniza.<\/p>\n","protected":false},"author":1,"featured_media":370497,"comment_status":"open","ping_status":"open","sticky":false,"template":"","format":"standard","meta":{"footnotes":""},"categories":[24],"tags":[2509,61,419],"class_list":["post-370496","post","type-post","status-publish","format-standard","has-post-thumbnail","hentry","category-mundo","tag-cuaresma","tag-papa","tag-vaticano"],"_links":{"self":[{"href":"https:\/\/diarioelpopular.com\/index.php\/wp-json\/wp\/v2\/posts\/370496","targetHints":{"allow":["GET"]}}],"collection":[{"href":"https:\/\/diarioelpopular.com\/index.php\/wp-json\/wp\/v2\/posts"}],"about":[{"href":"https:\/\/diarioelpopular.com\/index.php\/wp-json\/wp\/v2\/types\/post"}],"author":[{"embeddable":true,"href":"https:\/\/diarioelpopular.com\/index.php\/wp-json\/wp\/v2\/users\/1"}],"replies":[{"embeddable":true,"href":"https:\/\/diarioelpopular.com\/index.php\/wp-json\/wp\/v2\/comments?post=370496"}],"version-history":[{"count":0,"href":"https:\/\/diarioelpopular.com\/index.php\/wp-json\/wp\/v2\/posts\/370496\/revisions"}],"wp:featuredmedia":[{"embeddable":true,"href":"https:\/\/diarioelpopular.com\/index.php\/wp-json\/"}],"wp:attachment":[{"href":"https:\/\/diarioelpopular.com\/index.php\/wp-json\/wp\/v2\/media?parent=370496"}],"wp:term":[{"taxonomy":"category","embeddable":true,"href":"https:\/\/diarioelpopular.com\/index.php\/wp-json\/wp\/v2\/categories?post=370496"},{"taxonomy":"post_tag","embeddable":true,"href":"https:\/\/diarioelpopular.com\/index.php\/wp-json\/wp\/v2\/tags?post=370496"}],"curies":[{"name":"wp","href":"https:\/\/api.w.org\/{rel}","templated":true}]}}