{"id":370506,"date":"2012-03-11T22:54:29","date_gmt":"2012-03-12T02:54:29","guid":{"rendered":"http:\/\/diarioelpopular.com\/?p=370506"},"modified":"2012-03-11T22:54:29","modified_gmt":"2012-03-12T02:54:29","slug":"foro-mundial-del-agua-abre-su-vi-edicion-en-busca-de-soluciones","status":"publish","type":"post","link":"https:\/\/diarioelpopular.com\/index.php\/2012\/03\/11\/foro-mundial-del-agua-abre-su-vi-edicion-en-busca-de-soluciones\/","title":{"rendered":"Foro Mundial del Agua abre su VI edici\u00f3n en busca de soluciones"},"content":{"rendered":"<div id=\"attachment_370507\" style=\"width: 710px\" class=\"wp-caption aligncenter\"><a href=\"https:\/\/diarioelpopular.com\/wp-content\/uploads\/2012\/03\/ok.web_.foro-agua.jpg\"><img loading=\"lazy\" decoding=\"async\" aria-describedby=\"caption-attachment-370507\" class=\"size-full wp-image-370507\" title=\"ok.web.foro agua\" src=\"https:\/\/diarioelpopular.com\/wp-content\/uploads\/2012\/03\/ok.web_.foro-agua.jpg\" alt=\"\" width=\"700\" height=\"420\" \/><\/a><p id=\"caption-attachment-370507\" class=\"wp-caption-text\">El foro se completa con numerosas actividades en paralelo, como espacios para la sensibilizaci\u00f3n de la sociedad civil, una feria con pabellones de diferentes naciones o el llamado &quot;poblado de las soluciones&quot;, que exhibir\u00e1 medidas que se han aplicado con \u00e9xito en distintas partes del mundo.<\/p><\/div>\n<p>Par\u00eds.- El Foro Mundial del Agua abre este lunes, en la ciudad francesa de Marsella su sexta edici\u00f3n en la que se trata de buscar soluciones para una gesti\u00f3n eficaz de ese recurso y el compromiso de todos los actores para la mejora de su acceso y saneamiento.<\/p>\n<p>Este encuentro, de car\u00e1cter trienal, toma el relevo al celebrado en marzo de 2009 en Estambul, donde qued\u00f3 patente la falta de consenso de los pa\u00edses a la hora de comprometerse a garantizar el acceso al agua como un derecho b\u00e1sico de los individuos, reconocido posteriormente como tal en la Asamblea General de la ONU un a\u00f1o despu\u00e9s.<\/p>\n<p>El foro turco se articul\u00f3 en torno al lema &#8220;Conciliar las divisiones por el agua&#8221; y en esta ocasi\u00f3n se ha apostado por &#8220;La hora de las soluciones&#8221;, en relaci\u00f3n con la b\u00fasqueda y el intercambio de propuestas viables en t\u00e9rminos financieros, gubernamentales, sociales, jur\u00eddicas o medioambientales.<\/p>\n<p>Para responder a los desaf\u00edos mundiales que se presentan sobre este recurso se han establecido doce prioridades centradas en la garant\u00eda del bienestar de todos, la contribuci\u00f3n al desarrollo econ\u00f3mico y el mantenimiento del planeta, seg\u00fan se indica en el programa del encuentro.<\/p>\n<p>Dentro del marco estrat\u00e9gico de acci\u00f3n se han fijado adem\u00e1s tres &#8220;condiciones de \u00e9xito&#8221;, que seg\u00fan el programa pasan por la buena gobernanza, una financiaci\u00f3n del agua para todos y la creaci\u00f3n de condiciones favorables para su puesta en pr\u00e1ctica.<\/p>\n<p>En l\u00ednea con las ediciones de Marraquech (1997), La Haya (2000), Kioto (2003), Ciudad de M\u00e9xico (2006) y Estambul (2009), el foro servir\u00e1 de punto de encuentro para jefes de Estado y de Gobierno, ministros, funcionarios internacionales, representantes locales, regionales, de los sectores p\u00fablicos y privados y de ONG.<\/p>\n<p><a href=\"https:\/\/diarioelpopular.com\/wp-content\/uploads\/2012\/03\/ok.web_.2.foro-agua.jpg\"><img loading=\"lazy\" decoding=\"async\" class=\"alignleft size-medium wp-image-370508\" title=\"ok.web.2.foro agua\" src=\"https:\/\/diarioelpopular.com\/wp-content\/uploads\/2012\/03\/ok.web_.2.foro-agua-300x224.jpg\" alt=\"\" width=\"300\" height=\"224\" \/><\/a>Se espera as\u00ed la llegada de 140 delegaciones ministeriales y de m\u00e1s de 80 ministros, 800 ponentes, 25.000 participantes de unos 180 pa\u00edses en total y unas 600 organizaciones, cuyo tiempo estar\u00e1 dividido en cerca de 250 conferencias y m\u00e1s de 400 horas de intercambio y debates.<\/p>\n<p>El punto culminante del foro en t\u00e9rminos pol\u00edticos lo constituir\u00e1 la reuni\u00f3n de ministros del martes, que tras la celebraci\u00f3n de las correspondientes mesas redondas de alto nivel adoptar\u00e1n una declaraci\u00f3n no vinculante.<\/p>\n<p>El director ejecutivo del comit\u00e9 internacional de este sexto foro, Jean-Marc Lacave, explic\u00f3 el pasado febrero durante la presentaci\u00f3n de esta cita en Par\u00eds que, aunque ese documento carece de obligatoriedad, su cumplimiento voluntario revierte en la mejora de las pol\u00edticas p\u00fablicas de los respectivos pa\u00edses.<\/p>\n<p>El foro se completa con numerosas actividades en paralelo, como espacios para la sensibilizaci\u00f3n de la sociedad civil, una feria con pabellones de diferentes naciones o el llamado &#8220;poblado de las soluciones&#8221;, que exhibir\u00e1 medidas que se han aplicado con \u00e9xito en distintas partes del mundo.<\/p>\n<p>La inauguraci\u00f3n del encuentro correr\u00e1 a cargo del presidente franc\u00e9s, Nicolas Sarkozy, a quien se sumar\u00e1n lo largo de la semana el presidente de la Comisi\u00f3n Europea, Jos\u00e9 Manuel Durao Barroso; el secretario general de la OCDE, Angel Gurr\u00eda, o la directora general de la UNESCO, Irina Bokova.<\/p>\n<p>Entre las personalidades esperadas figuran tambi\u00e9n el rey Mohamed VI de Marruecos los pr\u00edncipes herederos Naruhito de Jap\u00f3n y Guillermo de Holanda, y el expresidente de la Uni\u00f3n Sovi\u00e9tica Mija\u00edl Gorbachov.<\/p>\n<p>&nbsp;<\/p>\n","protected":false},"excerpt":{"rendered":"<p>El Foro Mundial del Agua abre este lunes, en la ciudad francesa de Marsella su sexta edici\u00f3n en la que se trata de buscar soluciones para una gesti\u00f3n eficaz de ese recurso y el compromiso de todos los actores para la mejora de su acceso y saneamiento.<\/p>\n","protected":false},"author":1,"featured_media":370507,"comment_status":"open","ping_status":"open","sticky":false,"template":"","format":"standard","meta":{"footnotes":""},"categories":[24],"tags":[1153,1208],"class_list":["post-370506","post","type-post","status-publish","format-standard","has-post-thumbnail","hentry","category-mundo","tag-agua","tag-foro"],"_links":{"self":[{"href":"https:\/\/diarioelpopular.com\/index.php\/wp-json\/wp\/v2\/posts\/370506","targetHints":{"allow":["GET"]}}],"collection":[{"href":"https:\/\/diarioelpopular.com\/index.php\/wp-json\/wp\/v2\/posts"}],"about":[{"href":"https:\/\/diarioelpopular.com\/index.php\/wp-json\/wp\/v2\/types\/post"}],"author":[{"embeddable":true,"href":"https:\/\/diarioelpopular.com\/index.php\/wp-json\/wp\/v2\/users\/1"}],"replies":[{"embeddable":true,"href":"https:\/\/diarioelpopular.com\/index.php\/wp-json\/wp\/v2\/comments?post=370506"}],"version-history":[{"count":0,"href":"https:\/\/diarioelpopular.com\/index.php\/wp-json\/wp\/v2\/posts\/370506\/revisions"}],"wp:featuredmedia":[{"embeddable":true,"href":"https:\/\/diarioelpopular.com\/index.php\/wp-json\/"}],"wp:attachment":[{"href":"https:\/\/diarioelpopular.com\/index.php\/wp-json\/wp\/v2\/media?parent=370506"}],"wp:term":[{"taxonomy":"category","embeddable":true,"href":"https:\/\/diarioelpopular.com\/index.php\/wp-json\/wp\/v2\/categories?post=370506"},{"taxonomy":"post_tag","embeddable":true,"href":"https:\/\/diarioelpopular.com\/index.php\/wp-json\/wp\/v2\/tags?post=370506"}],"curies":[{"name":"wp","href":"https:\/\/api.w.org\/{rel}","templated":true}]}}