{"id":370692,"date":"2012-03-12T23:57:23","date_gmt":"2012-03-13T03:57:23","guid":{"rendered":"http:\/\/diarioelpopular.com\/?p=370692"},"modified":"2012-03-12T23:57:23","modified_gmt":"2012-03-13T03:57:23","slug":"teixeira-abandona-presidencia-de-la-cbf-y-el-comite-organizador-del-mundial","status":"publish","type":"post","link":"https:\/\/diarioelpopular.com\/index.php\/2012\/03\/12\/teixeira-abandona-presidencia-de-la-cbf-y-el-comite-organizador-del-mundial\/","title":{"rendered":"Teixeira abandona presidencia de la CBF y el comit\u00e9 organizador del Mundial"},"content":{"rendered":"<p>&nbsp;<\/p>\n<div id=\"attachment_370693\" style=\"width: 810px\" class=\"wp-caption aligncenter\"><a href=\"https:\/\/diarioelpopular.com\/wp-content\/uploads\/2012\/03\/ok.web_.teixeira.jpg\"><img loading=\"lazy\" decoding=\"async\" aria-describedby=\"caption-attachment-370693\" class=\"size-full wp-image-370693\" title=\"ok.web.teixeira\" src=\"https:\/\/diarioelpopular.com\/wp-content\/uploads\/2012\/03\/ok.web_.teixeira.jpg\" alt=\"\" width=\"800\" height=\"521\" \/><\/a><p id=\"caption-attachment-370693\" class=\"wp-caption-text\">Fotograf\u00eda de archivo que muestra al presidente de la Confederaci\u00f3n Brasile\u00f1a de F\u00fatbol (CBF), Ricardo Teixeira, hablando en una rueda de prensa en Johannesburgo (Sud\u00e1frica). Teixeira renunci\u00f3 a su cargo y a la jefatura del Comit\u00e9 Organizador Local (COL) del Mundial de 2014 este lunes 12.<\/p><\/div>\n<p><strong><em>R\u00edo de Janeiro, (EFE).-<\/em><\/strong> El presidente de la Confederaci\u00f3n Brasile\u00f1a de F\u00fatbol (CBF), Ricardo Teixeira, renunci\u00f3 este lunes a su cargo y a la jefatura del Comit\u00e9 Organizador Local (COL) del Mundial de 2014, anunci\u00f3 el vicepresidente del organismo, Jos\u00e9 Mar\u00eda Mar\u00edn.<\/p>\n<p>En una rueda de prensa en la sede de la CBF, Mar\u00edn, quien ser\u00e1 su sucesor, ley\u00f3 una carta de Teixeira en la que el dirigente informa de que se aparta &#8220;definitivamente&#8221; de la presidencia del organismo, cargo que desempe\u00f1aba desde hac\u00eda 23 a\u00f1os.<\/p>\n<p>&#8220;Dejo definitivamente la presidencia de la CBF con la sensaci\u00f3n del deber cumplido&#8221;, dijo Teixeira, de 64 a\u00f1os, en la misiva.<\/p>\n<p>Teixeira enfrentaba desde hace varios meses una situaci\u00f3n dif\u00edcil por las cr\u00edticas de distintos sectores a la forma como manejaba la CBF y tambi\u00e9n ten\u00eda diferencias con el gobierno de la presidenta Dilma Rousseff, con el que el COL tiene que tratar asuntos relacionados con la organizaci\u00f3n del Mundial de 2014.<\/p>\n<p>&#8220;Presidir pasiones no es una tarea f\u00e1cil. F\u00fatbol en nuestro pa\u00eds est\u00e1 asociado a dos im\u00e1genes: talento y desorganizaci\u00f3n. Cuando ganamos, exaltan el talento. Cuando perdemos, la desorganizaci\u00f3n. Hice lo que estaba a mi alcance. Renunci\u00e9 a la salud. Fui criticado en las derrotas y subvalorizado en las victorias&#8221;, agrega el texto de la dimisi\u00f3n.<\/p>\n<p>Durante su extenso mandato, que comenz\u00f3 en 1989, la selecci\u00f3n brasile\u00f1a de f\u00fatbol conquist\u00f3 los mundiales de Estados Unidos&#8217;94 y Corea del Sur-Jap\u00f3n 2002.<\/p>\n<p>Quiz\u00e1 el proyecto en el f\u00fatbol que no alcanz\u00f3 fue llegar a la presidencia de la FIFA, como lo hizo su exsuegro, Joao Havelange, entre 1974 y 1998.<\/p>\n<p>De acuerdo con los estatutos de la CBF, Mar\u00edn, hasta ahora vicepresidente, pasa a ocupar el cargo vacante por ser el dirigente de mayor edad, 79 a\u00f1os.<\/p>\n<p>Asimismo, ingresar\u00e1 en el COL, entidad de la que los exfutbolistas y campeones mundiales Ronaldo y Bebeto tambi\u00e9n son miembros.<\/p>\n<p>La renuncia de Teixeira llega despu\u00e9s de que la semana pasada el dirigente anunciara que se apartaba provisionalmente de la presidencia de la CBF por motivos de salud y doce d\u00edas despu\u00e9s de que la Asamblea General de la CBF ratificara por unanimidad su permanencia en el cargo.<\/p>\n<p>La prensa brasile\u00f1a llevaba semanas especulando con la posibilidad de que el dirigente dejara el cargo debido al desgaste pol\u00edtico con el Gobierno y con la sociedad pues en las redes sociales se hab\u00eda creado un movimiento que ped\u00eda su renuncia por alegaciones de corrupci\u00f3n.<\/p>\n<p>Teixeira alega en su renuncia que se dedicar\u00e1 a cuidar de su salud ya estar con su familia.<\/p>\n<p>Los supuestos v\u00ednculos de las empresas de Teixeira con contratistas de la CBF que se han adjudicado contratos millonarios han sido aireadas casi que a diario por la prensa deportiva del pa\u00eds en las \u00faltimas semanas.<\/p>\n<p>En su nota, Teixeira agradeci\u00f3 a la afici\u00f3n brasile\u00f1a y record\u00f3 los t\u00edtulos conquistados por la selecci\u00f3n brasile\u00f1a desde su llegada a la CBF en 1989.<\/p>\n<p>Por su parte, Jos\u00e9 Mar\u00eda Mar\u00edn, el nuevo presidente de la instituci\u00f3n, quien fue jugador del Sao Paulo y gobernador del estado hom\u00f3nimo durante algunos meses en la d\u00e9cada de los 80, se comprometi\u00f3 a continuar con la l\u00ednea marcada por Teixeira en su prolongado mandato.<\/p>\n","protected":false},"excerpt":{"rendered":"<p>El presidente de la Confederaci\u00f3n Brasile\u00f1a de F\u00fatbol (CBF), Ricardo Teixeira, renunci\u00f3 este lunes a su cargo y a la jefatura del Comit\u00e9 Organizador Local (COL) del Mundial de 2014, anunci\u00f3 el vicepresidente del organismo, Jos\u00e9 Mar\u00eda Mar\u00edn.<\/p>\n","protected":false},"author":1,"featured_media":370693,"comment_status":"open","ping_status":"open","sticky":false,"template":"","format":"standard","meta":{"footnotes":""},"categories":[28],"tags":[478,179,2512],"class_list":["post-370692","post","type-post","status-publish","format-standard","has-post-thumbnail","hentry","category-deportes","tag-brasil","tag-futbol-2","tag-teixeira"],"_links":{"self":[{"href":"https:\/\/diarioelpopular.com\/index.php\/wp-json\/wp\/v2\/posts\/370692","targetHints":{"allow":["GET"]}}],"collection":[{"href":"https:\/\/diarioelpopular.com\/index.php\/wp-json\/wp\/v2\/posts"}],"about":[{"href":"https:\/\/diarioelpopular.com\/index.php\/wp-json\/wp\/v2\/types\/post"}],"author":[{"embeddable":true,"href":"https:\/\/diarioelpopular.com\/index.php\/wp-json\/wp\/v2\/users\/1"}],"replies":[{"embeddable":true,"href":"https:\/\/diarioelpopular.com\/index.php\/wp-json\/wp\/v2\/comments?post=370692"}],"version-history":[{"count":0,"href":"https:\/\/diarioelpopular.com\/index.php\/wp-json\/wp\/v2\/posts\/370692\/revisions"}],"wp:featuredmedia":[{"embeddable":true,"href":"https:\/\/diarioelpopular.com\/index.php\/wp-json\/"}],"wp:attachment":[{"href":"https:\/\/diarioelpopular.com\/index.php\/wp-json\/wp\/v2\/media?parent=370692"}],"wp:term":[{"taxonomy":"category","embeddable":true,"href":"https:\/\/diarioelpopular.com\/index.php\/wp-json\/wp\/v2\/categories?post=370692"},{"taxonomy":"post_tag","embeddable":true,"href":"https:\/\/diarioelpopular.com\/index.php\/wp-json\/wp\/v2\/tags?post=370692"}],"curies":[{"name":"wp","href":"https:\/\/api.w.org\/{rel}","templated":true}]}}